{"id":4517,"date":"2011-09-15T10:49:45","date_gmt":"2011-09-15T08:49:45","guid":{"rendered":"http:\/\/www.unionbelge.be\/?p=4517"},"modified":"2016-11-20T23:51:14","modified_gmt":"2016-11-20T22:51:14","slug":"la-particratie-abandonne-bhv-aux-nationalistes-flamands-particratie-geeft-bhv-weg-aan-vlaams-nationalisten","status":"publish","type":"post","link":"https:\/\/www.unionbelge.be\/?p=4517","title":{"rendered":"LA PARTICRATIE ABANDONNE BHV AUX NATIONALISTES FLAMANDS &#8211; PARTICRATIE GEEFT BHV WEG AAN VLAAMS-NATIONALISTEN"},"content":{"rendered":"<p><strong>LA SCISSION DE BHV EST UNE HONTE<\/strong><\/p>\n<p><strong>Mercredi 14 septembre 2011 fut un jour noir dans l&#8217;histoire de la Belgique. De nouveau, la particratie a fait des consessions inacceptables aux nationalistes flamands, comme la scission de la seule circonscription \u00e9lectorale bilingue du pays et la destruction du S\u00e9nat. De nouveau, la particratie a trahi la Belgique et les Belges.<br \/>\n<\/strong><\/p>\n<p>De plus, aucune mesure en faveur des unitaristes n&#8217;a \u00e9t\u00e9 prise: pas de circonscription \u00e9lectorale f\u00e9d\u00e9rale, pas de r\u00e9unification du Brabant et certainement pas un de d\u00e9but de suppression du syst\u00e8me d&#8217;apartheid linguistique, bien au contraire !<\/p>\n<p>Le B.U.B. rappelle que le f\u00e9d\u00e9ralisme linguistique est un syst\u00e8me complexe, inefficace, tr\u00e8s co\u00fbteux (10 milliards d&#8217;euros par an!), discriminatoire, anti-d\u00e9mocratique et d\u00e9stabilisant par sa bipolarit\u00e9 de fait. La sixi\u00e8me r\u00e9forme de l&#8217;Etat que les n\u00e9gociateurs pr\u00e9parent ne va qu&#8217;empirer la situation de la Belgique et des Belges. Ces derniers n&#8217;ont donc malheureusement aucune raison de se r\u00e9jouir de cet accord particratique et nationaliste.<\/p>\n<p><strong>Cet accord est une nouvelle honte pour la particratie nationaliste et une victoire importante pour les s\u00e9paratistes.<\/strong><\/p>\n<p>&nbsp;<\/p>\n<p><strong>BHV SPLITSEN IS EEN SCHANDE<\/strong><\/p>\n<p><strong>Woensdag 14 september 2011 was een zwarte dag voor Belgi\u00eb. Opnieuw heeft de particratie onaanvaardbare toegevingen aan de Vlaams-nationalisten gedaan, zoals de splitsing van het enige tweetalige kiesarrondissement van het land en de vernietiging van de Senaat. Opnieuw heeft de particratie Belgi\u00eb en de Belgen verraden.<br \/>\n<\/strong><\/p>\n<p>Bovendien werd geen enkele maatregel in het voordeel van de unitaristen genomen: geen federale kieskring, geen hereniging van Brabant en zeker geen begin van afschaffing van het taalapartheidssysteem, wel integendeel !<\/p>\n<p>De B.U.B. herinnert eraan dat het taalfederalisme een complex, ineffici\u00ebnt, zeer duur (10 miljard euro per jaar !), discriminerend, ondemocratisch en wegens zijn feitelijke bipolariteit destabiliserend systeem is. De zesde staatshervorming die de onderhandelaars voorbereiden gaat de toestand van Belgi\u00eb en de Belgen alleen maar verergeren. Deze laatste hebben dan ook geen enkele reden om blij te zijn met dit particratisch en nationalistisch akkoord.<\/p>\n<p><strong>Dit akkoord is een nieuwe schande voor de nationalistische particratie en een belangrijke overwinning voor de separatisten.<\/strong><\/p>\n","protected":false},"excerpt":{"rendered":"<p>Mercredi 14 septembre 2011 fut un jour noir dans l&#8217;histoire de la Belgique. De nouveau, la particratie a fait des consessions inacceptables aux nationalistes flamands, comme la scission de la seule circonscription \u00e9lectorale bilingue du pays et la destruction du S\u00e9nat. <\/p>\n<p>Woensdag 14 september 2011 was een zwarte dag voor Belgi\u00eb. Opnieuw heeft de particratie onaanvaardbare toegevingen aan de Vlaams-nationalisten gedaan, zoals de splitsing van het enige tweetalige kiesarrondissement van het land en de vernietiging van de Senaat.<\/p>\n","protected":false},"author":2,"featured_media":0,"comment_status":"closed","ping_status":"open","sticky":false,"template":"","format":"standard","meta":{"ngg_post_thumbnail":0,"jetpack_post_was_ever_published":false,"_jetpack_newsletter_access":"","_jetpack_dont_email_post_to_subs":true,"_jetpack_newsletter_tier_id":0,"_jetpack_memberships_contains_paywalled_content":false,"powered_cache_disable_cache":false,"_jetpack_memberships_contains_paid_content":false,"footnotes":"","jetpack_publicize_message":"","jetpack_publicize_feature_enabled":true,"jetpack_social_post_already_shared":false,"jetpack_social_options":{"image_generator_settings":{"template":"highway","default_image_id":0,"font":"","enabled":false},"version":2}},"categories":[1],"tags":[],"class_list":["post-4517","post","type-post","status-publish","format-standard","hentry","category-news0"],"jetpack_publicize_connections":[],"jetpack_featured_media_url":"","jetpack_sharing_enabled":true,"jetpack_shortlink":"https:\/\/wp.me\/p6Y7u0-1aR","jetpack_likes_enabled":false,"_links":{"self":[{"href":"https:\/\/www.unionbelge.be\/index.php?rest_route=\/wp\/v2\/posts\/4517","targetHints":{"allow":["GET"]}}],"collection":[{"href":"https:\/\/www.unionbelge.be\/index.php?rest_route=\/wp\/v2\/posts"}],"about":[{"href":"https:\/\/www.unionbelge.be\/index.php?rest_route=\/wp\/v2\/types\/post"}],"author":[{"embeddable":true,"href":"https:\/\/www.unionbelge.be\/index.php?rest_route=\/wp\/v2\/users\/2"}],"replies":[{"embeddable":true,"href":"https:\/\/www.unionbelge.be\/index.php?rest_route=%2Fwp%2Fv2%2Fcomments&post=4517"}],"version-history":[{"count":8,"href":"https:\/\/www.unionbelge.be\/index.php?rest_route=\/wp\/v2\/posts\/4517\/revisions"}],"predecessor-version":[{"id":11389,"href":"https:\/\/www.unionbelge.be\/index.php?rest_route=\/wp\/v2\/posts\/4517\/revisions\/11389"}],"wp:attachment":[{"href":"https:\/\/www.unionbelge.be\/index.php?rest_route=%2Fwp%2Fv2%2Fmedia&parent=4517"}],"wp:term":[{"taxonomy":"category","embeddable":true,"href":"https:\/\/www.unionbelge.be\/index.php?rest_route=%2Fwp%2Fv2%2Fcategories&post=4517"},{"taxonomy":"post_tag","embeddable":true,"href":"https:\/\/www.unionbelge.be\/index.php?rest_route=%2Fwp%2Fv2%2Ftags&post=4517"}],"curies":[{"name":"wp","href":"https:\/\/api.w.org\/{rel}","templated":true}]}}