{"id":4504,"date":"2011-09-14T10:19:17","date_gmt":"2011-09-14T08:19:17","guid":{"rendered":"http:\/\/www.unionbelge.be\/?p=4504"},"modified":"2016-11-16T16:46:53","modified_gmt":"2016-11-16T15:46:53","slug":"particratie-rot-op-particratie-foutez-le-camp","status":"publish","type":"post","link":"https:\/\/www.unionbelge.be\/?p=4504","title":{"rendered":"PARTICRATIE, ROT OP ! &#8211; PARTICRATIE, FOUS LE CAMP !"},"content":{"rendered":"<p>&nbsp;<\/p>\n<p><strong>NIEUWE DIMENSIE VOOR BELGIE<\/strong><\/p>\n<p><strong>Voor de zoveelste keer zijn de politieke onderhandelingen vastgelopen. De Koning der Belgen moet ook voor de zoveelste maal de falende politici ter hulp snellen. Voor de B.U.B. is de toestand duidelijk: <span style=\"text-decoration: underline;\">deze nationalistische particratie kan Belgi\u00eb niet meer besturen en moet opstappen<\/span>. <\/strong><\/p>\n<p>Belgi\u00eb moet terug in handen komen van de Belgische burgers. Dat kan via verkiezingen door te stemmen op de tweetalige lijst BELG-UNIE, door een volksraadpleging over de staatsvorm (unitarisme, federalisme of confederalisme) met voorafgaandelijke gelijke mediatoegang voor elke ideologische strekking of door een revolutie. Dit zijn de enige uitwegen uit dit kluwen dat de welvaart van ons prachtig land Belgi\u00eb bedreigt !<\/p>\n<p><strong><span style=\"text-decoration: underline;\">Laten we samen Belgi\u00eb een nieuwe unitaire en moderne dimensie geven voor onze welvaart en die van onze kinderen.<\/span> Als de Belgen erin geloven is alles mogelijk.<br \/>\n<\/strong><\/p>\n<p>&nbsp;<\/p>\n<p><strong>NOUVELLE DIMENSION POUR LA BELGIQUE<\/strong><\/p>\n<p><strong>Pour la n-i\u00e8me fois, les n\u00e9gociations politiques se trouvent bloqu\u00e9es. Le Roi des Belges doit aussi pour la n-i\u00e8me fois venir au secours des politiciens incomp\u00e9tents. Pour le B.U.B., la situation est claire: <span style=\"text-decoration: underline;\">cette particratie nationaliste n&#8217;est plus en mesure de diriger la Belgique et doit partir.<\/span><\/strong><\/p>\n<p>La Belgique doit \u00eatre restitu\u00e9e aux citoyens belges. Cela peut se faire par les urnes en votant pour la liste bilingue de BELG-UNIE, par une consultation populaire sur la forme \u00e9tatique (l&#8217;unitarisme, le f\u00e9d\u00e9ralisme ou le conf\u00e9d\u00e9ralisme) avec un acc\u00e8s pr\u00e9alable et \u00e9gal au profit de chaque courant id\u00e9ologique ou par une r\u00e9volution. Ce sont les seules issues de cet imbroglio qui menace la prosp\u00e9rit\u00e9 de notre magnifique pays qu&#8217;est la Belgique !<\/p>\n<p><strong><span style=\"text-decoration: underline;\">Donnons ensemble \u00e0 la Belgique une nouvelle dimension unitaire et moderne pour notre bien-\u00eatre et celui de nos enfants.<\/span> Si les Belges y croient, tout est possible.<\/strong><\/p>\n","protected":false},"excerpt":{"rendered":"<p>Voor de zoveelste keer zijn de politieke onderhandelingen vastgelopen. De Koning der Belgen moet ook voor de zoveelste maal de falende politici ter hulp snellen. Voor de B.U.B. is de toestand duidelijk: deze nationalistische particratie kan Belgi\u00eb niet meer besturen en moet opstappen. <\/p>\n<p>Pour la n-i\u00e8me fois, les n\u00e9gociations politiques se trouvent bloqu\u00e9es. Le Roi des Belges doit aussi pour la n-i\u00e8me fois venir au secours des politiciens incomp\u00e9tents. Pour le B.U.B., la situation est claire: cette particratie nationaliste n&#8217;est plus en mesure de diriger la Belgique et doit partir.<\/p>\n","protected":false},"author":2,"featured_media":0,"comment_status":"closed","ping_status":"open","sticky":false,"template":"","format":"standard","meta":{"ngg_post_thumbnail":0,"jetpack_post_was_ever_published":false,"_jetpack_newsletter_access":"","_jetpack_dont_email_post_to_subs":true,"_jetpack_newsletter_tier_id":0,"_jetpack_memberships_contains_paywalled_content":false,"powered_cache_disable_cache":false,"_jetpack_memberships_contains_paid_content":false,"footnotes":"","jetpack_publicize_message":"","jetpack_publicize_feature_enabled":true,"jetpack_social_post_already_shared":false,"jetpack_social_options":{"image_generator_settings":{"template":"highway","default_image_id":0,"font":"","enabled":false},"version":2}},"categories":[1],"tags":[],"class_list":["post-4504","post","type-post","status-publish","format-standard","hentry","category-news0"],"jetpack_publicize_connections":[],"jetpack_featured_media_url":"","jetpack_sharing_enabled":true,"jetpack_shortlink":"https:\/\/wp.me\/p6Y7u0-1aE","jetpack_likes_enabled":false,"_links":{"self":[{"href":"https:\/\/www.unionbelge.be\/index.php?rest_route=\/wp\/v2\/posts\/4504","targetHints":{"allow":["GET"]}}],"collection":[{"href":"https:\/\/www.unionbelge.be\/index.php?rest_route=\/wp\/v2\/posts"}],"about":[{"href":"https:\/\/www.unionbelge.be\/index.php?rest_route=\/wp\/v2\/types\/post"}],"author":[{"embeddable":true,"href":"https:\/\/www.unionbelge.be\/index.php?rest_route=\/wp\/v2\/users\/2"}],"replies":[{"embeddable":true,"href":"https:\/\/www.unionbelge.be\/index.php?rest_route=%2Fwp%2Fv2%2Fcomments&post=4504"}],"version-history":[{"count":11,"href":"https:\/\/www.unionbelge.be\/index.php?rest_route=\/wp\/v2\/posts\/4504\/revisions"}],"predecessor-version":[{"id":11113,"href":"https:\/\/www.unionbelge.be\/index.php?rest_route=\/wp\/v2\/posts\/4504\/revisions\/11113"}],"wp:attachment":[{"href":"https:\/\/www.unionbelge.be\/index.php?rest_route=%2Fwp%2Fv2%2Fmedia&parent=4504"}],"wp:term":[{"taxonomy":"category","embeddable":true,"href":"https:\/\/www.unionbelge.be\/index.php?rest_route=%2Fwp%2Fv2%2Fcategories&post=4504"},{"taxonomy":"post_tag","embeddable":true,"href":"https:\/\/www.unionbelge.be\/index.php?rest_route=%2Fwp%2Fv2%2Ftags&post=4504"}],"curies":[{"name":"wp","href":"https:\/\/api.w.org\/{rel}","templated":true}]}}