{"id":4475,"date":"2011-09-11T21:30:02","date_gmt":"2011-09-11T19:30:02","guid":{"rendered":"http:\/\/www.unionbelge.be\/?p=4475"},"modified":"2016-11-16T16:48:18","modified_gmt":"2016-11-16T15:48:18","slug":"wemmel-is-niet-vlaams-wemmel-nest-pas-flamand","status":"publish","type":"post","link":"https:\/\/www.unionbelge.be\/?p=4475","title":{"rendered":"WEMMEL IS NIET VLAAMS &#8211; WEMMEL N&#8217;EST PAS FLAMAND"},"content":{"rendered":"<p><strong>WEMMEL IS EEN BRABANTSE GEMEENTE !<\/strong><\/p>\n<p><strong>De Brabantse faciliteitengemeente Wemmel doet niet mee aan de Open Monumentendag van 18 september 2011 omdat ze die te flamingantisch vindt. De B.U.B. kan de gemeente alleen maar gelijk geven.<\/strong><\/p>\n<p>De Open Monumentendag is op zich natuurlijk zeer interessant en nuttig omdat Belgi\u00eb vele historische monumenten kent. Het is bovendien goed dat de monumenten gedurende twee weekeinds kunnen bezocht worden: eerst in het zuiden van Belgi\u00eb, dan in het noorden en het centrum.<\/p>\n<p>Maar natuurlijk misbruikte de flamingantische overheid deze Monumentendag van het zogenaamde &#8220;Vlaanderen&#8221; om haar separatistische idee\u00ebn in de verf te zetten. Dat kan natuurlijk niet in Brabant, dat historisch gezien niets met Vlaanderen te maken heeft en altijd tweetalig is geweest. Het is dan ook een goede zaak dat de Brabantse gemeente Wemmel beslist heeft voorlopig niet meer aan deze\u00a0opendeurdagen deel te nemen.<\/p>\n<p>Voor de toekomst stelt de B.U.B. voor de Open Monumentendagen per provincie te organiseren waarbij tijdens drie weekeinds in september telkens drie provincies hun monumenten voor het publiek openen zonder enige nationalistische recuperatie.<\/p>\n<p><strong>WEMMEL EST UNE COMMUNE BRABANCONNE !<\/strong><\/p>\n<p><strong>La commune \u00e0 facilit\u00e9s braban\u00e7onne de Wemmel ne partipera pas \u00e0 la\u00a0Journ\u00e9e du Patrimoine du 18 septembre 2011 parce qu&#8217;elle trouve l&#8217;activit\u00e9 trop flamingante. Le B.U.B. ne peut que donner raison \u00e0 la commune. <\/strong><\/p>\n<p>Les journ\u00e9es du Patrimoine sont \u00e9videmment int\u00e9ressantes et utiles puisque la Belgique compte bon nombre de monuments historiques. Il est en outre une bonne chose que les monuments puissent \u00eatre visit\u00e9s durant deux weekends: d&#8217;abord dans le sud de la Belgique et ensuite dans le nord et au centre.<\/p>\n<p>Mais, bien \u00e9videmment, l&#8217;autorit\u00e9 flamingante abuse des Journ\u00e9es du Patrimoine pour mettre en \u00e9vidence ses id\u00e9es s\u00e9paratistes. C&#8217;est bien s\u00fbr absurde dans le Brabant qui historiquement n&#8217;a rien \u00e0 voir avec la soi-disant &#8220;Flandre&#8221; et qui a toujours \u00e9t\u00e9 bilingue. La commune de Wemmel a d\u00e8s lors pris une bonne d\u00e9cision par son refus provisoire de participer \u00e0 ces journ\u00e9es de portes ouvertes.<\/p>\n<p>Pour l&#8217;avenir, le\u00a0B.U.B. propose d&#8217;organiser les journ\u00e9es du patrimoine par province permettant pendant trois weekends en septembre \u00e0 chaque fois trois provinces d&#8217;ouvrir leurs monument au public sans r\u00e9cup\u00e9ration nationaliste.<\/p>\n","protected":false},"excerpt":{"rendered":"<p>De Brabantse faciliteitengemeente Wemmel doet niet mee aan de Open Monumentendag van 18 september 2011 omdat ze die te flamingantisch vindt. De B.U.B. kan de gemeente alleen maar gelijk geven.<\/p>\n<p>La commune \u00e0 facilit\u00e9s braban\u00e7onne de Wemmel ne partipera pas \u00e0 la Journ\u00e9e du Patrimoine du 18 septembre 2011 parce qu&#8217;elle trouve l&#8217;activit\u00e9 trop flamingante. Le B.U.B. ne peut que donner raison \u00e0 la commune. <\/p>\n","protected":false},"author":2,"featured_media":0,"comment_status":"closed","ping_status":"open","sticky":false,"template":"","format":"standard","meta":{"ngg_post_thumbnail":0,"jetpack_post_was_ever_published":false,"_jetpack_newsletter_access":"","_jetpack_dont_email_post_to_subs":true,"_jetpack_newsletter_tier_id":0,"_jetpack_memberships_contains_paywalled_content":false,"powered_cache_disable_cache":false,"_jetpack_memberships_contains_paid_content":false,"footnotes":"","jetpack_publicize_message":"","jetpack_publicize_feature_enabled":true,"jetpack_social_post_already_shared":false,"jetpack_social_options":{"image_generator_settings":{"template":"highway","default_image_id":0,"font":"","enabled":false},"version":2}},"categories":[1],"tags":[],"class_list":["post-4475","post","type-post","status-publish","format-standard","hentry","category-news0"],"jetpack_publicize_connections":[],"jetpack_featured_media_url":"","jetpack_sharing_enabled":true,"jetpack_shortlink":"https:\/\/wp.me\/p6Y7u0-1ab","jetpack_likes_enabled":false,"_links":{"self":[{"href":"https:\/\/www.unionbelge.be\/index.php?rest_route=\/wp\/v2\/posts\/4475","targetHints":{"allow":["GET"]}}],"collection":[{"href":"https:\/\/www.unionbelge.be\/index.php?rest_route=\/wp\/v2\/posts"}],"about":[{"href":"https:\/\/www.unionbelge.be\/index.php?rest_route=\/wp\/v2\/types\/post"}],"author":[{"embeddable":true,"href":"https:\/\/www.unionbelge.be\/index.php?rest_route=\/wp\/v2\/users\/2"}],"replies":[{"embeddable":true,"href":"https:\/\/www.unionbelge.be\/index.php?rest_route=%2Fwp%2Fv2%2Fcomments&post=4475"}],"version-history":[{"count":8,"href":"https:\/\/www.unionbelge.be\/index.php?rest_route=\/wp\/v2\/posts\/4475\/revisions"}],"predecessor-version":[{"id":11117,"href":"https:\/\/www.unionbelge.be\/index.php?rest_route=\/wp\/v2\/posts\/4475\/revisions\/11117"}],"wp:attachment":[{"href":"https:\/\/www.unionbelge.be\/index.php?rest_route=%2Fwp%2Fv2%2Fmedia&parent=4475"}],"wp:term":[{"taxonomy":"category","embeddable":true,"href":"https:\/\/www.unionbelge.be\/index.php?rest_route=%2Fwp%2Fv2%2Fcategories&post=4475"},{"taxonomy":"post_tag","embeddable":true,"href":"https:\/\/www.unionbelge.be\/index.php?rest_route=%2Fwp%2Fv2%2Ftags&post=4475"}],"curies":[{"name":"wp","href":"https:\/\/api.w.org\/{rel}","templated":true}]}}