{"id":4463,"date":"2011-09-11T10:33:33","date_gmt":"2011-09-11T08:33:33","guid":{"rendered":"http:\/\/www.unionbelge.be\/?p=4463"},"modified":"2016-11-16T16:54:33","modified_gmt":"2016-11-16T15:54:33","slug":"11-09-2001","status":"publish","type":"post","link":"https:\/\/www.unionbelge.be\/?p=4463","title":{"rendered":"11.09.2001"},"content":{"rendered":"<p>De B.U.B. herdenkt de tiende verjaardag van de terroristische aanslagen van 11 september 2001 in New York, Washington\u00a0en Pennsylvania in de Verenigde Staten, die als het echte begin van de 21ste eeuw kunnen beschouwd worden. Enkele maanden voordien onderging Belgi\u00eb nog de laatste staatshervorming van de oude, bureaucratische\u00a0stempel. De tijden zijn veranderd, ook voor Belgi\u00eb. De politieke zeden zijn opnieuw harder geworden, minder compromis-gericht.<\/p>\n<p><em>Pikant detail: weet u dat <strong>de N-VA <\/strong>op dezelfde dag werd opgericht? De leden hebben die oprichting van tien jaar geleden\u00a0trouwens ook op 11 september 2011 in Bokrijk\u00a0gevierd&#8230; Deze tweede catastrofe is nog belangrijker voor de Belgische politiek van vandaag dan de aanslagen van Al Quaida.<\/em><\/p>\n<p>Le B.U.B. comm\u00e9more le dixi\u00e8me anniversaire des attentats terroristes\u00a0du 11 septembre 2001 \u00e0 New York, \u00e0 Washington\u00a0et en Pennsylvanie aux Etats-Unis, qui peuvent \u00eatre consid\u00e9r\u00e9s comme le v\u00e9ritable d\u00e9but du 21i\u00e8me si\u00e8cle. Quelques mois auparavant, la Belgique a subi la derni\u00e8re r\u00e9forme de l&#8217;Etat bureaucratique. Les temps ont chang\u00e9, aussi pour la Belgique. Les moeurs politiques sont redevenues plus dures, moins\u00a0dirig\u00e9es vers le compromis.<\/p>\n<p><em>D\u00e9tail piquant: savez-vous que <strong>la N-VA <\/strong>a \u00e9t\u00e9 fond\u00e9e le m\u00eame jour? Le 11 septembre 2011, les membres ont d&#8217;ailleurs f\u00eat\u00e9 cet \u00e9v\u00e9nement d&#8217;il y a dix ans \u00e0 Bokrijk&#8230; Cette deuxi\u00e8me catastrophe est encore plus importante pour la politique belge d&#8217;aujourd&#8217;hui que les attentats d&#8217;Al\u00a0Quaida.<\/em><\/p>\n<p>Die B.U.B. gedenkt den zehnte Geburtstag der terroristische Anschl\u00e4ge vom 11. September 2001 in New York, Washington\u00a0und Pennsylvania in den Vereinigten Staaten, die man wie der wirklichen Beginn des 21. Jahrhunderts betrachten kann. Einige Monate davor hat Belgien noch die letzte b\u00fcrokratische Staatsreform erfahren. Die Zeite haben sich ge\u00e4ndert, auch f\u00fcr Belgien. Die politische Sitten sind h\u00e4rter geworden, weniger Kompromissbereit.<\/p>\n<p>The B.U.B. commemorates the tenth anniversary of the September 11 terrorist\u00a0attacks on New York, Washington\u00a0and Pennsylvania in the United States, which can be considered as the true beginning of the 21st century. A few months before, Belgium underwent the last bureaucratic State Reform. Times have changed, also for Belgium. Political manners have become harder again, less prone to compromise.<\/p>\n","protected":false},"excerpt":{"rendered":"<p>De B.U.B. herdenkt de tiende verjaardag van de terroristische aanslagen van 11 september 2001 in New York en Pennsylvania in de Verenigde Staten, die als het echte begin van de 21ste eeuw kunnen beschouwd worden.<\/p>\n<p>Le B.U.B. comm\u00e9more le dixi\u00e8me anniversaire des attentats terroristes du 11 septembre 2001 \u00e0 New York et en Pennsylvanie aux Etats-Unis, qui peuvent \u00eatre consid\u00e9r\u00e9s comme le v\u00e9ritable d\u00e9but du 21i\u00e8me si\u00e8cle.<\/p>\n<p>The B.U.B. commemorates the tenth anniversary of the September 11 terrorist attacks on New York and Pennsylvania in the United States, which can be considered as the true beginning of the 21st century.<\/p>\n<p>Die B.U.B. gedenkt den zehnte Geburtstag der terroristische Anschl\u00e4ge vom 11. September 2001 in New York und Pennsylvania in den Vereinigten Staaten, die man wie der wirklichen Beginn des 21. Jahrhunderts betrachten kann.<\/p>\n","protected":false},"author":2,"featured_media":0,"comment_status":"closed","ping_status":"open","sticky":false,"template":"","format":"standard","meta":{"ngg_post_thumbnail":0,"jetpack_post_was_ever_published":false,"_jetpack_newsletter_access":"","_jetpack_dont_email_post_to_subs":true,"_jetpack_newsletter_tier_id":0,"_jetpack_memberships_contains_paywalled_content":false,"powered_cache_disable_cache":false,"_jetpack_memberships_contains_paid_content":false,"footnotes":"","jetpack_publicize_message":"","jetpack_publicize_feature_enabled":true,"jetpack_social_post_already_shared":false,"jetpack_social_options":{"image_generator_settings":{"template":"highway","default_image_id":0,"font":"","enabled":false},"version":2}},"categories":[1],"tags":[],"class_list":["post-4463","post","type-post","status-publish","format-standard","hentry","category-news0"],"jetpack_publicize_connections":[],"jetpack_featured_media_url":"","jetpack_sharing_enabled":true,"jetpack_shortlink":"https:\/\/wp.me\/p6Y7u0-19Z","jetpack_likes_enabled":false,"_links":{"self":[{"href":"https:\/\/www.unionbelge.be\/index.php?rest_route=\/wp\/v2\/posts\/4463","targetHints":{"allow":["GET"]}}],"collection":[{"href":"https:\/\/www.unionbelge.be\/index.php?rest_route=\/wp\/v2\/posts"}],"about":[{"href":"https:\/\/www.unionbelge.be\/index.php?rest_route=\/wp\/v2\/types\/post"}],"author":[{"embeddable":true,"href":"https:\/\/www.unionbelge.be\/index.php?rest_route=\/wp\/v2\/users\/2"}],"replies":[{"embeddable":true,"href":"https:\/\/www.unionbelge.be\/index.php?rest_route=%2Fwp%2Fv2%2Fcomments&post=4463"}],"version-history":[{"count":11,"href":"https:\/\/www.unionbelge.be\/index.php?rest_route=\/wp\/v2\/posts\/4463\/revisions"}],"predecessor-version":[{"id":11127,"href":"https:\/\/www.unionbelge.be\/index.php?rest_route=\/wp\/v2\/posts\/4463\/revisions\/11127"}],"wp:attachment":[{"href":"https:\/\/www.unionbelge.be\/index.php?rest_route=%2Fwp%2Fv2%2Fmedia&parent=4463"}],"wp:term":[{"taxonomy":"category","embeddable":true,"href":"https:\/\/www.unionbelge.be\/index.php?rest_route=%2Fwp%2Fv2%2Fcategories&post=4463"},{"taxonomy":"post_tag","embeddable":true,"href":"https:\/\/www.unionbelge.be\/index.php?rest_route=%2Fwp%2Fv2%2Ftags&post=4463"}],"curies":[{"name":"wp","href":"https:\/\/api.w.org\/{rel}","templated":true}]}}