{"id":4392,"date":"2011-09-04T00:34:34","date_gmt":"2011-09-03T22:34:34","guid":{"rendered":"http:\/\/www.unionbelge.be\/?p=4392"},"modified":"2016-11-16T16:49:09","modified_gmt":"2016-11-16T15:49:09","slug":"de-beste-citaten-van-de-taalnationalisten-een-kort-overzicht-les-meilleures-citations-des-nationales-linguistiques-rapide-survol","status":"publish","type":"post","link":"https:\/\/www.unionbelge.be\/?p=4392","title":{"rendered":"DE BESTE UITSPRAKEN VAN DE TAALNATIONALISTEN: EEN KORT OVERZICHT &#8211; LES MEILLEURES CITATIONS DES NATIONALISTES LINGUISTIQUES: RAPIDE SURVOL"},"content":{"rendered":"<p><strong>DE BESTE UITSPRAKEN VAN DE TAALNATIONALISTEN<\/strong>: <strong>EEN KORT OVERZICHT<\/strong><\/p>\n<p><em><strong><br \/>\n&#8220;De grenzen van Vlaanderen zijn vastgelegd voor honderden jaren.&#8221; <\/strong><\/em>Hendrik Bogaert (CD&amp;V), 16 augustus 2011<\/p>\n<p>Welk \u201cVlaanderen\u201d zou Bogaert bedoelen? Het Vlaams gewest? De Vlaamse gemeenschap (dat geen territoriale grenzen heeft), Frans-, Waals-, of Zeeuws-Vlaanderen? West- en (of) Oost-Vlaanderen? Moeten we dit zien als een oproep tot een \u201cDuizendjarig Rijk\u201d? Hoeveel staten of regio\u2019s kent Beke, wier grenzen voor \u201chonderden jaren\u201d ongewijzigd bleven? Kan hij vandaag aan de toekomstige generaties de onveranderlijkheid van de taalgrenzen opleggen? Is dat niet uiterst pretentieus en gedoemd om te falen?<\/p>\n<p><em><strong>\u201cDit behoort tot mijn priv\u00e9-leven.\u201d<\/strong> <\/em>Ilse Uytterspot (CD&amp;V), 26 augustus 2011<\/p>\n<p>De Vlaams-nationalistische burgemeester van Aalst, nadat haar beelden van openbare zedenschennis op het internet belandden.<\/p>\n<p><em><strong>\u00abKen je de VNV binnen de N-VA? <\/strong><strong>De VNV, de Vlaams Nationale Vrienden, zo noemen ze zichzelf, oftewel de &#8220;Vrienden van de Dikke&#8221; &#8211; De Wever, dus. Ze vergaderen minstens twee keer per jaar, met Kerstmis en eind juni. Het begint met een etentje en het eindigt in andere etablissementen &#8211; ik stel voor dat ik geen details geef. <\/strong><strong>\u00a0<\/strong><strong>De Vrienden zijn r\u00e9chts: onder elkaar geven ze lucht aan hun homohaat, hun racisme en hun diepe afkeer van alles wat neigt naar links. Ook de meer linkse elementen binnen de N-VA moeten eraan geloven.\u00bb<\/strong><\/em><\/p>\n<p>Bas Luyten, minnaar van Kim Geybels (ex-N-VA Senator), \u00e9\u00e9n jaar na het drugsschandaal in Tha\u00efland (Humo, 22 augustus 2011)<\/p>\n<p>In het interbellum was het VNV (Vlaamsch Nationaal Verbond) een fascistische partij, tijdens de oorlog een collaborerende organisatie.<\/p>\n<p><strong><em>&#8220;Tegen mijn moeder zei ze <\/em>[Frieda Brepoels, N-VA] <em>dat ik beter geen kwaad woord over de partij vertelde, of ze zouden me helemaal afmaken&#8221;<\/em> (Kim Geybels, <em>Humo<\/em>, 22 augustus 2011) <\/strong><\/p>\n<p>Er werden spijtig genoeg geen verdere details over de wijze van &#8220;afmaken&#8221; meegedeeld&#8230;<\/p>\n<p><strong><em>\u201cEssenti\u00eble voorwaarden voor politieke stabiliteit zijn respect voor de grondwet <\/em>[en] <em>het gelijkheidsbeginsel\u201d<\/em> (OVV-persbericht, 16 augustus 2011)<\/strong><\/p>\n<p>Het OVV maakt zich i.v.m. de nota Di Rupo zowaar zorgen over de gelijkheid tussen de Belgen. Nochtans schendt de door flaminganten gewilde federale grondwet (1994) \u2013 en in feite al de staatshervormingen sedert 1980 \u2013 dagelijks de gelijkheid tussen de Belgen daar de verschillende ordonnanties en decreten niet langer meer gelijk zijn voor de wet.<\/p>\n<p><em><strong>Als formule om de institutionele problemen &#8216;constructiever&#8217; <\/strong><\/em><strong>(lees: met een grotere compromisbereidheid)<\/strong><em><strong> aan te pakken, belooft deze techniek weinig goeds. Zullen de Vlamingen die stemmen willen halen in Walloni\u00eb in plaats van 23 toegevingen tegen \u00e9\u00e9n, er nog enkele aan toevoegen? Wij zien niet in welke; tenzij men terug wil gaan tot la Belgique \u00e0 papa.<\/strong> <\/em>(Nieuw manifest Gravensteengroep, 25 augustus 2011)<\/p>\n<p>De Vlaams-nationale Gravensteengroep onderlijnt het belang van de federale kieskring om tot een nieuw unitair Belgi\u00eb te komen.<\/p>\n<p><strong><em>\u2018Je weet toch dat ik daar niet op kan antwoorden. Je denkt toch niet dat ik een rund ben?\u2019 <\/em>(Weekblad van <em>De Standaard<\/em>, 27-28 augustus 2011)<\/strong><\/p>\n<p>Bart De Wever, voorzitter van de N-VA, weigert in een dubbelinterview met schrijver David Van Reybrouck tot tweemaal toe te antwoorden op de vraag wat er met Brussel moet gebeuren \u00e9\u00e9nmaal het zogenaamde &#8220;Vlaanderen&#8221; onafhankelijk zou zijn.<\/p>\n<p><strong>LES MEILLEURES CITATIONS DES NATIONALISTES LINGUISTIQUES: RAPIDE SURVOL<\/strong><\/p>\n<p><em><strong>\u201cLes fronti\u00e8res de la Flandre sont \u00e9tablies pour des centaines d\u2019ann\u00e9es.\u00a0\u00bb<\/strong> <\/em>Hendrik Bogaert (CD&amp;V), le 16 ao\u00fbt 2011.<\/p>\n<p>De quelle Flandre Bogaert parle-t-il? De la r\u00e9gion flamande\u00a0? De la communaut\u00e9 flamande\u00a0 (qui n\u2019a pas de fronti\u00e8re territoriale)? De la Flandre fran\u00e7aise, wallonne ou z\u00e9landaise? Ou de la Flandre orientale et (ou) occidentale? Devons-nous voir cela comme un appel \u00e0 un \u201cEmpire Mill\u00e9naire\u201d\u00a0? Combien de pays ou de r\u00e9gions conna\u00eet Beke dont les fronti\u00e8res sont rest\u00e9es inchang\u00e9es pendant des centaines d\u2019ann\u00e9es? Aujourd\u2019hui, il pense qu\u2019il peut imposer aux g\u00e9n\u00e9rations futures l\u2019immuabilit\u00e9 des fronti\u00e8res linguistiques? N\u2019est ce pas tr\u00e8s pr\u00e9tentieux et vou\u00e9 \u00e0 l\u2019\u00e9chec?<\/p>\n<p><em><strong>\u201cCela rel\u00e8ve \u00a0de ma vie priv\u00e9e\u201d<\/strong><\/em> Ilse Uytterspot (CD&amp;V), le 26 ao\u00fbt 2011 VIDEO<\/p>\n<p>La\u00a0bourgmestre flamingante d\u2019Alost apr\u00e8s que son infraction aux bonnes moeurs a \u00e9t\u00e9 publi\u00e9e sur l\u2019internet.<\/p>\n<p><strong><em>\u201cSavez vous qu\u2019il y a le VNV \u00e0 l\u2019interieur de la N-VA\u00a0? VNV signifie les \u201cVlaamse Nationale Vrienden\u201d <\/em>(les amis nationalistes flamands), <em>ou, comme ils se d\u00e9nommeraient eux-m\u00eames, les \u201cVrienden van de Dikke\u201d<\/em> (les amis du gros), <em>donc de Bart De Wever. <\/em><\/strong><em><strong>Ils se r\u00e9unissent deux fois par an : \u00e0 No\u00ebl et fin juin. Cela commence par un d\u00eener et cela se termine dans d\u2019autres \u00e9tablissements sur lesquels je ne donnerai pas de d\u00e9tails. Tous ces \u201cAmis\u201d sont de droite: et chacun, dans ces r\u00e9unions, y donne alors libre-cours \u00e0 son homophobie, son racisme et \u00e0 sa profonde aversion de tout ce qui tend vers la gauche. Les \u00e9l\u00e9ments les plus gauchistes au sein de la N-VA sont en ligne de mire.\u00a0\u00bb<\/strong> <\/em><\/p>\n<p>Bas Luyten, amant de Kim Geybels (Ex-S\u00e9natrice N-VA), un an apr\u00e8s le scandale de la\u00a0drogue en Tha\u00eflande (Humo, 22 ao\u00fbt 2011).<\/p>\n<p>Pendant l\u2019entre deux guerres, le VNV (Vlaamsch Nationaal Verbond) \u00e9tait un parti fasciste, pendant la seconde guerre mondiale il devenait une organisation collaboratrice.<\/p>\n<p><strong>\u00ab\u00a0<em>Elle<\/em> [Frieda Brepoels, N-VA] <em>a dit \u00e0 ma m\u00e8re que je ne devrais pas m\u00e9dire du parti, sinon il m\u2019ach\u00e8verait totalement\u00a0\u00bb<\/em><\/strong><em> (Kim Geybels, Humo, le 22 ao\u00fbt 2011)<\/em><\/p>\n<p>Malheureusement, davantage de d\u00e9tails sur la fa\u00e7on de &#8220;l&#8217;achever&#8221; n&#8217;ont pas \u00e9t\u00e9 communiqu\u00e9s&#8230;<\/p>\n<p><strong><em>\u00abLes conditions essentielles \u00e0 la stabilit\u00e9 politique sont le respect de la constitution <\/em>[et] <em>l&#8217;\u00e9galit\u00e9<\/em>\u00bb<\/strong> (Communiqu\u00e9 de presse de l\u2019OVV, le 16 ao\u00fbt 2011)<\/p>\n<p>D\u00e9claration de l\u2019OVV par rapport \u00e0 la note Di Rupo par laquelle l\u2019organisation exprime son inqu\u00e9tude par rapport \u00e0\u00a0l\u2019\u00e9galit\u00e9 entre les Belges. Cependant, c\u2019est la constitution f\u00e9d\u00e9rale (1994), voulue par les flamingants \u2013 et \u00e0 vrai dire d\u00e9j\u00e0 depuis la reforme de l\u2019Etat de 1980 \u2013 qui viole journali\u00e8rement l\u2019\u00e9galit\u00e9 entre les Belges qui ne sont plus \u00e9gaux devant la loi en raison des diff\u00e9rents d\u00e9crets et ordonnances.<\/p>\n<p><strong><em>Comme formule pour s\u2019attaquer au probl\u00e8me institutionnel de mani\u00e8re \u2018constructive\u2019 <\/em>(comprenez: avec une plus grande volont\u00e9 de compromis), <em>cette technique ne promet rien de bon. Les Flamands qui veulent obtenir des voix en Wallonie, ajouteront-ils aux 23 concessions contre une, encore quelques unes? Nous ne voyons pas lesquelles; sauf si on veut revenir \u00e0 la Belgique de papa.&#8221;<\/em><\/strong> (Nouveau manifeste du \u201cGravensteengroep\u201d, le 25 ao\u00fbt 2011)<\/p>\n<p>Le groupe nationaliste flamand \u201cGravensteengroep\u201d souligne l\u2019importance de la cinrconscription f\u00e9d\u00e9rale pour revenir \u00e0 la Belgique unitaire.<\/p>\n<p><em><strong>&#8220;Vous savez bien que je ne peux pas r\u00e9pondre \u00e0 cette question. Pensez-vous que je suis un \u00e2ne?<\/strong> <\/em>&#8220;(Hebdomadaire <em>De Standaard<\/em>, 27 au 28 ao\u00fbt 2011)<\/p>\n<p>Bart De Wever, pr\u00e9sident de la N-VA, refusait dans une double interview avec l\u2019\u00e9crivain David Van Reybrouck \u00e0 deux reprises de r\u00e9pondre \u00e0 la question sur l\u2019avenir de Bruxelles si la soi-disant \u201cFlandre\u201d devait devenir ind\u00e9pendante.<\/p>\n","protected":false},"excerpt":{"rendered":"<p>&#8220;De grenzen van Vlaanderen zijn vastgelegd voor honderden jaren.&#8221; Hendrik Bogaert (CD&#038;V), 16 augustus 2011<\/p>\n<p>\u201cLes fronti\u00e8res de la Flandre sont \u00e9tablies pour des centaines d\u2019ann\u00e9es.&#8221; Hendrik Bogaert (CD&#038;V), le 16 ao\u00fbt 2011.<\/p>\n","protected":false},"author":2,"featured_media":0,"comment_status":"closed","ping_status":"open","sticky":false,"template":"","format":"standard","meta":{"ngg_post_thumbnail":0,"jetpack_post_was_ever_published":false,"_jetpack_newsletter_access":"","_jetpack_dont_email_post_to_subs":true,"_jetpack_newsletter_tier_id":0,"_jetpack_memberships_contains_paywalled_content":false,"powered_cache_disable_cache":false,"_jetpack_memberships_contains_paid_content":false,"footnotes":"","jetpack_publicize_message":"","jetpack_publicize_feature_enabled":true,"jetpack_social_post_already_shared":false,"jetpack_social_options":{"image_generator_settings":{"template":"highway","default_image_id":0,"font":"","enabled":false},"version":2}},"categories":[1,5],"tags":[],"class_list":["post-4392","post","type-post","status-publish","format-standard","hentry","category-news0","category-opinions"],"jetpack_publicize_connections":[],"jetpack_featured_media_url":"","jetpack_sharing_enabled":true,"jetpack_shortlink":"https:\/\/wp.me\/p6Y7u0-18Q","jetpack_likes_enabled":false,"_links":{"self":[{"href":"https:\/\/www.unionbelge.be\/index.php?rest_route=\/wp\/v2\/posts\/4392","targetHints":{"allow":["GET"]}}],"collection":[{"href":"https:\/\/www.unionbelge.be\/index.php?rest_route=\/wp\/v2\/posts"}],"about":[{"href":"https:\/\/www.unionbelge.be\/index.php?rest_route=\/wp\/v2\/types\/post"}],"author":[{"embeddable":true,"href":"https:\/\/www.unionbelge.be\/index.php?rest_route=\/wp\/v2\/users\/2"}],"replies":[{"embeddable":true,"href":"https:\/\/www.unionbelge.be\/index.php?rest_route=%2Fwp%2Fv2%2Fcomments&post=4392"}],"version-history":[{"count":13,"href":"https:\/\/www.unionbelge.be\/index.php?rest_route=\/wp\/v2\/posts\/4392\/revisions"}],"predecessor-version":[{"id":11119,"href":"https:\/\/www.unionbelge.be\/index.php?rest_route=\/wp\/v2\/posts\/4392\/revisions\/11119"}],"wp:attachment":[{"href":"https:\/\/www.unionbelge.be\/index.php?rest_route=%2Fwp%2Fv2%2Fmedia&parent=4392"}],"wp:term":[{"taxonomy":"category","embeddable":true,"href":"https:\/\/www.unionbelge.be\/index.php?rest_route=%2Fwp%2Fv2%2Fcategories&post=4392"},{"taxonomy":"post_tag","embeddable":true,"href":"https:\/\/www.unionbelge.be\/index.php?rest_route=%2Fwp%2Fv2%2Ftags&post=4392"}],"curies":[{"name":"wp","href":"https:\/\/api.w.org\/{rel}","templated":true}]}}