{"id":4087,"date":"2011-07-06T22:04:30","date_gmt":"2011-07-06T20:04:30","guid":{"rendered":"http:\/\/www.unionbelge.be\/?p=4087"},"modified":"2016-11-16T17:09:37","modified_gmt":"2016-11-16T16:09:37","slug":"peiling-85-separatisten-40-unitaristen-sondage-85-de-separatistes-40-dunitaristes","status":"publish","type":"post","link":"https:\/\/www.unionbelge.be\/?p=4087","title":{"rendered":"PEILING: 8,5% SEPARATISTEN, 40% UNITARISTEN &#8211; SONDAGE: 8,5% DE SEPARATISTES, 40% D&#8217;UNITARISTES"},"content":{"rendered":"<h1>\n<a href=\"http:\/\/www.standaard.be\/artikel\/detail.aspx?artikelid=DMF20110705_126&amp;word=jongeren\">Slechts 8,5 procent van jongeren wenst het einde van Belgi\u00eb<\/a><\/h1>\n<div><strong>Slechts 8,5 procent van de Belgische jongeren wil een splitsing van het land. Dat blijkt dinsdag uit een enqu\u00eate die het Centrum voor Politicologie van de KU Leuven op touw heeft gezet. Opvallend is ook dat ongeveer vier op tien jonge kiezers van Vlaams Belang en N-VA de splitsing volstrekt afwijst.<\/strong><\/div>\n<div><\/div>\n<p>De enqu\u00eate, die tussen maart en juli is uitgevoerd bij 3.033 jongeren van 21 jaar oud, geeft aan dat jongeren aan beide kanten van de taalgrens weinig voelen voor het einde van Belgi\u00eb. De steun voor een splitsing is onder Nederlandstalige jongeren (8,8 procent) slechts iets hoger dan onder Franstalige jongeren (8,0 procent).<\/p>\n<p>Wel bestaat in het Nederlandstalige landsgedeelte een veel breder draagvlak voor de overheveling van bevoegdheden naar de deelstaten. Meer dan de helft van de Vlaamse jongeren (52,1 procent) wil een grotere autonomie voor de deelstaten, tegen 27,1 procent in Franstalig Belgi\u00eb.<\/p>\n<p><strong>Onder Franstalige jongeren is meer dan de helft (50,9 procent) dan weer gewonnen voor een terugkeer naar het unitaire Belgi\u00eb. <\/strong>Partijvoorkeur speelt daarbij niet zo&#8217;n grote rol. Heimwee naar een <strong>unitair staatsmodel leeft ook bij bijna een kwart van de Nederlandstalige jongeren<\/strong> (23,6 pct), en dan vooral bij groene en socialistische kiezers.<\/p>\n<p>Vreemd genoeg zou ook 20,3 procent van de jonge Vlaams Belang-kiezers en 14,7 procent van hun N-VA-leeftijdsgenoten een unitaire toekomst voor Belgi\u00eb zien zitten. Bij de jonge N-VA-kiezers spreekt 61,2 procent zich uit voor meer autonomie voor de deelstaten en 14,3 procent voor de splitsing van Belgi\u00eb. Onder de jonge Vlaams Belang-kiezers wil 24,3 procent het einde van het land.<\/p>\n<p>63 procent van de Belgische jongeren vindt dat een splitsing zeker niet mag gebeuren. Dat is ook de mening van 72,7 procent van de Franstaligen, 58 procent van de Nederlandstaligen, 43,5 procent van de Vlaams Belang-kiezers en 39,1 procent van de N-VA-kiezers.<\/p>\n<h1><a href=\"http:\/\/www.lalibre.be\/actu\/belgique\/article\/671317\/a-peine-85-des-jeunes-de-21-ans-veulent-scinder-la-belgique.html\">A peine 8,5% des jeunes de 21 ans veulent scinder la Belgique<\/a><\/h1>\n<div id=\"articleHat\"><strong>Les s\u00e9paratistes constituent 8 pc des sond\u00e9s francophones et 8,8 pc des sond\u00e9s n\u00e9erlandophones. A peine 8,5 pc des jeunes Belges de 21 ans souhaitent une scission de la Belgique, ressort-il d&#8217;une enqu\u00eate men\u00e9e par la KUL. Et, paradoxalement, 4 jeunes \u00e9lecteurs de la N-VA ou du Vlaams Belang sur 10 rejettent cat\u00e9goriquement cette option.<\/strong><\/div>\n<div id=\"articleText\">\n<p>Les s\u00e9paratistes constituent 8 pc des sond\u00e9s francophones et 8,8 pc des sond\u00e9s n\u00e9erlandophones. Les transferts de comp\u00e9tences recueillent en revanche des r\u00e9actions beaucoup plus contrast\u00e9es: 52,1 pc des n\u00e9erlandophones sont favorables \u00e0 une autonomie plus grande des entit\u00e9s f\u00e9d\u00e9r\u00e9es contre 27,1 pc des francophones. <strong>Au sud du pays, un courte majorit\u00e9 (50,9 pc) se dit favorable au retour d&#8217;une Belgique unitaire contre 23,6 pc au nord<\/strong>, surtout chez les \u00e9lecteurs socialistes et \u00e9cologistes. La Belgique de papa s\u00e9duit toutefois aussi 14,7 pc des jeunes \u00e9lecteurs de la N-VA et 20,3 pc des \u00e9lecteurs du Vlaams Belang.<\/p>\n<p>Soixante-trois pour-cent des jeunes Belges estiment encore que la Belgique ne peut certainement pas se scinder. En Flandre, leur proportion est de 58 pc, en Belgique francophone, elle est de 72,7 pc. L&#8217;enqu\u00eate a \u00e9t\u00e9 r\u00e9alis\u00e9e entre mars et juillet aupr\u00e8s de 3.033 jeunes de 21 ans.<\/p>\n<\/div>\n","protected":false},"excerpt":{"rendered":"<p>peiling-sondage<\/p>\n","protected":false},"author":2,"featured_media":0,"comment_status":"closed","ping_status":"open","sticky":false,"template":"","format":"standard","meta":{"ngg_post_thumbnail":0,"jetpack_post_was_ever_published":false,"_jetpack_newsletter_access":"","_jetpack_dont_email_post_to_subs":true,"_jetpack_newsletter_tier_id":0,"_jetpack_memberships_contains_paywalled_content":false,"powered_cache_disable_cache":false,"_jetpack_memberships_contains_paid_content":false,"footnotes":"","jetpack_publicize_message":"","jetpack_publicize_feature_enabled":true,"jetpack_social_post_already_shared":false,"jetpack_social_options":{"image_generator_settings":{"template":"highway","default_image_id":0,"font":"","enabled":false},"version":2}},"categories":[24],"tags":[],"class_list":["post-4087","post","type-post","status-publish","format-standard","hentry","category-sociology"],"jetpack_publicize_connections":[],"jetpack_featured_media_url":"","jetpack_sharing_enabled":true,"jetpack_shortlink":"https:\/\/wp.me\/p6Y7u0-13V","jetpack_likes_enabled":false,"_links":{"self":[{"href":"https:\/\/www.unionbelge.be\/index.php?rest_route=\/wp\/v2\/posts\/4087","targetHints":{"allow":["GET"]}}],"collection":[{"href":"https:\/\/www.unionbelge.be\/index.php?rest_route=\/wp\/v2\/posts"}],"about":[{"href":"https:\/\/www.unionbelge.be\/index.php?rest_route=\/wp\/v2\/types\/post"}],"author":[{"embeddable":true,"href":"https:\/\/www.unionbelge.be\/index.php?rest_route=\/wp\/v2\/users\/2"}],"replies":[{"embeddable":true,"href":"https:\/\/www.unionbelge.be\/index.php?rest_route=%2Fwp%2Fv2%2Fcomments&post=4087"}],"version-history":[{"count":4,"href":"https:\/\/www.unionbelge.be\/index.php?rest_route=\/wp\/v2\/posts\/4087\/revisions"}],"predecessor-version":[{"id":11155,"href":"https:\/\/www.unionbelge.be\/index.php?rest_route=\/wp\/v2\/posts\/4087\/revisions\/11155"}],"wp:attachment":[{"href":"https:\/\/www.unionbelge.be\/index.php?rest_route=%2Fwp%2Fv2%2Fmedia&parent=4087"}],"wp:term":[{"taxonomy":"category","embeddable":true,"href":"https:\/\/www.unionbelge.be\/index.php?rest_route=%2Fwp%2Fv2%2Fcategories&post=4087"},{"taxonomy":"post_tag","embeddable":true,"href":"https:\/\/www.unionbelge.be\/index.php?rest_route=%2Fwp%2Fv2%2Ftags&post=4087"}],"curies":[{"name":"wp","href":"https:\/\/api.w.org\/{rel}","templated":true}]}}