{"id":4017,"date":"2011-06-23T11:11:36","date_gmt":"2011-06-23T09:11:36","guid":{"rendered":"http:\/\/www.unionbelge.be\/?p=4017"},"modified":"2016-11-20T22:59:47","modified_gmt":"2016-11-20T21:59:47","slug":"het-kartel-belg-unie-breidt-zich-uit-le-cartel-belg-unie-selargit-das-kartell-belg-unie-wachst-an","status":"publish","type":"post","link":"https:\/\/www.unionbelge.be\/?p=4017","title":{"rendered":"HET KARTEL BELG-UNIE BREIDT ZICH UIT ! &#8211; LE CARTEL BELG-UNIE S&#8217;ELARGIT ! &#8211; DAS KARTELL BELG-UNIE W\u00c4CHST AN !"},"content":{"rendered":"<p>&nbsp;<\/p>\n<figure id=\"attachment_4035\" aria-describedby=\"caption-attachment-4035\" style=\"width: 480px\" class=\"wp-caption aligncenter\"><a href=\"https:\/\/www.unionbelge.be\/wp-content\/uploads\/2011\/06\/k-cartel-22.06.2011.jpg\"><img loading=\"lazy\" decoding=\"async\" class=\"size-full wp-image-4035\" title=\"OLYMPUS DIGITAL CAMERA\" src=\"https:\/\/www.unionbelge.be\/wp-content\/uploads\/2011\/06\/k-cartel-22.06.2011.jpg\" alt=\"\" width=\"480\" height=\"360\" srcset=\"https:\/\/www.unionbelge.be\/wp-content\/uploads\/2011\/06\/k-cartel-22.06.2011.jpg 480w, https:\/\/www.unionbelge.be\/wp-content\/uploads\/2011\/06\/k-cartel-22.06.2011-420x315.jpg 420w, https:\/\/www.unionbelge.be\/wp-content\/uploads\/2011\/06\/k-cartel-22.06.2011-300x225.jpg 300w\" sizes=\"auto, (max-width: 480px) 100vw, 480px\" \/><\/a><figcaption id=\"caption-attachment-4035\" class=\"wp-caption-text\">Van links naar rechts, de gauche \u00e0 droite: Willy Deswaef (BAB), Hans Van de Cauter (B.U.B.) en\/et Pierre-Alexandre de Maere (CDF) (Foto &#8211; photo B.U.B.)<\/figcaption><\/figure>\n<p>DE BELGISCHE BEWEGING VERSTEVIGT ZICH: B.U.B. &#8211; CDF &#8211; BAB &#8211; ex-PP<\/p>\n<p>Het kartel BELG-UNIE krijgt er een nieuw lid bij : de Belgische Alliantie &#8211; Alliance Belge. De BAB (Belgische Alliantie &#8211; Alliance Belge) vervoegt het kartel van de B.U.B. (Belgische Unie &#8211; Union Belge) en CDF (Chr\u00e9tiens D\u00e9mocrates F\u00e9d\u00e9raux \u2013 Christen Democraten Federaal). De co\u00f6rdinator en promotor van het uitgebreide pro-Belgische kartel is ir. Bertrand Waucquez, een vooraanstaand ex-lid van de PP (Personenpartij).<\/p>\n<p>Op de <strong>persconferentie van 22 juni 2011<\/strong> werd de gemeenschappelijke verklaring officieel door de drie voorzitters van het kartel ondertekend. Gewezen politicus Rudy Aernoudt was aanwezig en ondersteunt het initiatief.<\/p>\n<p><strong>LE MOUVEMENT BELGE SE CONSOLIDE: B.U.B. &#8211; CDF &#8211; BAB &#8211; ex-PP <\/strong><\/p>\n<p>Le cartel BELG-UNIE s&#8217;adjoint un nouveau membre : l&#8217;Alliance Belge &#8211; Belgische Alliantie. La BAB (Belgische Alliantie &#8211; Alliance Belge) rejoint donc le cartel du\u00a0B.U.B. (Belgische Unie &#8211; Union Belge) et du CDF (Chr\u00e9tiens D\u00e9mocrates F\u00e9d\u00e9raux \u2013 Christen Democraten Federaal). Le coordinateur et le promoteur du cartel pro-belge \u00e9largi est ir. Bertrand Waucquez, ex-membre\u00a0influent du PP (Parti Populaire).<\/p>\n<p>A <strong>la conf\u00e9rence de presse du 22 juin 2011<\/strong> la d\u00e9claration commune du cartel a \u00e9t\u00e9 officiellement sign\u00e9e par les trois pr\u00e9sidents du cartel. L&#8217;ancien homme politique Rudy Aernoudt \u00e9tait pr\u00e9sent et soutient l&#8217;initiative.<\/p>\n<p><strong>DIE BELGISCHE BEWEGUNG VERST\u00c4RKT SICH: B.U.B. &#8211; CDF &#8211; BAB &#8211; ex-PP<\/strong><\/p>\n<p>Das Kartell BELG-UNIE bekommt ein neues Mitglied: die Belgische Allianz. Die BAB (Belgische Alliantie &#8211; Alliance Belge) schliesst sich dem Kartell der B.U.B. (Belgische Union &#8211; Union belge) und der CDF (Chr\u00e9tiens D\u00e9mocrates F\u00e9d\u00e9raux &#8211; Christlich Demokratisch F\u00f6deral) an. Der Koordinator und F\u00f6rderer des pro-Belgischen Kartells ist ir. Bertrand Waucquez, ein angesehenes ex-Mitglied der PP (Personenpartei).<\/p>\n<p>Auf der <strong>Pressekonferenz von 22. Juni 2011 <\/strong>wurde die gemeinsame Erkl\u00e4rung offiziell von den drei Pr\u00e4sidenten der Parteien des Kartells unterzeichnet. Der ehemahligen Politiker Rudy Aernoudt war pr\u00e4sent und unterst\u00fctzt die Initiative.<\/p>\n<h2><a title=\"Verklaring Belg-Unie\" href=\"https:\/\/www.unionbelge.be\/wp-content\/uploads\/2011\/06\/Kartel_verklaring%20NL_2011-06-21_finaal.pdf\" target=\"_blank\">Hier kan u de nieuwe verklaring van het kartel lezen<\/a><\/h2>\n<h2><a title=\"D\u00e9claration Belg-Unie\" href=\"https:\/\/www.unionbelge.be\/wp-content\/uploads\/2011\/06\/Cartel_d\u00e9claration%20FR_Master_2011-06-21_finale.pdf\" target=\"_blank\">Ici, vous pouvez lire la nouvelle d\u00e9claration du cartel<\/a><\/h2>\n<h2><\/h2>\n<p><a href=\"https:\/\/www.unionbelge.be\/wp-content\/uploads\/2011\/06\/LOGO-BELG-UNIE-19.06.2011.jpg\"><img loading=\"lazy\" decoding=\"async\" class=\"aligncenter size-full wp-image-4018\" title=\"LOGO BELG-UNIE 19.06.2011\" src=\"https:\/\/www.unionbelge.be\/wp-content\/uploads\/2011\/06\/LOGO-BELG-UNIE-19.06.2011.jpg\" alt=\"\" width=\"736\" height=\"373\" srcset=\"https:\/\/www.unionbelge.be\/wp-content\/uploads\/2011\/06\/LOGO-BELG-UNIE-19.06.2011.jpg 736w, https:\/\/www.unionbelge.be\/wp-content\/uploads\/2011\/06\/LOGO-BELG-UNIE-19.06.2011-420x213.jpg 420w, https:\/\/www.unionbelge.be\/wp-content\/uploads\/2011\/06\/LOGO-BELG-UNIE-19.06.2011-600x304.jpg 600w, https:\/\/www.unionbelge.be\/wp-content\/uploads\/2011\/06\/LOGO-BELG-UNIE-19.06.2011-300x152.jpg 300w\" sizes=\"auto, (max-width: 736px) 100vw, 736px\" \/><\/a><strong>Article dans La Libre Belgique du 23.06.2011 &#8211; Artikel in La Libre Belgique van 23.06.2011:<\/strong><\/p>\n<h1><em>Rudy Aernoudt soutient le nouveau cartel Belg-Unie<\/em><\/h1>\n<p id=\"writer\"><em>Christian Laporte<\/em><\/p>\n<p id=\"publicationDate\"><em>Mis en ligne le 23\/06\/2011<\/em><\/p>\n<div id=\"articleHat\"><strong><em>Les \u201cpetits\u201d partis belges ont d\u00e9cid\u00e9 d\u2019unir leur destin afin de se faire enfin entendre dans le d\u00e9bat politique.<\/em><\/strong><\/div>\n<div id=\"articleText\">\n<p><em>Ce n\u2019est pas \u00e0 des Belges convaincus qu\u2019il faut rappeler combien l\u2019union peut faire la force. Et pourtant, depuis plusieurs rendez-vous \u00e9lectoraux, ils \u00e9taient trois voire quatre petites formations \u00e0 solliciter les suffrages de ceux qui pensent qu\u2019il faut faire table rase de la Belgique f\u00e9d\u00e9rale et retourner aux sources unitaires. R\u00e9sultat : un \u00e9parpillement certain des voix qui a depuis lors entra\u00een\u00e9 des d\u00e9buts de rapprochement entre certaines d\u2019entre elles dans l\u2019une ou l\u2019autre circonscription. Ils vont aller encore plus loin : sous l\u2019enseigne de Belg-Unie, les chr\u00e9tiens d\u00e9mocrates f\u00e9d\u00e9raux, le BUB (Belgische Unie-Union belge) et le BAB (Belgische Alliantie-Alliance belge) ont annonc\u00e9 qu\u2019ils avaient d\u00e9cid\u00e9 d\u2019unir leurs forces pour les prochaines \u00e9lections l\u00e9gislatives et communales.<\/em><\/p>\n<p><em>Les initiateurs avaient promis le soutien de certaines personnalit\u00e9s \u00e0 leur d\u00e9marche. Une au moins s\u2019est d\u00e9voil\u00e9e en la personne de Rudy Aernoudt, que nous avons contact\u00e9 par ailleurs sur sa d\u00e9marche. L\u2019ex-co-pr\u00e9sident du Parti populaire, qui avait aussi auparavant entrepris un rapprochement avec le MR, toutefois imm\u00e9diatement mis \u00e0 mal par le FDF, nous a confirm\u00e9 l\u2019information : &#8220;De fait, c\u2019est une d\u00e9marche citoyenne qui m\u2019am\u00e8ne \u00e0 le faire. Tout comme on peut le constater pour la gauche radicale o\u00f9 plusieurs listes concurrentes ne permettent finalement \u00e0 personne d\u2019\u00e9merger, j\u2019ai estim\u00e9 que je pouvais soutenir les partis belges afin de leur permettre d\u2019avoir leur mot \u00e0 dire dans le d\u00e9bat politique &#8220;<\/em><\/p>\n<p><em>Rudy Aernoudt se dit aussi pr\u00eat \u00e0 les \u00e9pauler dans l\u2019une ou l\u2019autre d\u00e9marche pour faire conna\u00eetre leurs th\u00e8ses, mais il ne sera en tout cas pas candidat du nouveau cartel : &#8220;Ma fr\u00e9quentation assidue du monde politique au cours de ces derniers mois et ann\u00e9es m\u2019a d\u00e9finitivement convaincu que ma place n\u2019\u00e9tait certainement pas l\u00e0. Il y a bien d\u2019autres mani\u00e8res de rendre service \u00e0 la soci\u00e9t\u00e9 belge !&#8221;<\/em><\/p>\n<p><em>Voil\u00e0 qui est clair ! Cela dit, les nouveaux coalis\u00e9s, dont la parole sera port\u00e9e par un ex-militant du PP, Bertrand Waucquez, ont en se pr\u00e9sentant \u00e0 la presse identifi\u00e9 cinq grands probl\u00e8mes pour la Belgique actuelle et ils entendent y apporter autant de r\u00e9ponses s\u2019inscrivant bien dans leur programme qui reste r\u00e9solument unitariste. A la mauvaise connaissance et usage des langues nationales, ils proposent un r\u00e9el bilinguisme, qu\u2019ils voient m\u00eame inscrit dans la Constitution. Le cartel Belg-Unie entend aussi r\u00e9pondre \u00e0 l\u2019organisation institutionnelle actuelle par un vrai f\u00e9d\u00e9ralisme d\u2019union. Entendez : non pas une f\u00e9d\u00e9ralisation pouss\u00e9e de certaines mati\u00e8res encore nationales mais, au contraire, un retour \u00e0 des comp\u00e9tences f\u00e9d\u00e9rales &#8220;lorsqu\u2019elles apportent une plus-value pour la Belgique&#8221; (comme le tourisme, l\u2019environnement, le commerce ext\u00e9rieur, etc.) Belg-Unie r\u00e9clame aussi une hi\u00e9rarchie g\u00e9n\u00e9rale des normes avec une pr\u00e9pond\u00e9rance du f\u00e9d\u00e9ral. Enfin, il demande une circonscription f\u00e9d\u00e9rale pour \u00e9lire une partie des d\u00e9put\u00e9s mais aussi des s\u00e9nateurs. Cela dit, pour combattre &#8220;l\u2019apartheid linguistique&#8221;, les militants belgicains vont encore plus loin et proposent soit de refaire du Brabant une r\u00e9gion-province bilingue, soit d\u2019abolir les r\u00e9gions et d\u2019en venir \u00e0 une Belgique bas\u00e9e sur les provinces.<\/em><\/p>\n<p><em>Pas question de toucher \u00e0 la fonction royale : &#8220;R\u00e9duire les pouvoirs du Roi \u00e0 un r\u00f4le protocolaire accro\u00eetrait le risque d\u2019instabilit\u00e9 du pays.&#8221; Et dans le m\u00eame ordre d\u2019id\u00e9es, le cartel entend absolument garder le S\u00e9nat comme deuxi\u00e8me chambre du pouvoir l\u00e9gislatif. Afin d\u2019assurer la stabilit\u00e9 institutionnelle, Belg-Unie plaide enfin pour l\u2019instauration de consultations populaires sur ces questions. En visant ces objectifs, le cartel veut rendre &#8220;la Belgique \u00e0 nouveau joyeuse et g\u00e9n\u00e9reuse&#8221; mais aussi &#8220;ouverte et entreprenante au service du bien-\u00eatre de tous les Belges&#8221;<\/em><\/p>\n<p><em><strong>Renseignements : www.belg-unie.be<\/strong><\/em><\/p>\n<h3><a href=\"https:\/\/www.unionbelge.be\/wp-content\/uploads\/2011\/06\/Persconferentie 2011-06-22_presentatie.pdf\">Hier kan u de inhoud van de persconferentie lezen.<br \/>\nIci, vous pouvez lire le contenu de la conf\u00e9rence de presse<\/a><\/h3>\n<\/div>\n","protected":false},"excerpt":{"rendered":"<p>Het kartel BELG-UNIE krijgt er een nieuw lid bij : de Belgische Alliantie &#8211; Alliance Belge. De BAB (Belgische Alliantie &#8211; Alliance Belge) vervoegt het kartel van de B.U.B. (Belgische Unie &#8211; Union Belge) en CDF (Chr\u00e9tiens D\u00e9mocrates F\u00e9d\u00e9raux \u2013 Christen Democraten Federaal). De co\u00f6rdinator en promotor van het uitgebreide pro-Belgische kartel is ir. Bertrand Waucquez, een vooraanstaand ex-lid van de PP (Personenpartij).<\/p>\n<p>Le cartel BELG-UNIE s&#8217;adjoint un nouveau membre : l&#8217;Alliance Belge &#8211; Belgische Alliantie. La BAB (Belgische Alliantie &#8211; Alliance Belge) rejoint donc le cartel du B.U.B. (Belgische Unie &#8211; Union Belge) et du CDF (Chr\u00e9tiens D\u00e9mocrates F\u00e9d\u00e9raux \u2013 Christen Democraten Federaal). Le coordinateur et le promoteur du cartel pro-belge \u00e9largi est ir. Bertrand Waucquez, ex-membre influent du PP (Parti Populaire).<\/p>\n<p>Das Kartell BELG-UNIE bekommt ein neues Mitglied: die Belgische Allianz. Die BAB (Belgische Alliantie &#8211; Alliance Belge) schliesst sich dem Kartell der B.U.B. (Belgische Union &#8211; Union belge) und der CDF (Chr\u00e9tiens D\u00e9mocrates F\u00e9d\u00e9raux &#8211; Christlich Demokratisch F\u00f6deral) an. Der Koordinator und F\u00f6rderer des pro-Belgischen Kartells ist ir. Bertrand Waucquez, ein angesehenes ex-Mitglied der PP (Personenpartei).<\/p>\n","protected":false},"author":2,"featured_media":0,"comment_status":"closed","ping_status":"open","sticky":false,"template":"","format":"standard","meta":{"ngg_post_thumbnail":0,"jetpack_post_was_ever_published":false,"_jetpack_newsletter_access":"","_jetpack_dont_email_post_to_subs":true,"_jetpack_newsletter_tier_id":0,"_jetpack_memberships_contains_paywalled_content":false,"powered_cache_disable_cache":false,"_jetpack_memberships_contains_paid_content":false,"footnotes":"","jetpack_publicize_message":"","jetpack_publicize_feature_enabled":true,"jetpack_social_post_already_shared":false,"jetpack_social_options":{"image_generator_settings":{"template":"highway","default_image_id":0,"font":"","enabled":false},"version":2}},"categories":[1,4],"tags":[],"class_list":["post-4017","post","type-post","status-publish","format-standard","hentry","category-news0","category-info"],"jetpack_publicize_connections":[],"jetpack_featured_media_url":"","jetpack_sharing_enabled":true,"jetpack_shortlink":"https:\/\/wp.me\/p6Y7u0-12N","jetpack_likes_enabled":false,"_links":{"self":[{"href":"https:\/\/www.unionbelge.be\/index.php?rest_route=\/wp\/v2\/posts\/4017","targetHints":{"allow":["GET"]}}],"collection":[{"href":"https:\/\/www.unionbelge.be\/index.php?rest_route=\/wp\/v2\/posts"}],"about":[{"href":"https:\/\/www.unionbelge.be\/index.php?rest_route=\/wp\/v2\/types\/post"}],"author":[{"embeddable":true,"href":"https:\/\/www.unionbelge.be\/index.php?rest_route=\/wp\/v2\/users\/2"}],"replies":[{"embeddable":true,"href":"https:\/\/www.unionbelge.be\/index.php?rest_route=%2Fwp%2Fv2%2Fcomments&post=4017"}],"version-history":[{"count":19,"href":"https:\/\/www.unionbelge.be\/index.php?rest_route=\/wp\/v2\/posts\/4017\/revisions"}],"predecessor-version":[{"id":11360,"href":"https:\/\/www.unionbelge.be\/index.php?rest_route=\/wp\/v2\/posts\/4017\/revisions\/11360"}],"wp:attachment":[{"href":"https:\/\/www.unionbelge.be\/index.php?rest_route=%2Fwp%2Fv2%2Fmedia&parent=4017"}],"wp:term":[{"taxonomy":"category","embeddable":true,"href":"https:\/\/www.unionbelge.be\/index.php?rest_route=%2Fwp%2Fv2%2Fcategories&post=4017"},{"taxonomy":"post_tag","embeddable":true,"href":"https:\/\/www.unionbelge.be\/index.php?rest_route=%2Fwp%2Fv2%2Ftags&post=4017"}],"curies":[{"name":"wp","href":"https:\/\/api.w.org\/{rel}","templated":true}]}}