{"id":360,"date":"2010-09-26T12:30:12","date_gmt":"2010-09-26T10:30:12","guid":{"rendered":"http:\/\/www.unionbelge.be\/?p=360"},"modified":"2010-09-27T15:53:23","modified_gmt":"2010-09-27T13:53:23","slug":"welcome","status":"publish","type":"post","link":"https:\/\/www.unionbelge.be\/?p=360","title":{"rendered":"DE B.U.B. HOUDT VOET BIJ STUK &#8211; LE B.U.B. TIENT SA PAROLE"},"content":{"rendered":"<p><em> <\/em><\/p>\n<dl id=\"attachment_365\" class=\"wp-caption alignleft\" style=\"width: 299px;\">\n<dt class=\"wp-caption-dt\"><a href=\"https:\/\/www.unionbelge.be\/wp-content\/uploads\/2010\/08\/Hans_portrait.png\"><img loading=\"lazy\" decoding=\"async\" class=\"size-full wp-image-365\" title=\"Hans_portrait\" src=\"https:\/\/www.unionbelge.be\/wp-content\/uploads\/2010\/08\/Hans_portrait.png\" alt=\"\" width=\"289\" height=\"240\" \/><\/a><\/dt>\n<dd class=\"wp-caption-dd\">Hans Van de Cauter, Pr\u00e9sident &#8211; Voorzitter<\/dd>\n<\/dl>\n<p>Geachte bezoeker,<\/p>\n<p><strong>De huidige politieke crisis, die men heel ernstig kan noemen, is het zoveelste bewijs dat het taalfederalisme een gigantische mislukking is.<\/strong> Het systeem is verschrikkelijk duur, zeer complex, ineffici\u00ebnt, discriminerend, ondemocratisch en zeer instabiel. Kortom, een bedreiging voor Belgi\u00eb en een cadeau voor de nationalisten. Deze laatste leven immers van dit feitelijk bipolair systeem dat Noord- en Zuid-belgische politici tegen elkaar opzet. De nationalistische particratie die dit land bestuurt, draagt dan ook een loodzware verantwoordelijkheid in dit institutioneel drama. De kloof met de overwegend Belgisch-gezinde bevolking is immens groot.\u00a0<strong>Alle serieuze opiniepeilingen van de laatste 20 jaar wijzen uit dat het aantal separatisten kleiner is dan het aantal unitaristen. Volgens een\u00a0optimistische interpetatie &#8211; die u in de rubriek &#8216;sociologie&#8217; van deze site terugvindt &#8211; zouden de unitaristische Belgen zelfs in de absolute meerderheid zijn en dit ondanks het feit dat\u00a0de B.U.B.\u00a00,0% van de media-aandacht\u00a0krijgt en natuurlijk geen cent overheidsgeld !<\/strong><\/p>\n<p>Voor de B.U.B. moet de politieke splitsingswaanzin stoppen ! <strong>Het land is niet te koop.<\/strong> Sinds 2002 ijveren wij zonder ophouden en met volle overtuiging voor een <strong>nieuw unitair en tweetalig Belgi\u00eb op basis van de 9 historische provincies.<\/strong> Dit is geen fictie. Dit is pure logica. Want als het federalisme een mislukking is \u2013 wat de politiek elke dag weer eens bewijst \u2013 en separatisme niet mogelijk is aangezien men er niet in slaagt een staatsgrens door Belgi\u00eb te trekken zonder een burgeroorlog uit te lokken, blijft alleen het unitarisme met provinciale decentralisatie over als alternatief. Dit systeem heeft in het verleden bestaan en werkte zeer goed, wat kwatongen ook mogen beweren. Wat nieuw is in ons plan in vergelijking met het vroegere unitaire Belgi\u00eb, is dat er nu eindelijk eens grondig werk moet gemaakt worden van de tweetaligheid van de Belgische bevolking. Daartoe stellen we tweetalige media en scholen voor. Net dat ambitieuze punt wordt het meest door onze tegenstanders geschuwd. En we kunnen hen best begrijpen. Tweetaligheid is immers het einde van hun nationalisme en dus van hun broodwinning !<\/p>\n<p>Belgi\u00eb kan, moet en zal zijn economische en politieke glorie van weleer terugvinden <strong>als de Belgen eindelijk eens beseffen dat het in een tweetalig land geen zin heeft om op eentalige partijen te stemmen.<\/strong> In tegenstelling tot de taalgesplitste partijen heeft de B.U.B.\u00a0geen &#8216;plan B&#8217; wat het te bereiken doel betreft of het moet het &#8216;plan Belgi\u00eb&#8217; heten en dus hetzelfde zijn als het plan A. Wij sluiten geen compromissen over onze idealen omdat we er 100% in geloven.<\/p>\n<p>Kortom, de oplossingen zijn eenvoudig, maar vergen goede wil en optimisme !<\/p>\n<p>Met Belgische groeten,<\/p>\n<p>Hans VAN DE CAUTER<br \/>\nVoorzitter B.U.B.<\/p>\n<p>Cher visiteur,<\/p>\n<p><strong>La crise politique actuelle, qu\u2019on peut qualifier de tr\u00e8s grave, est la \u00e9ni\u00e8me preuve que le f\u00e9d\u00e9ralisme linguistique constitue un \u00e9chec total.<\/strong> Le syst\u00e8me est extr\u00eamement cher,\u00a0 complexe, inefficace, discriminatoire et tr\u00e8s instable. Bref, il est une menace pour la Belgique et un cadeau aux nationalistes. En effet, ces derniers vivent de ce syst\u00e8me de fait bipolaire qui oppose les politiciens du nord \u00e0 ceux du sud et vice versa. La particratie nationaliste qui gouverne ce pays porte par cons\u00e9quent une grande responsabilit\u00e9 dans ce drame institutionnel. Le foss\u00e9 entre les politiciens et le peuple belge, majoritairement en faveur de l\u2019unit\u00e9 du pays, est large et profond.\u00a0<strong>Tous les sondages d&#8217;opinion s\u00e9rieux des derniers 20 ans d\u00e9montrent que le nombre d&#8217;unitaristes est plus \u00e9lev\u00e9 que le nombre de s\u00e9paratistes. Selon une interpr\u00e9tation optimiste (mais pas n\u00e9cessairement fausse) &#8211; que vous retrouvez dans la rubrique &#8216;sociologie&#8217; de ce site &#8211; les unitaristes belges formeraient d\u00e9j\u00e0 la majorit\u00e9 absolue et ceci malgr\u00e9 le fait que le B.U.B. dispose de 0,0% de l&#8217;acc\u00e8s aux m\u00e9dias et soit priv\u00e9 du moindre centime de financement public !<\/strong><\/p>\n<p>Pour le B.U.B.,\u00a0la fr\u00e9n\u00e9sie politique du s\u00e9paratisme doit s\u2019arr\u00eater. <strong>Le pays n\u2019est pas \u00e0 vendre.<\/strong> Depuis 2002, nous oeuvrons sans rel\u00e2che et pleine de conviction \u00e0 <strong>une nouvelle Belgique unitaire et bilingue sur la base des 9 provinces historiques<\/strong>. Ceci n\u2019est pas une fiction parce que si le f\u00e9d\u00e9ralisme est un \u00e9chec \u2013 ce que la politique prouve chaque jour \u2013 et si le s\u00e9paratisme n\u2019est pas possible vu l\u2019impossibilit\u00e9 de tracer une fronti\u00e8re d\u2019Etat \u00e0 travers la Belgique tout en \u00e9vitant une guerre civile, la seule alternative qui reste est l\u2019unitarisme avec la d\u00e9centralisation provinciale. Ce syst\u00e8me a exist\u00e9 par le pass\u00e9 et fonctionnait \u00e0 merveille, quoique pr\u00e9tendent certains m\u00e9disants. Ce qui est nouveau dans notre plan par rapport \u00e0 la Belgique unitaire d\u2019antan, c\u2019est qu\u2019on doit enfin s\u2019atteler \u00e0 la promotion du bilinguisme de la population belge. A cet effet, nous proposons des m\u00e9dias et des \u00e9coles bilingues. Il est significatif que ce soit surtout ce point-ci qui est le plus pass\u00e9 sous silence par nos adversaires. Mais nous pouvons le comprendre. Le bilinguisme signifie en effet la fin de leur nationalisme et donc de leur gagne-pain !<\/p>\n<p>Nous sommes s\u00fbrs que la Belgique retrouvera sa gloire politique et \u00e9conomique d\u2019antan <strong>si les Belges se rendent enfin compte que c\u2019est un non-sens de voter pour des partis unilingues dans un pays bilingue.<\/strong> Contrairement aux partis linguistiquement scind\u00e9s, le B.U.B. ne dispose pas de &#8216;plan B&#8217; en ce qui concerne le but \u00e0 atteindre ou il doit s&#8217;agir d&#8217;un &#8216;plan Belgique&#8217; et donc \u00eatre identique au plan A. Nous ne faisons pas de compromis sur nos id\u00e9aux parce que nous y croyons \u00e0 100%<\/p>\n<p>Bref, les solutions sont \u00e9videntes, mais demandent de la bonne volont\u00e9 et de l\u2019optimisme !<\/p>\n<p>Salutations belges,<\/p>\n<p>Hans VAN DE CAUTER<br \/>\nPr\u00e9sident du B.U.B.<\/p>\n","protected":false},"excerpt":{"rendered":"<p>La crise politique actuelle, qu\u2019on peut qualifier de tr\u00e8s grave, est la \u00e9ni\u00e8me preuve que le f\u00e9d\u00e9ralisme linguistique constitue un \u00e9chec total. Le syst\u00e8me est extr\u00eamement cher,  complexe, inefficace, discriminatoire et tr\u00e8s instable. Bref, il est une menace pour la Belgique et un cadeau aux nationalistes. En effet, ces derniers vivent de ce syst\u00e8me de fait bipolaire qui oppose les politiciens du nord \u00e0 ceux du sud et vice versa. La particratie nationaliste qui gouverne ce pays porte par cons\u00e9quent une grande responsabilit\u00e9 dans ce drame institutionnel. Le foss\u00e9 entre les politiciens et le peuple belge, majoritairement en faveur de l\u2019unit\u00e9 du pays, est large et profond. <\/p>\n<p>De huidige politieke crisis, die men heel ernstig kan noemen, is het zoveelste bewijs dat het taalfederalisme een gigantische mislukking is. Het systeem is verschrikkelijk duur, zeer complex, ineffici\u00ebnt, discriminerend, ondemocratisch en zeer instabiel. Kortom, een bedreiging voor Belgi\u00eb en een cadeau voor de nationalisten. Deze laatste leven immers van dit feitelijk bipolair systeem dat Noord- en Zuid-belgische politici tegen elkaar opzet. De nationalistische particratie die dit land bestuurt, draagt dan ook een loodzware verantwoordelijkheid in dit institutioneel drama. De kloof met de overwegend Belgisch-gezinde bevolking is immens groot. <\/p>\n","protected":false},"author":2,"featured_media":0,"comment_status":"closed","ping_status":"open","sticky":false,"template":"","format":"standard","meta":{"ngg_post_thumbnail":0,"jetpack_post_was_ever_published":false,"_jetpack_newsletter_access":"","_jetpack_dont_email_post_to_subs":false,"_jetpack_newsletter_tier_id":0,"_jetpack_memberships_contains_paywalled_content":false,"powered_cache_disable_cache":false,"_jetpack_memberships_contains_paid_content":false,"footnotes":"","jetpack_publicize_message":"","jetpack_publicize_feature_enabled":true,"jetpack_social_post_already_shared":false,"jetpack_social_options":{"image_generator_settings":{"template":"highway","default_image_id":0,"font":"","enabled":false},"version":2}},"categories":[4],"tags":[],"class_list":["post-360","post","type-post","status-publish","format-standard","hentry","category-info"],"jetpack_publicize_connections":[],"jetpack_featured_media_url":"","jetpack_sharing_enabled":true,"jetpack_shortlink":"https:\/\/wp.me\/s6Y7u0-welcome","jetpack_likes_enabled":false,"_links":{"self":[{"href":"https:\/\/www.unionbelge.be\/index.php?rest_route=\/wp\/v2\/posts\/360","targetHints":{"allow":["GET"]}}],"collection":[{"href":"https:\/\/www.unionbelge.be\/index.php?rest_route=\/wp\/v2\/posts"}],"about":[{"href":"https:\/\/www.unionbelge.be\/index.php?rest_route=\/wp\/v2\/types\/post"}],"author":[{"embeddable":true,"href":"https:\/\/www.unionbelge.be\/index.php?rest_route=\/wp\/v2\/users\/2"}],"replies":[{"embeddable":true,"href":"https:\/\/www.unionbelge.be\/index.php?rest_route=%2Fwp%2Fv2%2Fcomments&post=360"}],"version-history":[{"count":26,"href":"https:\/\/www.unionbelge.be\/index.php?rest_route=\/wp\/v2\/posts\/360\/revisions"}],"predecessor-version":[{"id":2024,"href":"https:\/\/www.unionbelge.be\/index.php?rest_route=\/wp\/v2\/posts\/360\/revisions\/2024"}],"wp:attachment":[{"href":"https:\/\/www.unionbelge.be\/index.php?rest_route=%2Fwp%2Fv2%2Fmedia&parent=360"}],"wp:term":[{"taxonomy":"category","embeddable":true,"href":"https:\/\/www.unionbelge.be\/index.php?rest_route=%2Fwp%2Fv2%2Fcategories&post=360"},{"taxonomy":"post_tag","embeddable":true,"href":"https:\/\/www.unionbelge.be\/index.php?rest_route=%2Fwp%2Fv2%2Ftags&post=360"}],"curies":[{"name":"wp","href":"https:\/\/api.w.org\/{rel}","templated":true}]}}