{"id":3239,"date":"2011-02-17T11:58:23","date_gmt":"2011-02-17T09:58:23","guid":{"rendered":"http:\/\/www.unionbelge.be\/?p=3239"},"modified":"2016-11-17T22:22:25","modified_gmt":"2016-11-17T21:22:25","slug":"voor-een-nieuw-unitair-belgie-pour-une-nouvelle-belgique-unitaire","status":"publish","type":"post","link":"https:\/\/www.unionbelge.be\/?p=3239","title":{"rendered":"VOOR EEN NIEUW UNITAIR BELGIE \u2013 POUR UNE NOUVELLE BELGIQUE UNITAIRE"},"content":{"rendered":"<p><a href=\"https:\/\/www.unionbelge.be\/wp-content\/uploads\/2011\/02\/frietrevolutie.jpg.275.jpg\"><img loading=\"lazy\" decoding=\"async\" class=\"size-full wp-image-3240\" title=\"frietrevolutie.jpg.275\" src=\"https:\/\/www.unionbelge.be\/wp-content\/uploads\/2011\/02\/frietrevolutie.jpg.275.jpg\" alt=\"\" width=\"200\" height=\"305\" srcset=\"https:\/\/www.unionbelge.be\/wp-content\/uploads\/2011\/02\/frietrevolutie.jpg.275.jpg 200w, https:\/\/www.unionbelge.be\/wp-content\/uploads\/2011\/02\/frietrevolutie.jpg.275-196x300.jpg 196w\" sizes=\"auto, (max-width: 200px) 100vw, 200px\" \/><\/a><\/p>\n<p><strong>LA REVOLUTION DES FRITES<br \/>\n<\/strong><\/p>\n<p><strong>Le 17 f\u00e9vrier 2011, jour pour jour 17 ans apr\u00e8s l\u2019introduction officielle du f\u00e9d\u00e9ralisme linguistique, le nouveau syst\u00e8me anti-belge est en pleine crise.<\/strong><\/p>\n<p>Le f\u00e9d\u00e9ralisme linguistique ne fonctionne pas. Les politiciens n\u2019arrivent plus \u00e0 former un nouveau gouvernement f\u00e9d\u00e9ral depuis les \u00e9lections f\u00e9d\u00e9rales du 13 juin 2010 parce qu \u2019ils ne s\u2019accordent pas sur un approfondissement du f\u00e9d\u00e9ralisme, laissant la gestion du pays \u00e0 un gouvernement d\u2019affaires courantes. Ce jour, la Belgique battra le record du monde de la dur\u00e9e de formation d\u2019un gouvernement, prenant ainsi la position peu enviable de l\u2019Irak\u2026 A cette occasion, les associations estudiantines belges organisent une \u00ab r\u00e9volution des frites \u00bb et lancent quelques revendications pro-belges.<\/p>\n<p>D\u00e9cid\u00e9ment, ce record n\u2019est rien pour s\u2019en r\u00e9jouir. <strong>La particratie nationaliste et son syst\u00e8me absurde, appel\u00e9 f\u00e9d\u00e9ralisme, sont us\u00e9s jusqu\u2019\u00e0 la corde. <\/strong>Ce n&#8217;est pas \u00e9tonnant car ce syst\u00e8me nous a \u00e9t\u00e9 impos\u00e9 de fa\u00e7on opaque et particratique sans la moindre consultation populaire. Les \u00e9tudiants belges, qui se montrent depuis plusieurs mois tr\u00e8s actifs sur le plan de la d\u00e9fense de l\u2019unit\u00e9 de la Belgique en organisant des actions et des manifestations, ont dans le cadre de ce bien triste record du monde con\u00e7u l\u2019id\u00e9e de mettre sur pied une action ludique en la forme d\u2019une <em>\u00ab r\u00e9volution des frites \u00bb<\/em> impliquant notamment des <em>\u00ab flash mobs \u00bb<\/em>, c\u2019est-\u00e0-dire des rassemblements revendicatifs.<\/p>\n<p><strong>Ce qui surprend cette fois-ci en comparaison avec des actions ant\u00e9rieures est le fait que les \u00e9tudiants posent pour la premi\u00e8re fois des exigences institutionnelles<\/strong> : ils s\u2019opposent \u00e0 la division de la s\u00e9curit\u00e9 sociale et r\u00e9clament l\u2019instauration d\u2019une circonscription f\u00e9d\u00e9rale unique. Ils veulent aussi que la r\u00e9gion bilingue de Bruxelles-Capitale soit un exemple, un\u00a0 laboratoire \u00bb pour le reste de la Belgique. Ce dernier point n\u2019est pas anodin. En effet, la r\u00e9gion de Bruxelles-Capitale d\u00e9montre tous les jours qu\u2019une gestion unitaire et bilingue d\u2019un territoire est parfaitement possible, m\u00eame dans des domaines qui sont aujourd\u2019hui divis\u00e9s sur la base de la langue (l\u2019am\u00e9nagement du territoire, les travaux publics, l\u2019environnement,\u2026). <strong>Bruxelles prouve que la Belgique unitaire est possible.<\/strong><\/p>\n<p><strong>Bref, ces revendications estudiantines sont r\u00e9v\u00e9latrices d\u2019un changement de l\u2019attitude des jeunes Belges: ils s\u2019int\u00e9ressent de plus en plus \u00e0 l\u2019avenir de la Belgique et veulent un pays plus uni, voire unitaire. <span style=\"text-decoration: underline;\">Bien que l&#8217;action soit encore &#8220;sage&#8221;, le revirement de l\u2019opinion publique est un fait.<\/span><\/strong><\/p>\n<p>&nbsp;<\/p>\n<p><strong>DE FRIETREVOLUTIE<br \/>\n<\/strong><\/p>\n<p><strong>Op 17 februari 2011, dag op dag 17 jaar na de offici\u00eble invoering van het taalfederalisme, is het nieuwe anti-Belgische systeem in volle crisis. <\/strong><\/p>\n<p>Het taalfederalisme werkt niet. De politici slagen er sinds de federale verkiezingen van 13 juni 2010 niet meer in een nieuwe federale regering te vormen omdat ze het niet eens geraken over een verdere uitdieping van het federalisme. Ze laten het beheer van het land over aan een regering van lopende zaken. Op deze dag zal Belgi\u00eb het wereldrecord van de regeringsvormen breken en zal het de weinig benijdenswaardige plaats van Irak innemen\u2026 Bij deze gelegenheid organiseren de Belgische studentenverenigingen een \u201cfrietrevolutie\u201d en formuleren ze enkele pro-Belgische revindicaties.<\/p>\n<p>Dit record is duidelijk niet iets om trots op te zijn. <strong>De nationalistische particratie en haar absurd systeem, genaamd federalisme, zijn tot op de draad versleten. <\/strong>Dat hoeft niet te verwonderen omdat dit systeem ons op obscure en particratische wijze werd opgedrongen zonder enige volksraadpleging. De Belgische studenten, die zich sinds verscheidene maanden zeer actief opstellen op het vlak van de verdediging van de Belgische eenheid door acties en betogingen te organiseren, hebben in het kader van dit trieste wereldrecord het idee opgevat om een ludieke actie op poten te zetten in de vorm van een <em>\u201cfrietrevolutie\u201d<\/em>, die ondermeer <em>\u201cflash mobs\u201d<\/em> of protestacties inhoudt.<\/p>\n<p><strong>Wat deze keer opvalt in vergelijking met vroegere acties is dat de studenten voor de eerste maal institutionele eisen stellen :<\/strong> ze verzetten zich tegen de opsplitsing van de sociale zekerheid en vorderen de invoering van een federale kieskring. Ze willen eveneens dat het tweetalige hoofdstedelijk gewest Brussel een voorbeeld, een \u201claboratorium\u201d is voor de rest van Belgi\u00eb. Dit laatste punt is niet onschuldig. Het Brussels gewest toont immers iedere dag aan dat een unitair en tweetalig beleid perfect mogelijk is, zelfs in die materies die vandaag op taalbasis gesplitst zijn (ruimtelijke ordening, wegenbouw, milieu,\u2026). <strong>Brussel bewijst dat een unitair Belgi\u00eb mogelijk is.<\/strong><\/p>\n<p><strong>Deze studenteneisen luiden een gedragsverandering bij de Belgische jongeren in : ze interesseren zich steeds meer voor de toekomst van Belgi\u00eb en wensen een hechter en zelfs unitair land. <span style=\"text-decoration: underline;\">Hoe &#8220;braaf&#8221; de actie ook mag lijken, de kentering van de publieke opinie is een feit.<\/span><\/strong><\/p>\n","protected":false},"excerpt":{"rendered":"<p>Le 17 f\u00e9vrier 2011, jour pour jour 17 ans apr\u00e8s l\u2019introduction officielle du f\u00e9d\u00e9ralisme linguistique, le nouveau syst\u00e8me anti-belge est en pleine crise.<\/p>\n<p>Op 17 februari 2011, dag op dag 17 jaar na de offici\u00eble invoering van het taalfederalisme, is het nieuwe anti-Belgische systeem in volle crisis. <\/p>\n","protected":false},"author":2,"featured_media":0,"comment_status":"closed","ping_status":"open","sticky":false,"template":"","format":"standard","meta":{"ngg_post_thumbnail":0,"jetpack_post_was_ever_published":false,"_jetpack_newsletter_access":"","_jetpack_dont_email_post_to_subs":true,"_jetpack_newsletter_tier_id":0,"_jetpack_memberships_contains_paywalled_content":false,"powered_cache_disable_cache":false,"_jetpack_memberships_contains_paid_content":false,"footnotes":"","jetpack_publicize_message":"","jetpack_publicize_feature_enabled":true,"jetpack_social_post_already_shared":false,"jetpack_social_options":{"image_generator_settings":{"template":"highway","default_image_id":0,"font":"","enabled":false},"version":2}},"categories":[1,5],"tags":[],"class_list":["post-3239","post","type-post","status-publish","format-standard","hentry","category-news0","category-opinions"],"jetpack_publicize_connections":[],"jetpack_featured_media_url":"","jetpack_sharing_enabled":true,"jetpack_shortlink":"https:\/\/wp.me\/p6Y7u0-Qf","jetpack_likes_enabled":false,"_links":{"self":[{"href":"https:\/\/www.unionbelge.be\/index.php?rest_route=\/wp\/v2\/posts\/3239","targetHints":{"allow":["GET"]}}],"collection":[{"href":"https:\/\/www.unionbelge.be\/index.php?rest_route=\/wp\/v2\/posts"}],"about":[{"href":"https:\/\/www.unionbelge.be\/index.php?rest_route=\/wp\/v2\/types\/post"}],"author":[{"embeddable":true,"href":"https:\/\/www.unionbelge.be\/index.php?rest_route=\/wp\/v2\/users\/2"}],"replies":[{"embeddable":true,"href":"https:\/\/www.unionbelge.be\/index.php?rest_route=%2Fwp%2Fv2%2Fcomments&post=3239"}],"version-history":[{"count":15,"href":"https:\/\/www.unionbelge.be\/index.php?rest_route=\/wp\/v2\/posts\/3239\/revisions"}],"predecessor-version":[{"id":11309,"href":"https:\/\/www.unionbelge.be\/index.php?rest_route=\/wp\/v2\/posts\/3239\/revisions\/11309"}],"wp:attachment":[{"href":"https:\/\/www.unionbelge.be\/index.php?rest_route=%2Fwp%2Fv2%2Fmedia&parent=3239"}],"wp:term":[{"taxonomy":"category","embeddable":true,"href":"https:\/\/www.unionbelge.be\/index.php?rest_route=%2Fwp%2Fv2%2Fcategories&post=3239"},{"taxonomy":"post_tag","embeddable":true,"href":"https:\/\/www.unionbelge.be\/index.php?rest_route=%2Fwp%2Fv2%2Ftags&post=3239"}],"curies":[{"name":"wp","href":"https:\/\/api.w.org\/{rel}","templated":true}]}}