{"id":3184,"date":"2011-02-06T22:37:54","date_gmt":"2011-02-06T20:37:54","guid":{"rendered":"http:\/\/www.unionbelge.be\/?p=3184"},"modified":"2016-11-17T22:25:08","modified_gmt":"2016-11-17T21:25:08","slug":"nationale-vergadering-reunion-nationale-05-02-2011","status":"publish","type":"post","link":"https:\/\/www.unionbelge.be\/?p=3184","title":{"rendered":"NATIONALE VERGADERING &#8211; REUNION NATIONALE 05.02.2011"},"content":{"rendered":"<figure id=\"attachment_3190\" aria-describedby=\"caption-attachment-3190\" style=\"width: 300px\" class=\"wp-caption alignleft\"><a href=\"https:\/\/www.unionbelge.be\/wp-content\/uploads\/2011\/02\/R\u00e9union-05.02.2011-003.jpg\"><img loading=\"lazy\" decoding=\"async\" class=\"size-medium wp-image-3190\" title=\"R\u00e9union 05.02.2011 003\" src=\"https:\/\/www.unionbelge.be\/wp-content\/uploads\/2011\/02\/R\u00e9union-05.02.2011-003-300x200.jpg\" alt=\"\" width=\"300\" height=\"200\" srcset=\"https:\/\/www.unionbelge.be\/wp-content\/uploads\/2011\/02\/R\u00e9union-05.02.2011-003-300x200.jpg 300w, https:\/\/www.unionbelge.be\/wp-content\/uploads\/2011\/02\/R\u00e9union-05.02.2011-003-420x280.jpg 420w, https:\/\/www.unionbelge.be\/wp-content\/uploads\/2011\/02\/R\u00e9union-05.02.2011-003-800x533.jpg 800w, https:\/\/www.unionbelge.be\/wp-content\/uploads\/2011\/02\/R\u00e9union-05.02.2011-003-1024x682.jpg 1024w, https:\/\/www.unionbelge.be\/wp-content\/uploads\/2011\/02\/R\u00e9union-05.02.2011-003-1200x800.jpg 1200w\" sizes=\"auto, (max-width: 300px) 100vw, 300px\" \/><\/a><figcaption id=\"caption-attachment-3190\" class=\"wp-caption-text\">Claudio Gomes, responsable du Hainaut, explique dans les deux grandes langues nationales le fonctionnement de la nouvelle Belgique unitaire et multilingue sur la base des 9 provinces historiques. &#8211; Claudio Gomes, verantwoordelijke voor Henegouwen, legt in de twee grote nationale talen de structuur van het nieuwe unitaire en meertalige Belgi\u00eb uit op basis van de 9 historische provincies (foto &#8211; photo B.U.B.)<\/figcaption><\/figure>\n<p><strong>UNE REUNION REUSSIE !<\/strong><\/p>\n<p><strong>Le 5 f\u00e9vrier 2011, le B.U.B. a tenu sa r\u00e9union nationale \u00e0 Bruxelles. Au total, 35 sympathisants enthousiastes ont \u00e9cout\u00e9 attentivement l&#8217;explication des structures de notre parti, de notre programme unitariste et de l&#8217;histoire politique de la Belgique.<\/strong><\/p>\n<p>C&#8217;\u00e9tait une\u00a0rencontre enrichissante pour tout le monde parce que le parti met beaucoup l&#8217;accent sur la formation de ses membres et sympathisants. Gr\u00e2ce \u00e0 la bonne r\u00e9partition g\u00e9ographique des gens pr\u00e9sents et \u00e0 leur motivation, le B.U.B. a surtout pu renforcer ses sections dans le Hainaut, la Flandre occidentale, la Flandre orientale, Anvers et le Brabant. <strong>Chacun a compris que les r\u00e9formes de l&#8217;Etat et le\u00a0f\u00e9d\u00e9ralisme linguistique qui en est la cons\u00e9quence\u00a0nous m\u00e8nent \u00e0 rien, sauf au s\u00e9paratisme,\u00a0et que ce syst\u00e8me ridicule nous a \u00e9t\u00e9 impos\u00e9 par des nationalistes et des opportunistes dans le seul but de diviser la Belgique et les Belges, sans doute pour pouvoir &#8220;mieux r\u00e9gner&#8221;.<\/strong> Tout le monde voit le r\u00e9sultat aujourd&#8217;hui&#8230;<\/p>\n<p>Nous remercions tout ceux qui \u00e9taient pr\u00e9sents et surtout ceux qui ont rendu cette r\u00e9union possible !<\/p>\n<p>&nbsp;<\/p>\n<p><strong>EEN GESLAAGDE VERGADERING !<\/strong><\/p>\n<p><strong>Op 5 februari 2011 heeft de B.U.B. zijn nationale vergadering in Brussel gehouden. In totaal hebben 35\u00a0enthousiaste sympathisanten\u00a0 aandachtig geluisterd naar de uitleg over de structuren van onze partij, over ons unitaristisch programma en over de politieke geschiedenis van Belgi\u00eb.<\/strong><\/p>\n<p>Het was voor iedereen een verrijkende bijeenkomst omdat de partij veel\u00a0nadruk legt op de vorming van de leden en de sympathisanten. <strong>Iedereen heeft begrepen dat de &#8220;staatshervormingen&#8221; en het taalfederalisme nergens toe leiden behalve tot separatisme en dat dit belachelijke systeem ons door nationalisten en opportunisten\u00a0werd opgelegd met als enig doel Belgi\u00eb en de Belgen te verdelen, ongetwijfeld om &#8220;beter&#8221; te kunnen &#8220;heersen&#8221;.<\/strong> Iedereen ziet vandaag het resultaat&#8230;<\/p>\n<p>Dank zij een goede geografische spreiding van de aanwezigen en hun motivatie heeft de B.U.B. vooral zijn secties in Henegouwen, West- en Oost-Vlaanderen, Antwerpen en Brabant kunnen versterken.<\/p>\n<p>Wij danken ieder die aanwezig was en vooral diegene die deze vergadering hebben mogelijk gemaakt !<\/p>\n","protected":false},"excerpt":{"rendered":"<p>Le 5 f\u00e9vrier 2011, le B.U.B. a tenu sa r\u00e9union nationale \u00e0 Bruxelles. Au total, 35 sympathisants enthousiastes ont \u00e9cout\u00e9 attentivement l&#8217;explication des structures de notre parti, de notre programme unitariste et de l&#8217;histoire politique de la Belgique.<\/p>\n<p>Op 5 februari 2011 heeft de B.U.B. zijn nationale vergadering in Brussel gehouden. In totaal hebben 35 enthousiaste sympathisanten aandachtig geluisterd naar de uitleg over de structuren van onze partij, over ons unitaristisch programma en over de politieke geschiedenis van Belgi\u00eb.<\/p>\n","protected":false},"author":2,"featured_media":0,"comment_status":"closed","ping_status":"open","sticky":false,"template":"","format":"standard","meta":{"ngg_post_thumbnail":0,"jetpack_post_was_ever_published":false,"_jetpack_newsletter_access":"","_jetpack_dont_email_post_to_subs":true,"_jetpack_newsletter_tier_id":0,"_jetpack_memberships_contains_paywalled_content":false,"powered_cache_disable_cache":false,"_jetpack_memberships_contains_paid_content":false,"footnotes":"","jetpack_publicize_message":"","jetpack_publicize_feature_enabled":true,"jetpack_social_post_already_shared":false,"jetpack_social_options":{"image_generator_settings":{"template":"highway","default_image_id":0,"font":"","enabled":false},"version":2}},"categories":[1,4],"tags":[],"class_list":["post-3184","post","type-post","status-publish","format-standard","hentry","category-news0","category-info"],"jetpack_publicize_connections":[],"jetpack_featured_media_url":"","jetpack_sharing_enabled":true,"jetpack_shortlink":"https:\/\/wp.me\/p6Y7u0-Pm","jetpack_likes_enabled":false,"_links":{"self":[{"href":"https:\/\/www.unionbelge.be\/index.php?rest_route=\/wp\/v2\/posts\/3184","targetHints":{"allow":["GET"]}}],"collection":[{"href":"https:\/\/www.unionbelge.be\/index.php?rest_route=\/wp\/v2\/posts"}],"about":[{"href":"https:\/\/www.unionbelge.be\/index.php?rest_route=\/wp\/v2\/types\/post"}],"author":[{"embeddable":true,"href":"https:\/\/www.unionbelge.be\/index.php?rest_route=\/wp\/v2\/users\/2"}],"replies":[{"embeddable":true,"href":"https:\/\/www.unionbelge.be\/index.php?rest_route=%2Fwp%2Fv2%2Fcomments&post=3184"}],"version-history":[{"count":9,"href":"https:\/\/www.unionbelge.be\/index.php?rest_route=\/wp\/v2\/posts\/3184\/revisions"}],"predecessor-version":[{"id":11311,"href":"https:\/\/www.unionbelge.be\/index.php?rest_route=\/wp\/v2\/posts\/3184\/revisions\/11311"}],"wp:attachment":[{"href":"https:\/\/www.unionbelge.be\/index.php?rest_route=%2Fwp%2Fv2%2Fmedia&parent=3184"}],"wp:term":[{"taxonomy":"category","embeddable":true,"href":"https:\/\/www.unionbelge.be\/index.php?rest_route=%2Fwp%2Fv2%2Fcategories&post=3184"},{"taxonomy":"post_tag","embeddable":true,"href":"https:\/\/www.unionbelge.be\/index.php?rest_route=%2Fwp%2Fv2%2Ftags&post=3184"}],"curies":[{"name":"wp","href":"https:\/\/api.w.org\/{rel}","templated":true}]}}