{"id":3152,"date":"2011-02-03T22:14:23","date_gmt":"2011-02-03T20:14:23","guid":{"rendered":"http:\/\/www.unionbelge.be\/?p=3152"},"modified":"2011-02-03T22:15:23","modified_gmt":"2011-02-03T20:15:23","slug":"warms-belgisch-concert-concert-belge","status":"publish","type":"post","link":"https:\/\/www.unionbelge.be\/?p=3152","title":{"rendered":"WARMS: BELGISCH CONCERT &#8211; CONCERT BELGE"},"content":{"rendered":"<p><strong><em><a href=\"https:\/\/www.unionbelge.be\/wp-content\/uploads\/2011\/02\/WA.jpg\"><img loading=\"lazy\" decoding=\"async\" class=\"alignleft size-full wp-image-3153\" title=\"WA\" src=\"https:\/\/www.unionbelge.be\/wp-content\/uploads\/2011\/02\/WA.jpg\" alt=\"\" width=\"150\" height=\"44\" \/><\/a>De B.U.B. ondersteunt dit initiatief! &#8211; Le B.U.B. soutient cette initiative!<\/em><\/strong><\/p>\n<p><em>Bonjour \u00e0 tous,<\/em><\/p>\n<p><em>Ce 25 f\u00e9vrier, \u00e0 Jette, \u00e0 l&#8217;Exclesior sera organis\u00e9 un concert, Belgarock! aux couleurs de la Belgique et qui r\u00e9unira des groupes, des artistes bilingues et surtout des belges de tout le pays.<\/em><\/p>\n<p><em>Je vous invite donc tous, N\u00e9erlandophones et Francophones, \u00e0 venir \u00e0 Jette ce vendredi 25 f\u00e9vrier !<\/em> <em><\/em><\/p>\n<p><em>Pour plus d&#8217;informations allez visiter <\/em> <em><a href=\"http:\/\/www.warms.be\/\" target=\"_blank\">http:\/\/www.warms.be\/<\/a> ou veuillez me contacter \u00e0 <a href=\"mailto:mea.warms@gmail.com\" target=\"_blank\">mea.warms@gmail.com<\/a>.<\/em><\/p>\n<p><em>En esp\u00e9rant vivement vous y voir.<\/em> <em><\/em><\/p>\n<p><em>Cordialement\/ Hartelijk Julien de WARMS<\/em><\/p>\n<p><em>Hallo allemaal,<br \/>\n<\/em><\/p>\n<p><em>Op 25 februari a.s. zal in de Excelsior (Jette) een concert georganiseerd worden: Belgarock!, want Belgisch zijn onze kleuren. Het optreden zal tweetalige groepen en artiesten &#8211; waaronder vooral Belgen van overal in ons land &#8211; verenigen. <\/em><\/p>\n<p><em>Ik nodig u dus allen uit &#8211; Nederlands- en Franstaligen &#8211; om op vrijdag 25 februari naar Jette af te zakken!<\/em><\/p>\n<p><em>Voor meer informatie kan u een kijkje nemen op <a href=\"http:\/\/www.warms.be\/\" target=\"_blank\">http:\/\/www.warms.be\/<\/a> of me contacteren op <a href=\"mailto:mea.warms@gmail.com\" target=\"_blank\">mea.warms@gmail.com<\/a>.<\/em><\/p>\n<p><em>Ik hoop van harte u binnenkort allemaal te mogen ontmoeten<\/em><\/p>\n<p><em>Hartelijk <\/em><\/p>\n<p><em>Julien de WARMS<\/em><\/p>\n","protected":false},"excerpt":{"rendered":"<p>De B.U.B. ondersteunt dit initiatief! &#8211; Le B.U.B. soutient cette initiative!<\/p>\n","protected":false},"author":2,"featured_media":0,"comment_status":"closed","ping_status":"open","sticky":false,"template":"","format":"standard","meta":{"ngg_post_thumbnail":0,"jetpack_post_was_ever_published":false,"_jetpack_newsletter_access":"","_jetpack_dont_email_post_to_subs":false,"_jetpack_newsletter_tier_id":0,"_jetpack_memberships_contains_paywalled_content":false,"powered_cache_disable_cache":false,"_jetpack_memberships_contains_paid_content":false,"footnotes":"","jetpack_publicize_message":"","jetpack_publicize_feature_enabled":true,"jetpack_social_post_already_shared":false,"jetpack_social_options":{"image_generator_settings":{"template":"highway","default_image_id":0,"font":"","enabled":false},"version":2}},"categories":[1],"tags":[],"class_list":["post-3152","post","type-post","status-publish","format-standard","hentry","category-news0"],"jetpack_publicize_connections":[],"jetpack_featured_media_url":"","jetpack_sharing_enabled":true,"jetpack_shortlink":"https:\/\/wp.me\/p6Y7u0-OQ","jetpack_likes_enabled":false,"_links":{"self":[{"href":"https:\/\/www.unionbelge.be\/index.php?rest_route=\/wp\/v2\/posts\/3152","targetHints":{"allow":["GET"]}}],"collection":[{"href":"https:\/\/www.unionbelge.be\/index.php?rest_route=\/wp\/v2\/posts"}],"about":[{"href":"https:\/\/www.unionbelge.be\/index.php?rest_route=\/wp\/v2\/types\/post"}],"author":[{"embeddable":true,"href":"https:\/\/www.unionbelge.be\/index.php?rest_route=\/wp\/v2\/users\/2"}],"replies":[{"embeddable":true,"href":"https:\/\/www.unionbelge.be\/index.php?rest_route=%2Fwp%2Fv2%2Fcomments&post=3152"}],"version-history":[{"count":2,"href":"https:\/\/www.unionbelge.be\/index.php?rest_route=\/wp\/v2\/posts\/3152\/revisions"}],"predecessor-version":[{"id":3155,"href":"https:\/\/www.unionbelge.be\/index.php?rest_route=\/wp\/v2\/posts\/3152\/revisions\/3155"}],"wp:attachment":[{"href":"https:\/\/www.unionbelge.be\/index.php?rest_route=%2Fwp%2Fv2%2Fmedia&parent=3152"}],"wp:term":[{"taxonomy":"category","embeddable":true,"href":"https:\/\/www.unionbelge.be\/index.php?rest_route=%2Fwp%2Fv2%2Fcategories&post=3152"},{"taxonomy":"post_tag","embeddable":true,"href":"https:\/\/www.unionbelge.be\/index.php?rest_route=%2Fwp%2Fv2%2Ftags&post=3152"}],"curies":[{"name":"wp","href":"https:\/\/api.w.org\/{rel}","templated":true}]}}