{"id":2921,"date":"2010-12-19T22:42:04","date_gmt":"2010-12-19T20:42:04","guid":{"rendered":"http:\/\/www.unionbelge.be\/?p=2921"},"modified":"2016-11-20T18:51:48","modified_gmt":"2016-11-20T17:51:48","slug":"reforme-inutile-nutteloze-hervorming","status":"publish","type":"post","link":"https:\/\/www.unionbelge.be\/?p=2921","title":{"rendered":"REFORME INUTILE &#8211; NUTTELOZE HERVORMING"},"content":{"rendered":"<p>&nbsp;<\/p>\n<div class=\"mceTemp\">\n<figure id=\"attachment_2971\" aria-describedby=\"caption-attachment-2971\" style=\"width: 143px\" class=\"wp-caption alignleft\"><a href=\"https:\/\/www.unionbelge.be\/wp-content\/uploads\/2010\/12\/HVDC.jpg\"><img loading=\"lazy\" decoding=\"async\" class=\"size-full wp-image-2971\" title=\"HVDC\" src=\"https:\/\/www.unionbelge.be\/wp-content\/uploads\/2010\/12\/HVDC.jpg\" alt=\"\" width=\"143\" height=\"250\" \/><\/a><figcaption id=\"caption-attachment-2971\" class=\"wp-caption-text\">De voorzitter van de B.U.B., Hans Van de Cauter, wenst alle Belgen van harte een zalig kerstfeest en een gelukkig nieuwjaar ! &#8211; Le pr\u00e9sident du B.U.B., Hans Van de Cauter, souhaite \u00e0 tous les Belges un Joyeux No\u00ebl et une bonne ann\u00e9e 2011 ! (foto &#8211; photo B.U.B.)<\/figcaption><\/figure>\n<\/div>\n<p><strong>LA REFORME DE L\u2019ETAT NE RESOUDRA ABSOLUMENT RIEN\u00a0!<\/strong><\/p>\n<p><strong>Les politiciens actuellement au pouvoir en Belgique et les m\u00e9dias qui les soutiennent n\u2019arr\u00eatent pas de bassiner les Belges avec le postulat que le pays a d\u2019urgence besoin d\u2019une r\u00e9forme de l\u2019Etat impliquant un transfert massif de comp\u00e9tences et de moyens vers les trois r\u00e9gions (et communaut\u00e9s) \u00ab\u00a0linguistiques\u00a0\u00bb. Il s\u2019agit pourtant d\u2019une tromperie collective et honteuse.<\/strong><\/p>\n<p>Depuis les \u00e9lections de 2007, la crise politico-communautaire domine la vie politique belge. Les causes sont bien connues\u00a0: le manque de bilinguisme de certains politiciens, le nationalisme linguistique, le f\u00e9d\u00e9ralisme de fait bipolaire ainsi que la particratie nationaliste et la m\u00e9diacratie qui \u00e9touffent le courant unitariste ind\u00e9niable. Selon les deux derniers sondages de la Libre Belgique de septembre et de d\u00e9cembre 2010, <a href=\"https:\/\/www.unionbelge.be\/?p=2899\">40% des Belges sont unitaristes ce qui fait qu\u2019il s\u2019agit du plus grand courant communautaire en Belgique\u00a0!<\/a><\/p>\n<p>Pour sortir de la crise politique, les vieux particrates font appel aux vieilles recettes (des scissions) et \u00e0 des sp\u00e9cialistes de tout genre, qui d\u00e9veloppent des pseudo-solutions tellement compliqu\u00e9es (p. ex. les propositions pour modifier la loi de financement des entit\u00e9s f\u00e9d\u00e9r\u00e9es) que personne sauf eux ne les comprend. Cela fait penser aux produits financiers complexes ayant caus\u00e9 la crise financi\u00e8re de 2007-2008, celle-ci s\u2019\u00e9tant depuis lors transform\u00e9e en une des plus graves crises \u00e9conomiques que le monde ait jamais connue.<\/p>\n<p>Les hommes et femmes politiques qui peuplent nos nombreux parlements, gouvernements et institutions de tout genre ne font qu\u2019aggraver la situation inextricable qu\u2019ils ont eux-m\u00eames cr\u00e9\u00e9e depuis 1970 par les diff\u00e9rentes r\u00e9formes de l\u2019Etat successives approuv\u00e9es sans l\u2019assentiment direct du peuple. Le r\u00e9sultat est un cafouillage de premier ordre qui d\u00e9truit le talent des politiciens \u00e9lus, tant ils sont paralys\u00e9s par le paradigme du nationalisme et du f\u00e9d\u00e9ralisme linguistiques.<\/p>\n<p>En revanche, le gouvernement belge en affaires courantes vient de recevoir les louanges de la Commission de l\u2019Union europ\u00e9enne pour l\u2019excellent d\u00e9roulement de la pr\u00e9sidence europ\u00e9enne dont la Belgique avait la responsabilit\u00e9 au deuxi\u00e8me\u00a0 semestre de 2010. Cela prouve ind\u00e9niablement que la Belgique peut fonctionner si elle est d\u00e9barrass\u00e9e des irritants probl\u00e8mes politico-communautaires.<\/p>\n<p>Or, le \u00ab\u00a0bon f\u00e9d\u00e9raliste\u00a0\u00bb nous r\u00e9pondra que la r\u00e9forme de l\u2019Etat pr\u00e9vue sert exactement \u00e0 d\u00e9barrasser le gouvernement f\u00e9d\u00e9ral de ces probl\u00e8mes. Rien n\u2019est pourtant moins vrai.<\/p>\n<p><a href=\"https:\/\/www.unionbelge.be\/?p=2793\">Les 122 scissions qu\u2019on nous pr\u00e9pare et le transfert massif de deniers publics du f\u00e9d\u00e9ral vers les r\u00e9gions<\/a> \u00f4teront la capacit\u00e9 du pouvoir f\u00e9d\u00e9ral de remplir son r\u00f4le de coordination. A part l\u2019arm\u00e9e, la police, la SNCB, les pensions, une partie du droit civil et commercial ainsi que quelques institutions comme la cour de cassation et le conseil d\u2019Etat, il n\u2019aura plus de comp\u00e9tences\u00a0! De plus, les quelques pouvoirs \u2013 forts r\u00e9duits \u2013 qu\u2019il maintiendra seront tout de suite contest\u00e9s par les plus radicaux nationalistes de sorte que de nouvelles scissions seront pr\u00e9par\u00e9es. Les nationalistes linguistiques consid\u00e8rent d\u2019ailleurs \u00e0 juste titre que les r\u00e9formes de l\u2019Etat ne sont qu\u2019une \u00e9tape vers le s\u00e9paratisme pur et dur.<\/p>\n<p>Les politiciens qui pr\u00e9tendent aujourd\u2019hui que de nouvelles \u00e9lections ne r\u00e9soudront rien mentent. De nouvelles \u00e9lections enfin honn\u00eates et d\u00e9mocratiques auxquelles les unitaristes du B.U.B. peuvent aussi participer de fa\u00e7on s\u00e9rieuse et \u00e9gale pourront am\u00e9liorer la situation, ne f\u00fbt-ce que parce qu\u2019elles\u00a0 permettraient d\u2019avancer la seule et unique solution d\u00e9mocratique, une nouvelle Belgique unitaire et multilingue sur la base des neuf provinces historiques. Mais c\u2019est exactement ce que la maffia nationaliste qui tient la Belgique en otage ne veut pas. Le maintien de son pouvoir est plus important pour elle que les int\u00e9r\u00eats de la Belgique et ses habitants.<\/p>\n<p><strong>Par cons\u00e9quent, le probl\u00e8me actuel en Belgique, ce n\u2019est pas qu\u2019il n\u2019y a pas de gouvernement, c\u2019est qu\u2019il y en a trop\u00a0! Tant que les politiciens n\u2019ont pas compris que la Belgique a besoin d\u2019une r\u00e9volution unitariste qui r\u00e9unifie nos institutions, ils ne r\u00e9soudront rien et continueront \u00e0 appauvrir la Belgique et les Belges, tant sur le plan mat\u00e9riel qu&#8217;immat\u00e9riel.<\/strong><\/p>\n<p><strong>\u00a0<\/strong><\/p>\n<p><strong>DIE STAATSHERVORMING ZAL TOTAAL NIETS OPLOSSEN !<\/strong><\/p>\n<p><strong>De politici die momenteel aan de macht zijn in Belgi\u00eb en de media die hen ondersteunen, houden niet op de Belgen het postulaat in te prenten volgens hetwelk het land dringend nood heeft aan een staatshervorming die een massale overdracht van bevoegdheden en middelen naar de drie \u201ctaal\u201dgewesten (of -gemeenschappen) inhoudt. Dat is echter een schandelijk collectief bedrog.<\/strong><\/p>\n<p>Sinds de verkiezingen van 2007 beheerst de politiek-communautaire crisis de Belgische politiek. De oorzaken zijn welbekend: het gebrek aan tweetaligheid van bepaalde politici, het taalnationalisme, het feitelijk bipolaire federalisme evenals de nationalistische parti- en mediacratie die de onmiskenbare unitaristische stroming versmachten. Volgens de laatste twee peilingen van la Libre Belgique zijn er <a href=\"http:\/\/\">40% unitaristen onder de Belgen en daarmee is deze stroming ook meteen de grootste communautaire stroming in Belgi\u00eb !<\/a><\/p>\n<p>Om uit de politieke crisis te geraken, nemen de oude particraten hun toevlucht tot oude recepten (splitsingen) en allerhande experten, die pseudo-oplossingen ontwikkelen die zodanig ingewikkeld zijn (bijv. de voorstellen tot wijziging van de financieringswet voor de deelstaten) dat niemand behalve zijzelf ze nog begrijpen. Dat doet denken aan de complexe financi\u00eble producten die de financi\u00eble crisis van 2007-2008 hebben veroorzaakt. Die is daarna uitgemond in \u00e9\u00e9n van de ernstigste economische crisissen aller tijden.<\/p>\n<p>De politici die onze vele parlementen, regeringen en instellingen bevolken, verergeren alleen maar de onontwarbare situatie die ze zelf sinds 1970 door de verschillende opeenvolgende staatshervormingen, die zonder de rechtstreekse toestemming van het volk werden goedgekeurd, gecre\u00eberd hebben. Het resultaat is een geknoei van jewelste dat het talent van de verkozen politici kapot maakt omdat ze verlamd worden door het paradigma van het taalnationalisme en het taalfederalisme.<\/p>\n<p>Daarentegen kreeg de Belgische regering van lopende zaken net lof van de Commissie van de Europese Unie voor het voortreffelijk verloop van het Europees voorzitterschap waarvoor Belgi\u00eb in het tweede semester van 2010 de verantwoordelijkheid had. Dat bewijst op onmiskenbare wijze dat Belgi\u00eb kan werken als het van die ergerlijke politiek-communautaire problemen verlost is.<\/p>\n<p>De \u00ab\u00a0goede federalist\u00a0\u00bb zal ons hierop antwoorden dat de voorziene staatshervorming net dient om de federale regering van die problemen te verlossen. Niets is echter minder waar.<\/p>\n<p><a href=\"https:\/\/www.unionbelge.be\/?p=2793\">De 122 splitsingen die men ons voorbereidt en de massale overdracht van financi\u00eble middelen van de federale overheid naar de regio\u2019s<\/a> zullen de capaciteit van diezelfde federale overheid om een co\u00f6rdinerende rol te spelen, wegnemen. Buiten het leger, de politie, de NMBS, de pensioenen, een deel van het burgerlijk en handelsrecht evenals enkele instellingen zoals het hof van cassatie en de raad van state, zal zij gewoon geen bevoegdheden meer hebben ! Bovendien zullen de enkele \u2013 heel beperkte \u2013 bevoegdheden die ze behoudt onmiddellijk door de meest radicale nationalisten betwist worden zodat er weer nieuwe splitsingen zullen worden voorbereid. De taalnationalisten denken trouwens terecht dat de staatshervormingen maar een etappe zijn naar echt separatisme.<\/p>\n<p>De politici die vandaag beweren dat nieuwe verkiezingen niets gaan oplossen, liegen. Nieuwe en eindelijk eerlijke en democratische verkiezingen waaraan ook de unitaristen van de B.U.B. op volwaardige en gelijke wijze mogen deelnemen, kunnen de toestand wel verbeteren al was het maar omdat ze de enige democratische oplossing, een nieuw unitair en meertalig Belgi\u00eb op basis van de negen historische provincies, dichterbij kunnen brengen. Maar net dat wil de nationalistische maffia die Belgi\u00eb in zijn machtsgreep houdt net niet. Het behoud van haar macht is voor haar immers belangrijker dan de belangen van Belgi\u00eb en zijn inwoners.<\/p>\n<p><strong>Bijgevolg is het huidig probleem in Belgi\u00eb niet dat er geen regering is, maar dat er teveel zijn ! Zolang de politici niet begrepen hebben dat Belgi\u00eb een unitaristische revolutie nodig heeft die onze instellingen weer \u00e9\u00e9n maakt, zullen ze niets oplossen en Belgi\u00eb en de Belgen alleen maar blijven verarmen, zowel op geestelijk als materieel vlak.<\/strong><\/p>\n","protected":false},"excerpt":{"rendered":"<p>Les politiciens actuellement au pouvoir en Belgique et les m\u00e9dias qui les soutiennent n\u2019arr\u00eatent pas de bassiner les Belges avec le postulat que le pays a d\u2019urgence besoin d\u2019une r\u00e9forme de l\u2019Etat impliquant un transfert massif de comp\u00e9tences et de moyens vers les trois r\u00e9gions \u00ab linguistiques \u00bb. Il s\u2019agit pourtant d\u2019une tromperie collective et honteuse.<\/p>\n<p>De politici die momenteel aan de macht zijn in Belgi\u00eb en de media die hen ondersteunen, houden niet op de Belgen het postulaat in te prenten volgens hetwelk het land dringend nood heeft aan een staatshervorming die een massale overdracht van bevoegdheden en middelen naar de drie \u201ctaal\u201dgewesten inhoudt. Dat is echter een schandelijk collectief bedrog.<\/p>\n","protected":false},"author":2,"featured_media":0,"comment_status":"closed","ping_status":"open","sticky":false,"template":"","format":"standard","meta":{"ngg_post_thumbnail":0,"jetpack_post_was_ever_published":false,"_jetpack_newsletter_access":"","_jetpack_dont_email_post_to_subs":true,"_jetpack_newsletter_tier_id":0,"_jetpack_memberships_contains_paywalled_content":false,"powered_cache_disable_cache":false,"_jetpack_memberships_contains_paid_content":false,"footnotes":"","jetpack_publicize_message":"","jetpack_publicize_feature_enabled":true,"jetpack_social_post_already_shared":false,"jetpack_social_options":{"image_generator_settings":{"template":"highway","default_image_id":0,"font":"","enabled":false},"version":2}},"categories":[5],"tags":[],"class_list":["post-2921","post","type-post","status-publish","format-standard","hentry","category-opinions"],"jetpack_publicize_connections":[],"jetpack_featured_media_url":"","jetpack_sharing_enabled":true,"jetpack_shortlink":"https:\/\/wp.me\/p6Y7u0-L7","jetpack_likes_enabled":false,"_links":{"self":[{"href":"https:\/\/www.unionbelge.be\/index.php?rest_route=\/wp\/v2\/posts\/2921","targetHints":{"allow":["GET"]}}],"collection":[{"href":"https:\/\/www.unionbelge.be\/index.php?rest_route=\/wp\/v2\/posts"}],"about":[{"href":"https:\/\/www.unionbelge.be\/index.php?rest_route=\/wp\/v2\/types\/post"}],"author":[{"embeddable":true,"href":"https:\/\/www.unionbelge.be\/index.php?rest_route=\/wp\/v2\/users\/2"}],"replies":[{"embeddable":true,"href":"https:\/\/www.unionbelge.be\/index.php?rest_route=%2Fwp%2Fv2%2Fcomments&post=2921"}],"version-history":[{"count":10,"href":"https:\/\/www.unionbelge.be\/index.php?rest_route=\/wp\/v2\/posts\/2921\/revisions"}],"predecessor-version":[{"id":11333,"href":"https:\/\/www.unionbelge.be\/index.php?rest_route=\/wp\/v2\/posts\/2921\/revisions\/11333"}],"wp:attachment":[{"href":"https:\/\/www.unionbelge.be\/index.php?rest_route=%2Fwp%2Fv2%2Fmedia&parent=2921"}],"wp:term":[{"taxonomy":"category","embeddable":true,"href":"https:\/\/www.unionbelge.be\/index.php?rest_route=%2Fwp%2Fv2%2Fcategories&post=2921"},{"taxonomy":"post_tag","embeddable":true,"href":"https:\/\/www.unionbelge.be\/index.php?rest_route=%2Fwp%2Fv2%2Ftags&post=2921"}],"curies":[{"name":"wp","href":"https:\/\/api.w.org\/{rel}","templated":true}]}}