{"id":2910,"date":"2010-12-19T13:59:07","date_gmt":"2010-12-19T11:59:07","guid":{"rendered":"http:\/\/www.unionbelge.be\/?p=2910"},"modified":"2016-11-17T02:01:24","modified_gmt":"2016-11-17T01:01:24","slug":"cancun-federalistische-verspilling-gabegie-federaliste","status":"publish","type":"post","link":"https:\/\/www.unionbelge.be\/?p=2910","title":{"rendered":"CANCUN: FEDERALISTISCHE VERSPILLING &#8211; GABEGIE FEDERALISTE"},"content":{"rendered":"<p><strong>FEDERALISTISCHE VERSPILLING<\/strong><\/p>\n<p><strong>De verspilling van het federaal systeem werd nog eens onderstreept tijdens de conferentie van de Verenigde Naties over de opwarming van het klimaat in Cancun, Mexico, die plaats vond van 29 november tot 10 december 2010. <\/strong><\/p>\n<p><strong>Er deden immers 108 Belgen mee aan deze klimaattop&#8230;<\/strong> Onder hen 4 ministers, 1 staatssecretaris, 5 parlementsleden, 15 kabinetsleden, 40 overheidsmedewerkers en 12 andere deskundigen. De zon trekt blijkbaar aan ! Hieronder vindt U de lijst van deze &#8220;experten&#8221; en hun functies. Frankrijk, dat zes keer meer inwoners dan Belgi\u00eb telt, zou dan 648 personen naar Cancun hebben gestuurd? Natuurlijk niet ! Bovendien heeft deze verplaatsing een CO2-uitstoot van 800 ton veroorzaakt ! Een goed voorbeeld van wat de zonder volksraadpleging doorgevoerde federalisering kost en dat eveneens duidelijk aantoont dat het federalisme alleen maar tot een impasse kan leiden.<\/p>\n<p>Bovendien riep Joke Schauvliege, de &#8220;Vlaamse&#8221; minister van milieu &#8211; \u00e9\u00e9n van de vier ministers terzake in Belgi\u00eb (!) &#8211; de staten op om beter samen te werken met als doel de klimaatopwarming te bestrijden. Dit is toch grotesk als je bedenkt dat diezelfde politici niet eens in staat zijn om samen het kleine Belgi\u00eb te besturen !<\/p>\n<p><strong>GABEGIE FEDERALISTE<\/strong><\/p>\n<p><strong>Le gaspillage du syst\u00e8me f\u00e9d\u00e9ral a encore une fois \u00e9t\u00e9 mis en exergue lors de la conf\u00e9rence des Nations unies sur le r\u00e9chauffement climatique de Cancun, au Mexique, qui s\u2019est tenue du 29 novembre au 10 d\u00e9cembre 2010. <\/strong><\/p>\n<p><strong>En effet, 108 Belges assistaient \u00e0 ce sommet climatique&#8230;<\/strong> Parmi eux, 4 ministres, 1 secr\u00e9taire d&#8217;Etat, 5 parlementaires, 15 cabinetards, 40 fonctionnaires et 12 autres experts. Ah oui, c&#8217;est au soleil !\u00a0Vous trouvez\u00a0ci-dessous la liste de ces \u00ab experts \u00bb et leurs fonctions. La France qui compte six fois plus d&#8217;habitants que la Belgique aurait-elle envoy\u00e9 648 personnes? Bien-s\u00fbr que non ! En outre, ce d\u00e9placement a caus\u00e9 une \u00e9mission de CO2 de l&#8217;ordre de 800 tonnes ! Un bon exemple de ce que co\u00fbte cette f\u00e9d\u00e9ralisation qu&#8217;on a install\u00e9e sans prendre l&#8217;avis des gens et qui montre tellement bien qu&#8217;elle ne peut mener qu&#8217;\u00e0 des impasses.<\/p>\n<p>Qui plus est, Joke Schauvliege, la ministre &#8220;flamande&#8221; de l&#8217;environnement &#8211; une des quatre ministres en la mati\u00e8re en Belgique (!) &#8211; a appel\u00e9 les Etats \u00e0 mieux coop\u00e9rer pour combattre le r\u00e9chauffement du climat. C&#8217;est tout de m\u00eame grotesque d&#8217;entendre cela de la part de politiciens qui ne savent m\u00eame pas g\u00e9rer ensemble la petite Belgique !<\/p>\n<p><strong>Ministers en staatssecretarissen \/ ministres et secr\u00e9taires d&#8217;Etat:<\/strong><\/p>\n<p>1. Minister van Milieu Joke Schauvliege (Vlaanderen)<br \/>\n2. Minister van Milieu Philippe Henry (Wallonni\u00eb)<br \/>\n3. Minister van Milieu Evelyne Huytebroeck (Brussel Hoofdstedelijk Gewest)<br \/>\n4. Federaal minister van Klimaat en Energie Paul Magnette<br \/>\n5. Bernard Clerfayt, staatssecretaris voor Milieufiscaliteit<\/p>\n<p><strong>Parlementsleden \/ parlementaires:<\/strong><\/p>\n<p>6. Eric Jadot<br \/>\n7. Philippe Blanchart<br \/>\n8. Kristof Calvo y Casta\u00f1er<br \/>\n9. David Clarinval<br \/>\n10. Ludo Sannen<\/p>\n<p><strong>Kabinetsleden \/ membres de cabinets minist\u00e9riels:<\/strong><\/p>\n<p>11. Elisabeth Ellegaard, kabinet van minister Magnette<br \/>\n12. Tineke Sonck, woordvoerder van minister Magnette<br \/>\n13. J\u00e9r\u00f4me De Mot, kabinet van staatssecretaris Clerfayt<br \/>\n14. Christian Ferdinand, kabinet van staatssecretaris Clerfayt<br \/>\n15. Delphine Bourgeois, kabinet van staatssecretaris Clerfayt<br \/>\n16. Aart Geens, kabinet van minister van Financi\u00ebn<br \/>\n17. Jihane Annane, kabinet van minister van Ontwikkelingssamenwerking<br \/>\n18. Wim Schaerlaekens, kabinet van minister van Ontwikkelingssamenwerking<br \/>\n19. Jan Winters, kabinet van minister van Ontwikkelingssamenwerking<br \/>\n20. Hanne Descamps, kabinet van minister Schauvliege<br \/>\n21. Patrick Verstuyft, woordvoerder van minister Schauvliege<br \/>\n22. Dominique Perrin, kabinet van minister Henry<br \/>\n23. Pierre Castelain, kabinet van minister Henry<br \/>\n24. Pascal Devos, woordvoerder van minister Huytebroek<br \/>\n25. Mika\u00ebl Ange, kabinet van minister Huytebroek<\/p>\n<p><strong>Overheidspersoneel \/ fonctionnaires:<\/strong><\/p>\n<p>26. Peter Wittoeck, co\u00f6rdinator bij FOD Volksgezondheid, Voedselveiligheid en Leefmilieu<br \/>\n27. Ulrik Lenaerts, plaatsvervangend co\u00f6rdinator bij FOD Buitenlandse Zaken, Buitenlandse Handel en Ontwikkelingssamenwerking<br \/>\n28. Etienne Hannon, FOD Volksgezondheid, Voedselveiligheid en Leefmilieu<br \/>\n29. Nathalie Boucquey, FOD Volksgezondheid, Voedselveiligheid en Leefmilieu<br \/>\n30. Benjamin Denis, FOD Volksgezondheid, Voedselveiligheid en Leefmilieu<br \/>\n31. Alain Wilmart, FOD Volksgezondheid, Voedselveiligheid en Leefmilieu<br \/>\n32. Geert Fremout, FOD Volksgezondheid, Voedselveiligheid en Leefmilieu<br \/>\n33. Sarah Keun, FOD Volksgezondheid, Voedselveiligheid en Leefmilieu<br \/>\n34. Yannick Ghelen, FOD Volksgezondheid, Voedselveiligheid en Leefmilieu<br \/>\n35. Olivier Kassi, FOD Volksgezondheid, Voedselveiligheid en Leefmilieu<br \/>\n36. Samuel Buys, FOD Volksgezondheid, Voedselveiligheid en Leefmilieu<br \/>\n37. Sophie Closson, FOD Volksgezondheid, Voedselveiligheid en Leefmilieu<br \/>\n38. Luc Dries, FOD Volksgezondheid, Voedselveiligheid en Leefmilieu<br \/>\n39. Christophe Van Orshoven, FOD Volksgezondheid, Voedselveiligheid en Leefmilieu<br \/>\n40. Bart Landuyt, FOD Volksgezondheid, Voedselveiligheid en Leefmilieu<br \/>\n41. Johan Dubois, FOD Financi\u00ebn<br \/>\n42. Christian Vanden Bilcke, FOD Buitenlandse Zaken, Buitenlandse Handel en Ontwikkelingssamenwerking<br \/>\n43. Jozef Buys, FOD Buitenlandse Zaken, Buitenlandse Handel en Ontwikkelingssamenwerking<br \/>\n44. Patrick Hollebosch, FOD Buitenlandse Zaken, Buitenlandse Handel en Ontwikkelingssamenwerking<br \/>\n45. Davy Adam, FOD Buitenlandse Zaken, Buitenlandse Handel en Ontwikkelingssamenwerking<br \/>\n46. Marc Depoortere, Federale Raad voor Duurzame Ontwikkeling<br \/>\n47. Anne Panneels, Federale Raad voor Duurzame Ontwikkeling<br \/>\n48. Vicky Noens, Departement Leefmilieu, Natuur en Energie<br \/>\n49. Jeroen Vandeur, Departement Leefmilieu, Natuur en Energie<br \/>\n50. Sophie Vancauwenbergh, Departement Leefmilieu, Natuur en Energie<br \/>\n51. Pieter Logghe, Departement Leefmilieu, Natuur en Energie<br \/>\n52. Dries Maebe, Departement Leefmilieu, Natuur en Energie<br \/>\n53. Rik De Baere, Departement Leefmilieu, Natuur en Energie<br \/>\n54. Els Van Den Broeck, Departement Leefmilieu, Natuur en Energie<br \/>\n55. Diane Verstraeten, Departement Leefmilieu, Natuur en Energie<br \/>\n56. Ruth Declerck, Departement Leefmilieu, Natuur en Energie<br \/>\n57. Karla Schoeters, Vlaams gewest<br \/>\n58. St\u00e9phane Nicolas, Waals Agentschap voor Lucht en Klimaat<br \/>\n59. And\u00e9 Guns, Waals Agentschap voor Lucht en Klimaat<br \/>\n60. St\u00e9phane Cools, Waals Agentschap voor Lucht en Klimaat<br \/>\n61. Georges Liebecq, Waals Agentschap voor Lucht en Klimaat<br \/>\n62. C\u00e9cile Batungwanay, Waals Agentschap voor Lucht en Klimaat<br \/>\n63. Martine Leroux, Waals Agentschap voor Lucht en Klimaat<br \/>\n64. Claude Martin, Waals gewest<\/p>\n<p><strong>Ambassadepersoneel \/ personnel de l&#8217;ambassade: <\/strong><\/p>\n<p>65. Boudewijn E.G. Dereymaeker, Belgisch ambassadeur in Mexico<br \/>\n66. Rapha\u00ebl W. Baekeland, honorair consul van Belgi\u00eb in Mexico<br \/>\n67. Fran\u00e7is Sobry, Belgische ambassade in Mexico<br \/>\n68. S\u00e9verine Naessens, assistant honorair consul van Belgi\u00eb in Mexico<\/p>\n<p><strong>Andere \/ autres:<\/strong><\/p>\n<p>69. Julien Guillaume, Brussels Institute for the Management of the Environment<br \/>\n70. Jo\u00eblle De Sepibus, Brussels Institute for the Management of the Environment<br \/>\n71. Martine Vanderstraeten, Wetenschapsbeleid<br \/>\n72. Kapitein Walter Mille, Scheepvaartinspecteur, FOD Mobiliteit en Transport<br \/>\n73. Professor Jean-Pascal Van Ypersele, Intergovernmental Panel on Climate Change (IPCC)<br \/>\n74. Philippe Marbaix, wetenschappelijk adviseur<br \/>\n75. Ben Matthews, wetenschappelijk adviseur<br \/>\n76. Marc Pallemaerts, adviseur klimaatverandering<br \/>\n77. Delia Villagrasa, European Climate Foundation<br \/>\n78. Dries Acke, European Climate Foundation<br \/>\n79. Jacob Werksman, World Resources Institute<br \/>\n80. Dieter Cuypers, bosexpert<br \/>\n81. Marieke Vangoidsenhoven, bosexpert<br \/>\n82. Tom Dauwe, wetenschapper<\/p>\n<p><strong>Logistiek medewerkers in Mexico \/ collaborateurs des services logistiques au Mexique:<\/strong><\/p>\n<p>83. Tine Casiers<br \/>\n84. Frederic Gies<br \/>\n85. Miek De Fruytier<br \/>\n86. Jacky Romers<br \/>\n87. Sven Vanhemmens<br \/>\n88. Karine Gillis<br \/>\n89. Jospeh Sarto Mugenzi<br \/>\n90. Nurcan Kucukbinar<\/p>\n<p><strong>Andere organisaties \/ autres organisations:<\/strong><\/p>\n<p>91. Joel Decaillon, Conf\u00e9d\u00e9ration Europ\u00e9enne des Syndicats (CES)<br \/>\n92. Bert De Wel, Algemeen Christelijk Vakverbond (ACV)<br \/>\n93. S\u00e9bastien Storme, F\u00e9d\u00e9ration g\u00e9n\u00e9rale de Travail de Belgique (FGTB)<br \/>\n94. Daniel Van Daele, F\u00e9d\u00e9ration g\u00e9n\u00e9rale de Travail de Belgique (FGTB)<br \/>\n95. Isabelle Callens, F\u00e9d\u00e9rations des Entreprises de Belgique (FEB)<br \/>\n96. Michael Voordeckers, Verbond van Belgische Ondernemingen (VBO)<br \/>\n97. Isabelle Chaput, Essenscia<br \/>\n98. Brigitte Gloire, Oxfam<br \/>\n99. Teresa Elola Calder\u00f3n, Wallonia-Brussels International (WBI)<br \/>\n100. V\u00e9ronique Rigot, Centre National de Coop\u00e9ration au D\u00e9veloppement (CNCD)<br \/>\n101. Sarah Vaes, Vlaams Overleg voor Duurzame Ontwikkeling (VODO)<br \/>\n102. Saar Vanhauwermeiren, 11.be<br \/>\n103. Arnaud Collignon, Greenpeace Belgium<br \/>\n104. An Lambrechts, Greenpeace Belgium<br \/>\n105. C\u00e9cile De Schoutheete, Inter-Environnement Wallonie<br \/>\n106. Annick Vanderpoorten, WWF Belgium<br \/>\n107. Thomas Eraly, Waalse Jeugdraad<br \/>\n108. Brendan Coolsaet, Vlaamse Jeugdraad<\/p>\n","protected":false},"excerpt":{"rendered":"<p>De verspilling van het federaal systeem werd nog eens onderstreept tijdens de conferentie van de Verenigde Naties over de opwarming van het klimaat in Cancun, Mexico, die plaats vond van 29 november tot 10 december 2010. <\/p>\n<p>Le gaspillage du syst\u00e8me f\u00e9d\u00e9ral a encore une fois \u00e9t\u00e9 mis en exergue lors de la conf\u00e9rence des Nations unies sur le r\u00e9chauffement climatique de Cancun, au Mexique, qui s\u2019est tenue du 29 novembre au 10 d\u00e9cembre 2010. <\/p>\n","protected":false},"author":2,"featured_media":0,"comment_status":"closed","ping_status":"open","sticky":false,"template":"","format":"standard","meta":{"ngg_post_thumbnail":0,"jetpack_post_was_ever_published":false,"_jetpack_newsletter_access":"","_jetpack_dont_email_post_to_subs":true,"_jetpack_newsletter_tier_id":0,"_jetpack_memberships_contains_paywalled_content":false,"powered_cache_disable_cache":false,"_jetpack_memberships_contains_paid_content":false,"footnotes":"","jetpack_publicize_message":"","jetpack_publicize_feature_enabled":true,"jetpack_social_post_already_shared":false,"jetpack_social_options":{"image_generator_settings":{"template":"highway","default_image_id":0,"font":"","enabled":false},"version":2}},"categories":[1],"tags":[],"class_list":["post-2910","post","type-post","status-publish","format-standard","hentry","category-news0"],"jetpack_publicize_connections":[],"jetpack_featured_media_url":"","jetpack_sharing_enabled":true,"jetpack_shortlink":"https:\/\/wp.me\/p6Y7u0-KW","jetpack_likes_enabled":false,"_links":{"self":[{"href":"https:\/\/www.unionbelge.be\/index.php?rest_route=\/wp\/v2\/posts\/2910","targetHints":{"allow":["GET"]}}],"collection":[{"href":"https:\/\/www.unionbelge.be\/index.php?rest_route=\/wp\/v2\/posts"}],"about":[{"href":"https:\/\/www.unionbelge.be\/index.php?rest_route=\/wp\/v2\/types\/post"}],"author":[{"embeddable":true,"href":"https:\/\/www.unionbelge.be\/index.php?rest_route=\/wp\/v2\/users\/2"}],"replies":[{"embeddable":true,"href":"https:\/\/www.unionbelge.be\/index.php?rest_route=%2Fwp%2Fv2%2Fcomments&post=2910"}],"version-history":[{"count":7,"href":"https:\/\/www.unionbelge.be\/index.php?rest_route=\/wp\/v2\/posts\/2910\/revisions"}],"predecessor-version":[{"id":11257,"href":"https:\/\/www.unionbelge.be\/index.php?rest_route=\/wp\/v2\/posts\/2910\/revisions\/11257"}],"wp:attachment":[{"href":"https:\/\/www.unionbelge.be\/index.php?rest_route=%2Fwp%2Fv2%2Fmedia&parent=2910"}],"wp:term":[{"taxonomy":"category","embeddable":true,"href":"https:\/\/www.unionbelge.be\/index.php?rest_route=%2Fwp%2Fv2%2Fcategories&post=2910"},{"taxonomy":"post_tag","embeddable":true,"href":"https:\/\/www.unionbelge.be\/index.php?rest_route=%2Fwp%2Fv2%2Ftags&post=2910"}],"curies":[{"name":"wp","href":"https:\/\/api.w.org\/{rel}","templated":true}]}}