{"id":2904,"date":"2010-12-19T12:01:41","date_gmt":"2010-12-19T10:01:41","guid":{"rendered":"http:\/\/www.unionbelge.be\/?p=2904"},"modified":"2011-01-30T22:31:16","modified_gmt":"2011-01-30T20:31:16","slug":"lidgeld-cotisation-2011","status":"publish","type":"post","link":"https:\/\/www.unionbelge.be\/?p=2904","title":{"rendered":"LIDGELD &#8211; COTISATION 2011"},"content":{"rendered":"<p><a href=\"https:\/\/www.unionbelge.be\/wp-content\/uploads\/2010\/12\/logo_B_U_B_.jpg\"><img loading=\"lazy\" decoding=\"async\" class=\"aligncenter size-full wp-image-2905\" title=\"logo_B_U_B_\" src=\"https:\/\/www.unionbelge.be\/wp-content\/uploads\/2010\/12\/logo_B_U_B_.jpg\" alt=\"\" width=\"250\" height=\"166\" \/><\/a><\/p>\n<p>Chers membres,<br \/>\nBeste leden,\u00a0<\/p>\n<p>2010 \u00e9tait de nouveau une ann\u00e9e mouvement\u00e9e pour la Belgique sur le plan politique. Mais ce qui doit nous r\u00e9conforter est la stabilit\u00e9 \u00e9tonnante de l\u2019opinion publique\u00a0: 40% des Belges restent favorables \u00e0 la cr\u00e9ation d\u2019une Belgique unitaire sans r\u00e9gions ni communaut\u00e9s (sondages LLB de septembre et de d\u00e9cembre 2010) et ceci malgr\u00e9 le fait que ces 40% de la population belge n\u2019ait pas acc\u00e8s aux m\u00e9dias\u00a0!\u00a0<\/p>\n<p><strong>Afin de donner une voix au message unitariste et de coordonner toutes les actions en ce sens y compris la participation aux \u00e9lections, le B.U.B. a besoin de votre aide. Nous vous demandons de devenir membre sympathisant en suivant ce lien\u00a0: <a href=\"https:\/\/www.unionbelge.be\/?page_id=59\">https:\/\/www.unionbelge.be\/?page_id=59<\/a>. Remplissez le formulaire et payez la cotisation propos\u00e9e.<\/strong>\u00a0<\/p>\n<p>Ensemble, nous sortirons la Belgique de cette crise politique qu\u2019elle ne m\u00e9rite s\u00fbrement pas.\u00a0<\/p>\n<p>Nos meilleurs voeux pour l&#8217;ann\u00e9e 2011 !<\/p>\n<p>Salutations belges,\u00a0<br \/>\nJeremy LONGHEVAL<br \/>\nSecr\u00e9taire du B.U.B.<\/p>\n<p>2010 was weer een bewogen politiek jaar voor Belgi\u00eb. Maar wat ons moed moet inspreken, is de verbazende stabiliteit van de openbare opinie: 40% van de Belgen blijven voorstander van de creatie van een unitair Belgi\u00eb zonder gemeenschappen of gewesten (peilingen van LLB van september en december 2010) en dit ondanks het feit dat deze 40% van de Belgische bevolking geen toegang tot de media heeft !<\/p>\n<p><strong>Met als doel een stem te geven aan de unitaristische boodschap en alle acties te co\u00f6rdineren met inbegrip van de deelname aan de verkiezingen heeft de B.U.B. uw hulp nodig. Wij vragen u om sympathisant te worden door deze link te volgen:<\/strong> <strong><a href=\"https:\/\/www.unionbelge.be\/?page_id=59\">https:\/\/www.unionbelge.be\/?page_id=59<\/a><\/strong><strong>. Vul het formulier in en betaal het voorgestelde lidgeld.<\/strong><\/p>\n<p>Samen zullen we Belgi\u00eb uit deze politieke crisis halen die het zeker niet verdient.<\/p>\n<p>Onze beste wensen voor het jaar 2011 !<\/p>\n<p>Jeremy LONGHEVAL<br \/>\nSecretaris B.U.B.<\/p>\n","protected":false},"excerpt":{"rendered":"<p>2010 \u00e9tait de nouveau une ann\u00e9e mouvement\u00e9e pour la Belgique sur le plan politique. Mais ce qui doit nous r\u00e9conforter est la stabilit\u00e9 \u00e9tonnante de l\u2019opinion publique : 40% des Belges restent favorables \u00e0 la cr\u00e9ation d\u2019une Belgique unitaire sans r\u00e9gions ni communaut\u00e9s (sondages LLB de septembre et de d\u00e9cembre 2010) et ceci malgr\u00e9 le fait que ces 40% de la population belge n\u2019ait pas acc\u00e8s aux m\u00e9dias ! <\/p>\n<p>2010 was weer een bewogen politiek jaar voor Belgi\u00eb. Maar wat ons moed moet inspreken, is de verbazende stabiliteit van de openbare opinie: 40% van de Belgen blijven voorstander van de creatie van een unitair Belgi\u00eb zonder gemeenschappen of gewesten (peilingen van LLB van september en december 2010) en dit ondanks het feit dat deze 40% van de Belgische bevolking geen toegang tot de media heeft !<\/p>\n","protected":false},"author":1,"featured_media":0,"comment_status":"closed","ping_status":"open","sticky":false,"template":"","format":"standard","meta":{"ngg_post_thumbnail":0,"jetpack_post_was_ever_published":false,"_jetpack_newsletter_access":"","_jetpack_dont_email_post_to_subs":false,"_jetpack_newsletter_tier_id":0,"_jetpack_memberships_contains_paywalled_content":false,"powered_cache_disable_cache":false,"_jetpack_memberships_contains_paid_content":false,"footnotes":"","jetpack_publicize_message":"","jetpack_publicize_feature_enabled":true,"jetpack_social_post_already_shared":false,"jetpack_social_options":{"image_generator_settings":{"template":"highway","default_image_id":0,"font":"","enabled":false},"version":2}},"categories":[4],"tags":[],"class_list":["post-2904","post","type-post","status-publish","format-standard","hentry","category-info"],"jetpack_publicize_connections":[],"jetpack_featured_media_url":"","jetpack_sharing_enabled":true,"jetpack_shortlink":"https:\/\/wp.me\/p6Y7u0-KQ","jetpack_likes_enabled":false,"_links":{"self":[{"href":"https:\/\/www.unionbelge.be\/index.php?rest_route=\/wp\/v2\/posts\/2904","targetHints":{"allow":["GET"]}}],"collection":[{"href":"https:\/\/www.unionbelge.be\/index.php?rest_route=\/wp\/v2\/posts"}],"about":[{"href":"https:\/\/www.unionbelge.be\/index.php?rest_route=\/wp\/v2\/types\/post"}],"author":[{"embeddable":true,"href":"https:\/\/www.unionbelge.be\/index.php?rest_route=\/wp\/v2\/users\/1"}],"replies":[{"embeddable":true,"href":"https:\/\/www.unionbelge.be\/index.php?rest_route=%2Fwp%2Fv2%2Fcomments&post=2904"}],"version-history":[{"count":6,"href":"https:\/\/www.unionbelge.be\/index.php?rest_route=\/wp\/v2\/posts\/2904\/revisions"}],"predecessor-version":[{"id":3122,"href":"https:\/\/www.unionbelge.be\/index.php?rest_route=\/wp\/v2\/posts\/2904\/revisions\/3122"}],"wp:attachment":[{"href":"https:\/\/www.unionbelge.be\/index.php?rest_route=%2Fwp%2Fv2%2Fmedia&parent=2904"}],"wp:term":[{"taxonomy":"category","embeddable":true,"href":"https:\/\/www.unionbelge.be\/index.php?rest_route=%2Fwp%2Fv2%2Fcategories&post=2904"},{"taxonomy":"post_tag","embeddable":true,"href":"https:\/\/www.unionbelge.be\/index.php?rest_route=%2Fwp%2Fv2%2Ftags&post=2904"}],"curies":[{"name":"wp","href":"https:\/\/api.w.org\/{rel}","templated":true}]}}