{"id":2801,"date":"2010-11-28T21:23:06","date_gmt":"2010-11-28T19:23:06","guid":{"rendered":"http:\/\/www.unionbelge.be\/?p=2801"},"modified":"2010-11-28T22:20:41","modified_gmt":"2010-11-28T20:20:41","slug":"hans-van-de-cauter-dans-zwart-wit","status":"publish","type":"post","link":"https:\/\/www.unionbelge.be\/?p=2801","title":{"rendered":"HANS VAN DE CAUTER IN \/ DANS &#8220;ZWART-WIT&#8221;"},"content":{"rendered":"<p><a href=\"https:\/\/www.unionbelge.be\/wp-content\/uploads\/2010\/09\/1pixel.jpg\"><img loading=\"lazy\" decoding=\"async\" src=\"https:\/\/www.unionbelge.be\/wp-content\/uploads\/2010\/09\/1pixel.jpg\" alt=\"\" title=\"1pixel\" width=\"1\" height=\"1\" class=\"aligncenter size-full wp-image-1429\" \/><\/a><br \/>\nTelefonisch interview met Hans Van de Cauter, de voorzitter van de B.U.B., uitgezonden op 21 november 2010 op GUNK-TV in het programma Zwart-Wit gepresenteerd door Jurgen Verstrepen (LDD).<\/p>\n<p>Interview t\u00e9l\u00e9phonique avec Hans Van de Cauter, le pr\u00e9sident du B.U.B., diffus\u00e9 le 21 novembre 2010 sur GUNK TV dans le programme &#8220;Zwart-Wit&#8221; pr\u00e9sent\u00e9 par Jurgen Verstrepen (Liste Dedecker).<\/p>\n<p><object width=\"640\" height=\"385\"><param name=\"movie\" value=\"http:\/\/www.youtube.com\/v\/HH-g3XIS_x4?fs=1&amp;hl=en_US\"><\/param><param name=\"allowFullScreen\" value=\"true\"><\/param><param name=\"allowscriptaccess\" value=\"always\"><\/param><\/object><\/p>\n","protected":false},"excerpt":{"rendered":"<p>Telefonisch interview met Hans Van de Cauter, de voorzitter van de B.U.B., uitgezonden op 21 november 2010 op GUNK-TV in het programma Zwart-Wit gepresenteerd door Jurgen Verstrepen (LDD).<\/p>\n<p>Interview t\u00e9l\u00e9phonique avec Hans Van de Cauter, le pr\u00e9sident du B.U.B., diffus\u00e9 le 21 novembre 2010 sur GUNK TV dans le programme &#8220;Zwart-Wit&#8221; pr\u00e9sent\u00e9 par Jurgen Verstrepen (Liste Dedecker).<\/p>\n<p><object width=\"640\" height=\"385\"><param name=\"movie\" value=\"http:\/\/www.youtube.com\/v\/HH-g3XIS_x4?fs=1&amp;hl=en_US\"><\/param><param name=\"allowFullScreen\" value=\"true\"><\/param><param name=\"allowscriptaccess\" value=\"always\"><\/param><embed src=\"http:\/\/www.youtube.com\/v\/HH-g3XIS_x4?fs=1&amp;hl=en_US\" type=\"application\/x-shockwave-flash\" allowscriptaccess=\"always\" allowfullscreen=\"true\" width=\"640\" height=\"385\"><\/embed><\/object><\/p>\n","protected":false},"author":2,"featured_media":0,"comment_status":"closed","ping_status":"open","sticky":false,"template":"","format":"standard","meta":{"ngg_post_thumbnail":0,"jetpack_post_was_ever_published":false,"_jetpack_newsletter_access":"","_jetpack_dont_email_post_to_subs":false,"_jetpack_newsletter_tier_id":0,"_jetpack_memberships_contains_paywalled_content":false,"powered_cache_disable_cache":false,"_jetpack_memberships_contains_paid_content":false,"footnotes":"","jetpack_publicize_message":"","jetpack_publicize_feature_enabled":true,"jetpack_social_post_already_shared":false,"jetpack_social_options":{"image_generator_settings":{"template":"highway","default_image_id":0,"font":"","enabled":false},"version":2}},"categories":[4],"tags":[],"class_list":["post-2801","post","type-post","status-publish","format-standard","hentry","category-info"],"jetpack_publicize_connections":[],"jetpack_featured_media_url":"","jetpack_sharing_enabled":true,"jetpack_shortlink":"https:\/\/wp.me\/p6Y7u0-Jb","jetpack_likes_enabled":false,"_links":{"self":[{"href":"https:\/\/www.unionbelge.be\/index.php?rest_route=\/wp\/v2\/posts\/2801","targetHints":{"allow":["GET"]}}],"collection":[{"href":"https:\/\/www.unionbelge.be\/index.php?rest_route=\/wp\/v2\/posts"}],"about":[{"href":"https:\/\/www.unionbelge.be\/index.php?rest_route=\/wp\/v2\/types\/post"}],"author":[{"embeddable":true,"href":"https:\/\/www.unionbelge.be\/index.php?rest_route=\/wp\/v2\/users\/2"}],"replies":[{"embeddable":true,"href":"https:\/\/www.unionbelge.be\/index.php?rest_route=%2Fwp%2Fv2%2Fcomments&post=2801"}],"version-history":[{"count":6,"href":"https:\/\/www.unionbelge.be\/index.php?rest_route=\/wp\/v2\/posts\/2801\/revisions"}],"predecessor-version":[{"id":2808,"href":"https:\/\/www.unionbelge.be\/index.php?rest_route=\/wp\/v2\/posts\/2801\/revisions\/2808"}],"wp:attachment":[{"href":"https:\/\/www.unionbelge.be\/index.php?rest_route=%2Fwp%2Fv2%2Fmedia&parent=2801"}],"wp:term":[{"taxonomy":"category","embeddable":true,"href":"https:\/\/www.unionbelge.be\/index.php?rest_route=%2Fwp%2Fv2%2Fcategories&post=2801"},{"taxonomy":"post_tag","embeddable":true,"href":"https:\/\/www.unionbelge.be\/index.php?rest_route=%2Fwp%2Fv2%2Ftags&post=2801"}],"curies":[{"name":"wp","href":"https:\/\/api.w.org\/{rel}","templated":true}]}}