{"id":2754,"date":"2010-11-22T00:49:17","date_gmt":"2010-11-21T22:49:17","guid":{"rendered":"http:\/\/www.unionbelge.be\/?p=2754"},"modified":"2016-11-17T01:47:15","modified_gmt":"2016-11-17T00:47:15","slug":"de-provincies-zijn-de-oplossing-%e2%80%93-les-provinces-sont-la-solution","status":"publish","type":"post","link":"https:\/\/www.unionbelge.be\/?p=2754","title":{"rendered":"DE PROVINCIES ZIJN DE OPLOSSING \u2013 LES PROVINCES SONT LA SOLUTION !"},"content":{"rendered":"<p><strong>PROVINCIAAL UNITARISME IS DE TOEKOMST VAN BELGI\u00cb<\/strong><\/p>\n<p><strong>In november 2010 vernamen we dat de zogenaamde \u201cVlaamse\u201d regering \u2013 bij monde van minister van \u201cbinnenlandse\u201d aangelegenheden Geert Bourgeois (N-VA) \u2013 de 5 provincies van Nederlandstalig Belgi\u00eb wil afslanken. Vroeger werd een gelijkaardig plan door de zogenaamde \u201cWaalse\u201d regering bedisseld en uitgevoerd. Bourgeois wil met name de persoonsgebonden bevoegdheden (waaronder het provinciaal onderwijs) overhevelen naar nog te cre\u00ebren \u201cstadsgewesten\u201d.\u00a0Gelukkig kwam er onmiddellijk protest uit de provinciale besturen. In Limburg kwam zelfs het onderwijspersoneel hiervoor op straat. Het is nog onduidelijk of Bourgeois zijn plannen zal intrekken of niet.<\/strong><\/p>\n<p>Vandaag zijn er in Belgi\u00eb &#8211; naast de federale staat, de gemeenten en de provincies &#8211; drie gewesten en drie gemeenschappen. Dat is blijkbaar niet genoeg, want nu zouden de flaminganten er dus nog \u201cstadsgewesten\u201d als nieuwste overbodige bestuursniveau bij cre\u00ebren. De belastingsbetaler zal het geweten hebben&#8230; Reden voor deze operatie is het beknotten van de provincies, waaraan door de federalisering van Belgi\u00eb al geheel ten onrechte vele bevoegdheden werden ontrokken en die bij de Vlaams- en Waals-nationalisten nog steeds een symbool zijn van het zo gehate unitaire Belgi\u00eb. Hoewel er niet de minste reden is om de provincies te verzwakken of af te schaffen, &#8211; wel integendeel aangezien ze nuttig en effici\u00ebnt werk leveren en dicht bij de burger staan -, volharden de Belgi\u00eb-haters kost wat kost in de nationalistische boosheid.<\/p>\n<p>De provincies zijn immers perfect in staat om elke uitvoerende bevoegdheid van de gewesten en de gemeenschappen over te nemen. Door de hereniging van Brabant zou het aantal provincies opnieuw op negen komen. \u00a0Sedert zijn oprichting in 2002 ijvert de B.U.B. voor dit niet-nationalistisch gedecentraliseerd staatsmodel, dat een goedkoop, effici\u00ebnt, eenvoudig, democratisch en niet-discriminerend bestuur van het land mogelijk maakt, dat bovendien de geschiedenis en de sociologie van Belgi\u00eb respecteert. De nationale overheid maakt in zo\u2019n systeem de kaderwetten in die materies die naar de provincies worden overgeheveld, waarbij de provincies die kaderwetten uitvoeren. Zoiets laat zelfs meer fiscale autonomie voor de provincies toe \u2013 wat men tegenwoordig zo schattig \u201cresponsabilisering\u201d noemt -, zonder dat de eenheid en de stabiliteit van ons land in gevaar komen. Door de provinciale decentralisatie wordt Belgi\u00eb niet meer ingedeeld op feitelijk bipolaire basis tussen een \u201cVlaanderen\u201d en een \u201cWalloni\u00eb\u201d, maar \u00a0op multipolaire basis, zoals in het meertalige Zwitserland, wat de anti-Belgische conflicten zal wegnemen. Bovendien biedt deze structuur een eenvoudige oplossing voor het probleem BHV omdat het tweetalige Brabant \u00e9\u00e9n kieskring wordt.<\/p>\n<p><strong>Met de B.U.B. zullen de provincies hun macht zien vergroten. De Vlaams-nationalisten hebben dit blijkbaar ook begrepen. Anders zouden ze onze provincies niet zo frontaal aanvallen !<\/strong><\/p>\n<p><strong>L\u2019UNITARISME PROVINCIAL EST L\u2019AVENIR DE LA BELGIQUE<\/strong><\/p>\n<p><strong>En novembre 2010, nous avons appris que le soi-disant gouvernement \u00ab\u00a0flamand\u00a0\u00bb, repr\u00e9sent\u00e9 par le ministre \u00ab\u00a0de l\u2019int\u00e9rieur\u00a0\u00bb Geert Bourgeois (N-VA), voulait d\u00e9graisser les 5 provinces de la Belgique n\u00e9erlandophone. Jadis, un plan similaire avait \u00e9t\u00e9 concoct\u00e9 et ex\u00e9cut\u00e9 par le soi-disant gouvernement \u00ab\u00a0wallon\u00a0\u00bb. Bourgeois entend transf\u00e9rer les comp\u00e9tences \u00ab\u00a0personnalisables\u00a0\u00bb (dont l\u2019enseignement provincial) vers les \u00ab\u00a0r\u00e9gions urbaines\u00a0\u00bb encore \u00e0 constituer. Heureusement, des voix protestataires se sont tout de suite lev\u00e9es dans les provinces. Au Limbourg, les enseignants sont m\u00eame descendus dans la rue. Il n\u2019est pas encore clair si Bourgeois va retirer son plan ou non.<\/strong><\/p>\n<p>Aujourd\u2019hui, il existe en Belgique, \u00e0 part l\u2019Etat f\u00e9d\u00e9ral, les communes et les provinces, six gouvernements et six parlements. Apparemment, ce n\u2019est pas encore assez parce que les flamingants voudraient y ajouter les \u00ab\u00a0r\u00e9gions urbaines\u00a0\u00bb comme nouvelle entit\u00e9 superflue. Le contribuable est averti\u2026 La raison de cette op\u00e9ration est le muselage des provinces, qui avaient d\u00e9j\u00e0 perdu toute une s\u00e9rie de comp\u00e9tences \u00e0 cause de la f\u00e9d\u00e9ralisation de la Belgique et qui constituent aupr\u00e8s des nationalistes flamands et wallons toujours un symbole de la Belgique unitaire tant d\u00e9test\u00e9e. Bien qu\u2019il n\u2019y ait pas la moindre raison d\u2019affaiblir ou de supprimer les provinces, &#8211; bien au contraire parce qu\u2019elles fournissent des services utiles et efficaces proches du citoyen -, les adversaires de la Belgique persistent co\u00fbte que co\u00fbte dans le mal.<\/p>\n<p>En effet, les provinces sont parfaitement en mesure de reprendre les comp\u00e9tences ex\u00e9cutives des r\u00e9gions et communaut\u00e9s. Par la r\u00e9unification du Brabant, le nombre de provinces serait de nouveau r\u00e9duit \u00e0 neuf. Depuis sa cr\u00e9ation en 2002, le B.U.B. pr\u00f4ne ce mod\u00e8le \u00e9tatique d\u00e9centralis\u00e9 et non-nationaliste, qui rend possible une gestion peu co\u00fbteuse, efficace, simple, d\u00e9mocratique et non-discriminatoire du pays tout en respectant l\u2019histoire et la sociologie de la Belgique. Dans un syst\u00e8me pareil, l\u2019autorit\u00e9 nationale cr\u00e9e des lois cadres dans ces mati\u00e8res qui sont transf\u00e9r\u00e9es aux provinces et laisse \u00e0 ces derni\u00e8res le soin de leur ex\u00e9cution. Un tel syst\u00e8me permet m\u00eame davantage d\u2019autonomie fiscale pour les provinces \u2013 ce qu\u2019on appelle de nos jours si joliment la \u00ab\u00a0responsabilisation\u00a0\u00bb &#8211; sans que l\u2019unit\u00e9 et la stabilit\u00e9 de notre pays ne soient mises en danger. Par la d\u00e9centralisation provinciale, la Belgique ne sera plus divis\u00e9e sur base bipolaire entre une \u00ab\u00a0Flandre\u00a0\u00bb et une \u00ab\u00a0Wallonie\u00a0\u00bb, mais sur base multipolaire, comme en Suisse, pays \u00e9galement multilingue, ce qui fera dispara\u00eetre les conflits anti-belges. En outre, cette structure offre une solution simple au probl\u00e8me de BHV parce que le Brabant bilingue deviendra une seule circonscription \u00e9lectorale.<\/p>\n<p><strong>Gr\u00e2ce au B.U.B., les provinces verront leur pouvoir accro\u00eetre. Les nationalistes flamands l\u2019ont \u00e9galement compris. D\u2019o\u00f9 cette attaque frontale contre les provinces\u00a0! <\/strong><\/p>\n","protected":false},"excerpt":{"rendered":"<p>In november 2010 vernamen we dat de zogenaamde \u201cVlaamse\u201d regering \u2013 bij monde van minister van \u201cbinnenlandse\u201d aangelegenheden Geert Bourgeois (N-VA) \u2013 de 5 provincies van Nederlandstalig Belgi\u00eb wil afslanken. Vroeger werd een gelijkaardig plan door de zogenaamde \u201cWaalse\u201d regering bedisseld en uitgevoerd. Bourgeois wil met name de persoonsgebonden bevoegdheden (waaronder het provinciaal onderwijs) overhevelen naar nog te cre\u00ebren \u201cstadsgewesten\u201d.<\/p>\n<p>En novembre 2010, nous avons appris que le soi-disant gouvernement \u00ab flamand \u00bb, repr\u00e9sent\u00e9 par le ministre \u00ab de l\u2019int\u00e9rieur \u00bb Geert Bourgeois (N-VA), voulait d\u00e9graisser les 5 provinces de la Belgique n\u00e9erlandophone. Jadis, un plan similaire avait \u00e9t\u00e9 concoct\u00e9 et ex\u00e9cut\u00e9 par le soi-disant gouvernement \u00ab wallon \u00bb. Bourgeois entend transf\u00e9rer les comp\u00e9tences \u00ab personnalisables \u00bb (dont l\u2019enseignement provincial) vers les \u00ab r\u00e9gions urbaines \u00bb encore \u00e0 constituer. Heureusement, des voix protestataires se sont tout de suite lev\u00e9es dans les provinces. Au Limbourg, les enseignants sont m\u00eame descendus dans la rue. Il n\u2019est pas encore clair si Bourgeois va retirer son plan ou non.<\/p>\n","protected":false},"author":2,"featured_media":0,"comment_status":"closed","ping_status":"open","sticky":false,"template":"","format":"standard","meta":{"ngg_post_thumbnail":0,"jetpack_post_was_ever_published":false,"_jetpack_newsletter_access":"","_jetpack_dont_email_post_to_subs":true,"_jetpack_newsletter_tier_id":0,"_jetpack_memberships_contains_paywalled_content":false,"powered_cache_disable_cache":false,"_jetpack_memberships_contains_paid_content":false,"footnotes":"","jetpack_publicize_message":"","jetpack_publicize_feature_enabled":true,"jetpack_social_post_already_shared":false,"jetpack_social_options":{"image_generator_settings":{"template":"highway","default_image_id":0,"font":"","enabled":false},"version":2}},"categories":[22,10,5],"tags":[],"class_list":["post-2754","post","type-post","status-publish","format-standard","hentry","category-law","category-ideology","category-opinions"],"jetpack_publicize_connections":[],"jetpack_featured_media_url":"","jetpack_sharing_enabled":true,"jetpack_shortlink":"https:\/\/wp.me\/p6Y7u0-Iq","jetpack_likes_enabled":false,"_links":{"self":[{"href":"https:\/\/www.unionbelge.be\/index.php?rest_route=\/wp\/v2\/posts\/2754","targetHints":{"allow":["GET"]}}],"collection":[{"href":"https:\/\/www.unionbelge.be\/index.php?rest_route=\/wp\/v2\/posts"}],"about":[{"href":"https:\/\/www.unionbelge.be\/index.php?rest_route=\/wp\/v2\/types\/post"}],"author":[{"embeddable":true,"href":"https:\/\/www.unionbelge.be\/index.php?rest_route=\/wp\/v2\/users\/2"}],"replies":[{"embeddable":true,"href":"https:\/\/www.unionbelge.be\/index.php?rest_route=%2Fwp%2Fv2%2Fcomments&post=2754"}],"version-history":[{"count":6,"href":"https:\/\/www.unionbelge.be\/index.php?rest_route=\/wp\/v2\/posts\/2754\/revisions"}],"predecessor-version":[{"id":11242,"href":"https:\/\/www.unionbelge.be\/index.php?rest_route=\/wp\/v2\/posts\/2754\/revisions\/11242"}],"wp:attachment":[{"href":"https:\/\/www.unionbelge.be\/index.php?rest_route=%2Fwp%2Fv2%2Fmedia&parent=2754"}],"wp:term":[{"taxonomy":"category","embeddable":true,"href":"https:\/\/www.unionbelge.be\/index.php?rest_route=%2Fwp%2Fv2%2Fcategories&post=2754"},{"taxonomy":"post_tag","embeddable":true,"href":"https:\/\/www.unionbelge.be\/index.php?rest_route=%2Fwp%2Fv2%2Ftags&post=2754"}],"curies":[{"name":"wp","href":"https:\/\/api.w.org\/{rel}","templated":true}]}}