{"id":2742,"date":"2010-11-18T00:21:26","date_gmt":"2010-11-17T22:21:26","guid":{"rendered":"http:\/\/www.unionbelge.be\/?p=2742"},"modified":"2010-11-18T00:22:34","modified_gmt":"2010-11-17T22:22:34","slug":"studentenacties-voor-de-eenheid-van-belgie-actions-estudiantines-pour-lunite-de-la-belgique","status":"publish","type":"post","link":"https:\/\/www.unionbelge.be\/?p=2742","title":{"rendered":"STUDENTENACTIES VOOR DE EENHEID VAN BELGIE &#8211; ACTIONS ESTUDIANTINES POUR L&#8217;UNITE DE LA BELGIQUE"},"content":{"rendered":"<p><img decoding=\"async\" src=\"http:\/\/www.demorgen.be\/static\/FOTO\/pe\/18\/7\/11\/media_xl_3946166.jpg?20101117160151\" border=\"0\" alt=\"\" \/><\/p>\n<p><img decoding=\"async\" src=\"http:\/\/www.demorgen.be\/static\/FOTO\/pe\/2\/12\/3\/media_xl_3946188.jpg?20101117160238\" border=\"0\" alt=\"\" \/><\/p>\n<p><em>\u00a9 photo news<\/em><\/p>\n<p><strong>&#8220;FLASHMOB&#8221; VAN STUDENTEN VOOR DE NATIONALE EENHEID EN TEGEN DE SPLITSINGSLOGICA<\/strong><\/p>\n<p><strong>De B.U.B. steunt deze prachtige acties van de Belgische studenten voor 100%. Ze tonen eens te meer aan dat het unitarisme en de liefde voor Belgi\u00eb echt leven bij de jongeren. De politici zijn gewaarschuwd ! <\/strong><\/p>\n<p><em>(Belga)<\/em><\/p>\n<p>Op  de tonen van &#8216;Leve Belgi\u00eb&#8217; van Clouseau hebben zowat 400 studenten op 17 november 2010 deelgenomen aan een flashmob op de ULB-campus in Brussel. Het  ging om een initiatief van het platform <em>&#8220;Splitsing? Niet in onze naam!&#8221;<\/em>.  Het platform werd opgericht door studentenvertegenwoordigers en  studentenclubs van de ULB, de UGent en de VUB, met als doel de stem van  de studenten over de politieke crisis te laten horen.<\/p>\n<p>&#8220;Na acties  van de syndicaten tegen een eventuele splitsing van het land, vonden we  dat de studenten ook iets moesten ondernemen. We zijn vooral tegen de  logica van de splitsing&#8221;, verduidelijkt initiatiefnemer Charlie Le  Paige, die het aantal deelnemers op 250 schatte.<\/p>\n<p>Een delegatie  van Gentse studenten was speciaal afgezakt naar Brussel om hun steun te  betuigen. Volgende week vindt ook een flashmob plaats in Gent.<\/p>\n<p><strong>&#8220;FLASHMOB&#8221; D&#8217;ETUDIANTS POUR L&#8217;UNITE NATIONALE ET CONTRE LA LOGIQUE DES SCISSIONS<\/strong><\/p>\n<p><strong>Le B.U.B. soutient \u00e0 100% ces magnifiques actions des \u00e9tudiants  belges, qui d\u00e9montrent une fois de plus que l&#8217;unitarisme et  l&#8217;attachement \u00e0 la Belgique sont tr\u00e8s importants pour les jeunes. Les politiciens sont avertis !<\/strong><\/p>\n<p><em>(Belga)<\/em><\/p>\n<p>Plus  de 400 \u00e9tudiants ont particip\u00e9 le 15 novembre 2010 \u00e0 un &#8220;flashmob&#8221; sur le campus  de l&#8217;Universit\u00e9 Libre de Bruxelles (ULB) contre le nationalisme, a  indiqu\u00e9 l&#8217;organisateur de l&#8217;\u00e9v\u00e9nement, Charlie Le Paige. Les \u00e9tudiants  ont chant\u00e9 ensemble le titre &#8220;Leve Belgi\u00eb&#8221; du groupe Clouseau.<\/p>\n<p>Le  &#8220;flashmob&#8221; constituait la premi\u00e8re action de la plate-forme &#8220;La  division ? Pas en notre nom ! &#8221; qui regroupe une dizaine de cercles et  bureaux \u00e9tudiants de l&#8217;ULB mais aussi des \u00e9tudiants de l&#8217;UGent et de la  VUB. L&#8217;action symbolique a d\u00e9but\u00e9 vers 12h30 sur l&#8217;avenue Paul H\u00e9ger en  pr\u00e9sence d&#8217;\u00e9tudiants francophones et n\u00e9erlandophones.<\/p>\n<p>&#8220;Apr\u00e8s les  actions des syndicats contre une scission du pays, nous avons estim\u00e9 que  les \u00e9tudiants devaient \u00e9galement faire quelque chose. Nous sommes  surtout contre la logique de la scission&#8221;, a indiqu\u00e9 Charlie Le Paige.  Une d\u00e9l\u00e9gation d&#8217;\u00e9tudiants de l&#8217;UGent s&#8217;\u00e9tait sp\u00e9cialement rendue \u00e0  Bruxelles pour participer au flashmob. Un \u00e9v\u00e9nement similaire sera  organis\u00e9 le 25 novembre \u00e0 Gand.<\/p>\n","protected":false},"excerpt":{"rendered":"<p>De B.U.B. steunt deze prachtige acties van de Belgische studenten voor 100%. Ze tonen eens te meer aan dat het unitarisme en deliefde voor Belgi\u00eb echt leven bij de jongeren. De politici zijn gewaarschuwd ! <\/p>\n<p>Le B.U.B. soutient \u00e0 100% ces magnifiques actions des \u00e9tudiants belges, qui d\u00e9montrent une fois de plus que l&#8217;unitarisme et l&#8217;attachement \u00e0 la Belgique sont tr\u00e8s importants pour les jeunes. Les politiciens sont avertis !<\/p>\n","protected":false},"author":2,"featured_media":0,"comment_status":"closed","ping_status":"open","sticky":false,"template":"","format":"standard","meta":{"ngg_post_thumbnail":0,"jetpack_post_was_ever_published":false,"_jetpack_newsletter_access":"","_jetpack_dont_email_post_to_subs":false,"_jetpack_newsletter_tier_id":0,"_jetpack_memberships_contains_paywalled_content":false,"powered_cache_disable_cache":false,"_jetpack_memberships_contains_paid_content":false,"footnotes":"","jetpack_publicize_message":"","jetpack_publicize_feature_enabled":true,"jetpack_social_post_already_shared":false,"jetpack_social_options":{"image_generator_settings":{"template":"highway","default_image_id":0,"font":"","enabled":false},"version":2}},"categories":[1],"tags":[],"class_list":["post-2742","post","type-post","status-publish","format-standard","hentry","category-news0"],"jetpack_publicize_connections":[],"jetpack_featured_media_url":"","jetpack_sharing_enabled":true,"jetpack_shortlink":"https:\/\/wp.me\/p6Y7u0-Ie","jetpack_likes_enabled":false,"_links":{"self":[{"href":"https:\/\/www.unionbelge.be\/index.php?rest_route=\/wp\/v2\/posts\/2742","targetHints":{"allow":["GET"]}}],"collection":[{"href":"https:\/\/www.unionbelge.be\/index.php?rest_route=\/wp\/v2\/posts"}],"about":[{"href":"https:\/\/www.unionbelge.be\/index.php?rest_route=\/wp\/v2\/types\/post"}],"author":[{"embeddable":true,"href":"https:\/\/www.unionbelge.be\/index.php?rest_route=\/wp\/v2\/users\/2"}],"replies":[{"embeddable":true,"href":"https:\/\/www.unionbelge.be\/index.php?rest_route=%2Fwp%2Fv2%2Fcomments&post=2742"}],"version-history":[{"count":3,"href":"https:\/\/www.unionbelge.be\/index.php?rest_route=\/wp\/v2\/posts\/2742\/revisions"}],"predecessor-version":[{"id":2745,"href":"https:\/\/www.unionbelge.be\/index.php?rest_route=\/wp\/v2\/posts\/2742\/revisions\/2745"}],"wp:attachment":[{"href":"https:\/\/www.unionbelge.be\/index.php?rest_route=%2Fwp%2Fv2%2Fmedia&parent=2742"}],"wp:term":[{"taxonomy":"category","embeddable":true,"href":"https:\/\/www.unionbelge.be\/index.php?rest_route=%2Fwp%2Fv2%2Fcategories&post=2742"},{"taxonomy":"post_tag","embeddable":true,"href":"https:\/\/www.unionbelge.be\/index.php?rest_route=%2Fwp%2Fv2%2Ftags&post=2742"}],"curies":[{"name":"wp","href":"https:\/\/api.w.org\/{rel}","templated":true}]}}