{"id":2662,"date":"2010-11-11T23:30:16","date_gmt":"2010-11-11T21:30:16","guid":{"rendered":"http:\/\/www.unionbelge.be\/?p=2662"},"modified":"2016-11-17T01:55:21","modified_gmt":"2016-11-17T00:55:21","slug":"flagey","status":"publish","type":"post","link":"https:\/\/www.unionbelge.be\/?p=2662","title":{"rendered":"FLAGEY"},"content":{"rendered":"<p><strong>SOIREE BELGE A FLAGEY<\/strong><\/p>\n<p><strong>Le 10 novembre 2010, une d\u00e9l\u00e9gation de l\u2019Union belge s\u2019est rendue \u00e0 la soir\u00e9e belge et bilingue organis\u00e9e au centre culturel Place Flagey \u00e0 Ixelles (Bruxelles). C\u2019\u00e9tait une soir\u00e9e enrichissante aux accents assez unitaristes\u00a0!<\/strong><\/p>\n<figure id=\"attachment_2663\" aria-describedby=\"caption-attachment-2663\" style=\"width: 299px\" class=\"wp-caption alignleft\"><a href=\"https:\/\/www.unionbelge.be\/wp-content\/uploads\/2010\/11\/flagey_1.jpg\"><img loading=\"lazy\" decoding=\"async\" class=\"size-full wp-image-2663\" title=\"flagey_1\" src=\"https:\/\/www.unionbelge.be\/wp-content\/uploads\/2010\/11\/flagey_1.jpg\" alt=\"\" width=\"299\" height=\"200\" \/><\/a><figcaption id=\"caption-attachment-2663\" class=\"wp-caption-text\">Flagey (photo, foto cinergie.be)<\/figcaption><\/figure>\n<p>Comme la soir\u00e9e \u00e9tait organis\u00e9e par \u00ab\u00a0De Buren\u00a0\u00bb, une association \u00ab\u00a0flamando\u00a0\u00bb-n\u00e9erlandaise notamment subsidi\u00e9e par la communaut\u00e9 \u00ab\u00a0flamande\u00a0\u00bb, le B.U.B. s\u2019attendait au pire, c\u2019est-\u00e0-dire \u00e0 une discours politiquement correct, voire post-belge. Toutefois, nos d\u00e9l\u00e9gu\u00e9s \u00e9taient agr\u00e9ablement surpris\u00a0!<\/p>\n<p>En effet, sur un podium d\u00e9cor\u00e9 d\u2019un grand drapeau belge, le pr\u00e9sentateur et historien Mark Reynebeau, malgr\u00e9 quelques remarques un peu fatalistes sur l\u2019avenir de la Belgique, ne s\u2019est pas vers\u00e9 dans un triste spectacle de fin de si\u00e8cle, mais a d\u2019embl\u00e9e r\u00e9ussi \u00e0 enthousiasmer la salle comble remplie d\u2019environ 300 personnes.<\/p>\n<p>Le premier orateur, Alain Berenboom, qui est \u00e9crivain, avocat et professeur \u00e0 l\u2019ULB, a donn\u00e9 un floril\u00e8ge de la culture belge mettant l\u2019accent sur le besoin d\u2019unit\u00e9 de notre pays multilingue si les Belges ne veulent pas rater le train du 21<sup>i\u00e8me<\/sup> si\u00e8cle.<\/p>\n<p>Ensuite, l\u2019auteur et journaliste de la VRT, Dirk Barrez, lan\u00e7ait un appel remarqu\u00e9 \u00e0 une <em>\u00ab\u00a0nouvelle r\u00e9volution belge des ann\u00e9es 10\u00a0\u00bb<\/em>, une chose que seul le B.U.B. avait os\u00e9 faire avant lui\u00a0! Il pr\u00f4nait une nouvelle Belgique quasiment unitaire dans laquelle les communes et les provinces reprendraient la place qu\u2019elles m\u00e9ritent.<\/p>\n<p>M\u00eame la r\u00e9dactrice en chef du Soir, B\u00e9atrice Delvaux a agr\u00e9ablement surpris. Elle s\u2019est abstenue du discours nihiliste, presque apocalyptique qu\u2019on rencontre souvent dans ses \u00e9ditoriaux et a tir\u00e9 la carte de l\u2019unit\u00e9 nationale pour ressouder les liens entre les Belges. Elle proposait m\u00eame de cr\u00e9er une Belgique totalement bilingue d\u2019Ostende \u00e0 Arlon\u00a0!<\/p>\n<p>Toutefois, l\u2019appel \u00e0 l\u2019unit\u00e9 nationale le plus vif de la soir\u00e9e \u00e9tait lanc\u00e9 par le ministre d\u2019Etat Mark Eyskens. Tout en relativisant l\u2019importance de sa derni\u00e8re proposition choquante de cr\u00e9er un \u00ab\u00a0congr\u00e8s conf\u00e9d\u00e9ral\u00a0\u00bb, il mettait en exergue la n\u00e9cessaire unit\u00e9 de la Belgique si notre pays entend encore jouer un r\u00f4le quelconque dans un monde qui se globalise \u00e0 une vitesse incroyable. Des propos percutants comme <em>\u00ab\u00a0Bient\u00f4t, seulement 5% de la population mondiale sera encore europ\u00e9enne\u00a0\u00bb <\/em>et <em>\u00ab\u00a0dans l\u2019Union europ\u00e9enne, les Etats ont de moins en mois de choses \u00e0 dire, les d\u00e9cisions devant de plus en plus \u00eatre prises au niveau europ\u00e9en et donc multilingue pour qu\u2019elles soient efficaces\u00a0\u00bb <\/em>faisaient r\u00e9fl\u00e9chir le public attentif<em>. <\/em>Il comparait m\u00eame le syst\u00e8me f\u00e9d\u00e9ral avec un syst\u00e8me d\u2019apartheid. Sans doute avait-il lu le site du B.U.B.\u00a0! Malheureusement, il n\u2019en tirait pas les conclusions unitaristes qui s\u2019imposent\u2026<\/p>\n<p>La soir\u00e9e \u00e9tait magnifiquement cl\u00f4tur\u00e9e par le chanteur belge Daan qui chantait notamment sa chanson \u00ab\u00a0de Koning van Vlaanderen\u00a0\u00bb dans laquelle il se moquait de la politique flamingante.<\/p>\n<p>Franchement, cette soir\u00e9e valait la peine\u00a0!<\/p>\n<p><strong>BELGISCHE DEBATAVOND IN FLAGEY<\/strong><\/p>\n<p><strong>Op 10 november 2010 heeft een delegatie van de Belgische Unie een tweetalige Belgische debatavond in het cultureel centrum aan het Flageyplein in Elsene (Brussel) bijgewoond. Het was een instructief en vrij unitaristisch getint debat !<\/strong><\/p>\n<p>Aangezien de debatavond door \u201cDe Buren\u201d georganiseerd werd, een \u201cVlaams\u201d-Nederlandse vereniging, die gesubsidieerd wordt door de \u201cVlaamse\u201d gemeenschap, verwachtte de B.U.B. zich aan het ergste, namelijk aan een politiek correct en zelfs post-Belgisch pleidooi. Nochtans waren onze aanwezige leden aangenaam verrast\u00a0!<\/p>\n<p>Op een met een grote Belgische vlag versierd podium bracht de presentator en historicus Mark Reynebeau, ondanks enkele kleine fatalistische opmerkingen over de toekomst van Belgi\u00eb, geen triest \u201cfin-de-si\u00e8cle\u201d-spektakel, maar slaagde er al snel in de tot de nok gevulde zaal van ongeveer 300 mensen enthousiast te maken.<\/p>\n<p>De eerste spreker, Alain Berenboom, die schrijver, advocaat en professor aan de ULB is, gaf een bloemlezing van de Belgische cultuur en legde de nadruk op de noodzaak van eenheid van ons meertalige land als de Belgen niet de trein van de 21<sup>ste<\/sup> eeuw willen missen.<\/p>\n<p>Vervolgens deed de auteur en journalist van de VRT, Dirk Barrez, een opgemerkte oproep tot <em>\u201ceen nieuwe Belgische revolutie van de jaren 10\u201d<\/em>, iets wat alleen de B.U.B. hem ooit heeft voor gedaan ! Hij verklaarde zich voorstander van een quasi unitair Belgi\u00eb waarin de gemeenten en de provincies terug de rol zouden opnemen die ze verdienen.<\/p>\n<p>Zelfs de hoofdredactrice van Le Soir heeft aangenaam verrast. Ze onthield zich van nihilistische of bijna apocalyptische commentaar, zoals we die dikwijls in haar editorialen tegenkomen, maar trok integendeel de kaart van de nationale eenheid om de Belgen weer dichter bij elkaar te brengen. Ze stelde zelfs voor een volledig tweetalig Belgi\u00eb te cre\u00ebren van Oostende tot Aarlen !<\/p>\n<p>Nochtans kwam het hevigste pleidooi voor nationale eenheid van Minister van staat Mark Eyskens. Eerst relativeerde hij het belang van zijn recente \u201cschokerende\u201d voorstel tot oprichting van een \u201cconfederaal congres\u201d om vervolgens de noodzaak van de eenheid van Belgi\u00eb in de verf te zetten als ons land in de steeds meer globaliserende wereld nog een rol van betekenis wil spelen. Uitspraken als <em>\u201cBinnenkort zal nog slechts 5% van de wereldbevolking Europeaan zijn\u00a0\u00bb <\/em>en <em>\u201cin de Europese Unie hebben de staten steeds minder te zeggen aangezien de beslissingen steeds meer op Europees en dus meertalig niveau moeten genomen worden om effici\u00ebnt te zijn\u201d <\/em>deden het aandachtige publiek nadenken. Hij vergeleek zelfs het federaal systeem met een apartheidssysteem. Ongetwijfeld had hij tevoren de site van de B.U.B. gelezen ! Spijtig genoeg trok hij er niet de evidente unitaristische conclusies uit\u2026<\/p>\n<p>De avond werd op schitterende wijze afgesloten door de Belgische zanger Daan die ondermeer het lied \u201cde Koning van Vlaanderen\u201d zong waarin hij de draak stak met de flamingantische politiek.<\/p>\n<p>Zo\u2019n bijeenkomsten mogen er meer zijn !<\/p>\n","protected":false},"excerpt":{"rendered":"<p>Le 10 novembre 2010, une d\u00e9l\u00e9gation de l\u2019Union belge s\u2019est rendue \u00e0 la soir\u00e9e belge et bilingue organis\u00e9e au centre culturel Place Flagey \u00e0 Ixelles (Bruxelles). C\u2019\u00e9tait une soir\u00e9e enrichissante aux accents assez unitaristes !<\/p>\n<p>Op 10 november 2010 heeft een delegatie van de Belgische Unie een tweetalige Belgische debatavond in het cultureel centrum aan het Flageyplein in Elsene (Brussel) bijgewoond. Het was een instructief en vrij unitaristisch getint debat !<\/p>\n","protected":false},"author":2,"featured_media":0,"comment_status":"closed","ping_status":"open","sticky":false,"template":"","format":"standard","meta":{"ngg_post_thumbnail":0,"jetpack_post_was_ever_published":false,"_jetpack_newsletter_access":"","_jetpack_dont_email_post_to_subs":true,"_jetpack_newsletter_tier_id":0,"_jetpack_memberships_contains_paywalled_content":false,"powered_cache_disable_cache":false,"_jetpack_memberships_contains_paid_content":false,"footnotes":"","jetpack_publicize_message":"","jetpack_publicize_feature_enabled":true,"jetpack_social_post_already_shared":false,"jetpack_social_options":{"image_generator_settings":{"template":"highway","default_image_id":0,"font":"","enabled":false},"version":2}},"categories":[1],"tags":[],"class_list":["post-2662","post","type-post","status-publish","format-standard","hentry","category-news0"],"jetpack_publicize_connections":[],"jetpack_featured_media_url":"","jetpack_sharing_enabled":true,"jetpack_shortlink":"https:\/\/wp.me\/s6Y7u0-flagey","jetpack_likes_enabled":false,"_links":{"self":[{"href":"https:\/\/www.unionbelge.be\/index.php?rest_route=\/wp\/v2\/posts\/2662","targetHints":{"allow":["GET"]}}],"collection":[{"href":"https:\/\/www.unionbelge.be\/index.php?rest_route=\/wp\/v2\/posts"}],"about":[{"href":"https:\/\/www.unionbelge.be\/index.php?rest_route=\/wp\/v2\/types\/post"}],"author":[{"embeddable":true,"href":"https:\/\/www.unionbelge.be\/index.php?rest_route=\/wp\/v2\/users\/2"}],"replies":[{"embeddable":true,"href":"https:\/\/www.unionbelge.be\/index.php?rest_route=%2Fwp%2Fv2%2Fcomments&post=2662"}],"version-history":[{"count":10,"href":"https:\/\/www.unionbelge.be\/index.php?rest_route=\/wp\/v2\/posts\/2662\/revisions"}],"predecessor-version":[{"id":11251,"href":"https:\/\/www.unionbelge.be\/index.php?rest_route=\/wp\/v2\/posts\/2662\/revisions\/11251"}],"wp:attachment":[{"href":"https:\/\/www.unionbelge.be\/index.php?rest_route=%2Fwp%2Fv2%2Fmedia&parent=2662"}],"wp:term":[{"taxonomy":"category","embeddable":true,"href":"https:\/\/www.unionbelge.be\/index.php?rest_route=%2Fwp%2Fv2%2Fcategories&post=2662"},{"taxonomy":"post_tag","embeddable":true,"href":"https:\/\/www.unionbelge.be\/index.php?rest_route=%2Fwp%2Fv2%2Ftags&post=2662"}],"curies":[{"name":"wp","href":"https:\/\/api.w.org\/{rel}","templated":true}]}}