{"id":2654,"date":"2010-11-11T21:06:58","date_gmt":"2010-11-11T19:06:58","guid":{"rendered":"http:\/\/www.unionbelge.be\/?p=2654"},"modified":"2010-11-12T15:38:10","modified_gmt":"2010-11-12T13:38:10","slug":"wat-houdt-de-belgen-samen-tient-les-belges-ensemble","status":"publish","type":"post","link":"https:\/\/www.unionbelge.be\/?p=2654","title":{"rendered":"WAT HOUDT DE BELGEN SAMEN ? QU&#8217;EST-CE QUI TIENT LES BELGES ENSEMBLE ?"},"content":{"rendered":"<p><a href=\"https:\/\/www.unionbelge.be\/wp-content\/uploads\/2010\/11\/image001.png\"><img loading=\"lazy\" decoding=\"async\" class=\"alignleft size-full wp-image-2677\" title=\"image001\" src=\"https:\/\/www.unionbelge.be\/wp-content\/uploads\/2010\/11\/image001.png\" alt=\"\" width=\"1920\" height=\"1200\" srcset=\"https:\/\/www.unionbelge.be\/wp-content\/uploads\/2010\/11\/image001.png 1920w, https:\/\/www.unionbelge.be\/wp-content\/uploads\/2010\/11\/image001-420x263.png 420w, https:\/\/www.unionbelge.be\/wp-content\/uploads\/2010\/11\/image001-800x500.png 800w, https:\/\/www.unionbelge.be\/wp-content\/uploads\/2010\/11\/image001-300x187.png 300w, https:\/\/www.unionbelge.be\/wp-content\/uploads\/2010\/11\/image001-1024x640.png 1024w, https:\/\/www.unionbelge.be\/wp-content\/uploads\/2010\/11\/image001-1200x750.png 1200w\" sizes=\"auto, (max-width: 1920px) 100vw, 1920px\" \/><\/a><object classid=\"clsid:d27cdb6e-ae6d-11cf-96b8-444553540000\" width=\"640\" height=\"385\" codebase=\"http:\/\/download.macromedia.com\/pub\/shockwave\/cabs\/flash\/swflash.cab#version=6,0,40,0\"><param name=\"allowFullScreen\" value=\"true\" \/><param name=\"allowscriptaccess\" value=\"always\" \/><param name=\"src\" value=\"http:\/\/www.youtube.com\/v\/lEmPOnIocrM?fs=1&amp;hl=en_US\" \/><param name=\"allowfullscreen\" value=\"true\" \/><\/object><\/p>\n<p><a href=\"https:\/\/www.unionbelge.be\/wp-content\/uploads\/2010\/09\/1pixel.jpg\"><img loading=\"lazy\" decoding=\"async\" class=\"alignleft size-full wp-image-1429\" title=\"1pixel\" src=\"https:\/\/www.unionbelge.be\/wp-content\/uploads\/2010\/09\/1pixel.jpg\" alt=\"\" width=\"1\" height=\"1\" \/><\/a><br \/>\nOp 4 november 2010 zond de Deense openbare televisie dit interview met de voorzitter van de B.U.B., Hans Van de Cauter, uit. Hij antwoordde hierin in het Nederlands ondermeer op de vraag wat de Belgen samenhoudt en legde er de nadruk op dat een nieuw unitair Belgi\u00eb de beste oplossing is om uit de huidige politieke impasse te geraken.<\/p>\n<p>Le 4 novembre 2010, la t\u00e9l\u00e9vision publique danoise a diffus\u00e9 cet interview avec le pr\u00e9sident du B.U.B., Hans Van de Cauter. Il r\u00e9pondit en n\u00e9erlandais notamment \u00e0 la question de savoir ce qui tient les Belges ensemble tout en mettant l&#8217;accent sur la n\u00e9cessit\u00e9 de cr\u00e9er une nouvelle Belgique unitaire pour sortir de l&#8217;impasse politique actuelle.<\/p>\n","protected":false},"excerpt":{"rendered":"<p>Op 4 november 2010 zond de Deense openbare televisie dit interview met de voorzitter van de B.U.B., Hans Van de Cauter, uit. Hij antwoordde hierin in het Nederlands ondermeer op de vraag wat de Belgen samenhoudt en legde er de nadruk op dat een nieuw unitair Belgi\u00eb de beste oplossing is om uit de huidige politieke impasse te geraken.<\/p>\n<p>Le 4 novembre 2010, la t\u00e9l\u00e9vision publique danoise a diffus\u00e9 cet interview avec le pr\u00e9sident du B.U.B., Hans Van de Cauter. Il r\u00e9pondit en n\u00e9erlandais notamment \u00e0 la question de savoir ce qui tient les Belges ensemble tout en mettant l&#8217;accent sur la n\u00e9cessit\u00e9 de cr\u00e9er une nouvelle Belgique unitaire pour sortir de l&#8217;impasse politique actuelle.<\/p>\n","protected":false},"author":2,"featured_media":0,"comment_status":"closed","ping_status":"open","sticky":false,"template":"","format":"standard","meta":{"ngg_post_thumbnail":0,"jetpack_post_was_ever_published":false,"_jetpack_newsletter_access":"","_jetpack_dont_email_post_to_subs":false,"_jetpack_newsletter_tier_id":0,"_jetpack_memberships_contains_paywalled_content":false,"powered_cache_disable_cache":false,"_jetpack_memberships_contains_paid_content":false,"footnotes":"","jetpack_publicize_message":"","jetpack_publicize_feature_enabled":true,"jetpack_social_post_already_shared":false,"jetpack_social_options":{"image_generator_settings":{"template":"highway","default_image_id":0,"font":"","enabled":false},"version":2}},"categories":[1],"tags":[],"class_list":["post-2654","post","type-post","status-publish","format-standard","hentry","category-news0"],"jetpack_publicize_connections":[],"jetpack_featured_media_url":"","jetpack_sharing_enabled":true,"jetpack_shortlink":"https:\/\/wp.me\/p6Y7u0-GO","jetpack_likes_enabled":false,"_links":{"self":[{"href":"https:\/\/www.unionbelge.be\/index.php?rest_route=\/wp\/v2\/posts\/2654","targetHints":{"allow":["GET"]}}],"collection":[{"href":"https:\/\/www.unionbelge.be\/index.php?rest_route=\/wp\/v2\/posts"}],"about":[{"href":"https:\/\/www.unionbelge.be\/index.php?rest_route=\/wp\/v2\/types\/post"}],"author":[{"embeddable":true,"href":"https:\/\/www.unionbelge.be\/index.php?rest_route=\/wp\/v2\/users\/2"}],"replies":[{"embeddable":true,"href":"https:\/\/www.unionbelge.be\/index.php?rest_route=%2Fwp%2Fv2%2Fcomments&post=2654"}],"version-history":[{"count":10,"href":"https:\/\/www.unionbelge.be\/index.php?rest_route=\/wp\/v2\/posts\/2654\/revisions"}],"predecessor-version":[{"id":2681,"href":"https:\/\/www.unionbelge.be\/index.php?rest_route=\/wp\/v2\/posts\/2654\/revisions\/2681"}],"wp:attachment":[{"href":"https:\/\/www.unionbelge.be\/index.php?rest_route=%2Fwp%2Fv2%2Fmedia&parent=2654"}],"wp:term":[{"taxonomy":"category","embeddable":true,"href":"https:\/\/www.unionbelge.be\/index.php?rest_route=%2Fwp%2Fv2%2Fcategories&post=2654"},{"taxonomy":"post_tag","embeddable":true,"href":"https:\/\/www.unionbelge.be\/index.php?rest_route=%2Fwp%2Fv2%2Ftags&post=2654"}],"curies":[{"name":"wp","href":"https:\/\/api.w.org\/{rel}","templated":true}]}}