{"id":2638,"date":"2010-11-07T12:58:19","date_gmt":"2010-11-07T10:58:19","guid":{"rendered":"http:\/\/www.unionbelge.be\/?p=2638"},"modified":"2016-11-17T01:57:34","modified_gmt":"2016-11-17T00:57:34","slug":"bart-de-wever-een-moderne-nero-bart-de-wever-le-neron-moderne","status":"publish","type":"post","link":"https:\/\/www.unionbelge.be\/?p=2638","title":{"rendered":"BART DE WEVER : EEN MODERNE NERO &#8211; BART DE WEVER: LE NERON DES TEMPS MODERNES"},"content":{"rendered":"<p>&nbsp;<\/p>\n<figure id=\"attachment_2639\" aria-describedby=\"caption-attachment-2639\" style=\"width: 433px\" class=\"wp-caption alignleft\"><a href=\"https:\/\/www.unionbelge.be\/wp-content\/uploads\/2010\/11\/BDW.jpg\"><img loading=\"lazy\" decoding=\"async\" class=\"size-full wp-image-2639\" title=\"BDW\" src=\"https:\/\/www.unionbelge.be\/wp-content\/uploads\/2010\/11\/BDW.jpg\" alt=\"\" width=\"433\" height=\"500\" \/><\/a><figcaption id=\"caption-attachment-2639\" class=\"wp-caption-text\">Fistula dulce canit volucrem dum decipit auceps: \u201cGardez-vous des discours trop flatteurs : c\u2019est au doux son de l\u2019appeau que l\u2019oiseleur attrape l\u2019oiseau.\u201d &#8211; \u201cLet op met te flatterende uitspraken: het is door het zachte geluid van de lokvogel dat de stroper de vogel vangt.\u201d (bron foto onbekend; source photo inconnue)<\/figcaption><\/figure>\n<p><strong>BART DE WEVER : EEN MODERNE NERO<\/strong><\/p>\n<p><strong>Wie aan politiek doet, moet de vrijheid van meningsuiting en de daarmee gepaard gaande \u00a0terechte en onterechte kritiek verdragen. Tenzij je je natuurlijk als een keizer Nero van de 21<sup>ste<\/sup> eeuw gedraagt.<\/strong><\/p>\n<p>Toen de Brabantse professor en kindpsychiater Jean-Yves Hayez begin november 2010 de N-VA-voorzitter Bart De Wever een \u2018machtsgeile zot\u2019 en een \u2018kind-koning\u2019 noemde, sloegen de stoppen bij De Wever door.<\/p>\n<p>Zo stelde de professor o.i. terecht:<\/p>\n<p><strong><em>&#8216;Het is duidelijk dat De Wever graag heeft dat de Franstaligen hem verafschuwen. Hij wil niet begrepen worden door de Franstaligen, wat ook duidt op zijn enorme drang naar macht. Hij heeft een zeer dominante persoonlijkheid.\u201d<\/em><\/strong><\/p>\n<p>Blijkbaar wou De Wever deze uitspraak kracht bijzetten door onmiddellijk klacht in te dienen tegen deze \u201cWaalse\u201d psychiater bij de Orde van Geneesheren, maar dan wel die van Brabant waarschijnlijk. De dokter werkt immers in het ziekenhuis Saint-Luc\u2026 in Brussel, de hoofdstad van het zogenaamde \u201cVlaanderen\u201d (wat dat laatste ook mag zijn).<\/p>\n<p>Het gedrag van De Wever is natuurlijk typisch voor een nationalist: het is allemaal de fout van die andere bevolkingsgroep, lees &#8220;de Walen&#8221; en wij, &#8220;de Vlamingen&#8221; voelen ons weer aangevallen. Dit &#8220;kalimero-gedrag&#8221; schijnt te werken bij bepaalde onaandachtige en goedgelovige kiezers.<\/p>\n<p>Bovendien geldt voor de flaminganten de vrijheid van meningsuiting alleen als je de vandaag zo prominent in de media aanwezige Vlaams-nationale mening verkondigt en als een schaapje achter deze vetgemeste flamingant aanloopt. Terloops gezegd mag De Wever weer aan zijn geliefkoosde kwis, \u201cde slimste mens\u201d op de VRT deelnemen. In het koninkrijk der blinden zijn de \u00e9\u00e9nogigen immers koning.<\/p>\n<p>Kortom, De Wever vond dat de arts te ver ging en noemde het straf dat Hayez dergelijke verklaringen aflegt terwijl de psychiater hem niet kent en ze elkaar nooit gezien hebben. Nee, natuurlijk hebben we De Wever nooit gezien. Zijn dagelijks optreden op TV, op de radio en in de krant, dat hebben we ons allemaal mooi ingebeeld. Zijn kiezers zouden die moderne Nero eens moeten leren kennen\u2026 Hij zou in staat zijn\u00a0zijn eigen \u201cVlaams kot\u201d in brand te steken om zijn Vlaams-nationale dictatuur aan de Noord-Belgen op te dringen, samen met zijn kornuiten Herr Bourgeois, de chef van de Gestapo Flandern, en Jan Hesp, ook wel \u00a0\u2018Monsieur Jambon mayonnaise frites \u00e0 la flamande\u2019 genoemd, die aan de B.U.B. doodleuk verklaarde dat hij er alles voor zou doen om Belgi\u00eb in de afgrond te duwen. En als die psychiatrische zotten ook nog een rood strikje beginnen te dragen, wordt het helemaal te gek\u2026<\/p>\n<p>We kunnen dan ook perfect begrijpen dat de CD&amp;V heimwee heeft naar het kartel met de N-VA. Samen zot zijn, is altijd leuker !<\/p>\n<p><strong>BART DE WEVER: LE NERON DES TEMPS MODERNES<\/strong><\/p>\n<p><strong>Celui qui fait de la politique, doit supporter la libert\u00e9 d\u2019expression et les critiques qui y sont associ\u00e9es, qu\u2019elles soient justifi\u00e9es ou non. A moins que l\u2019on se comporte comme un N\u00e9ron du 21<sup>i\u00e8me<\/sup> si\u00e8cle\u2026<\/strong><\/p>\n<p>Lorsque d\u00e9but novembre 2010 le professeur braban\u00e7on et p\u00e9dopsychiatre Jean-Yves Hayez appelait le pr\u00e9sident de la N-VA Bart De Wever un \u2018fou avide de pouvoir\u2019 et un \u2018enfant-roi\u2019, De Wever a pet\u00e9 les plombs.<\/p>\n<p>Le professeur disait notamment ceci et selon nous \u00e0 juste titre\u00a0:<\/p>\n<p><strong><em>&#8220;Il est clair que De Wever appr\u00e9cie que les Francophones le d\u00e9testent. Il ne veut pas \u00eatre compris par les Francophones. Il veut se faire d\u00e9tester par les Francophones, ce qui d\u00e9voile aussi sa grande volont\u00e9 de puissance. Il est dot\u00e9 d&#8217;une personnalit\u00e9 tr\u00e8s dominante&#8221;.<\/em><\/strong><\/p>\n<p>Apparemment, De Wever a voulu mettre en exergue ces propos en d\u00e9posant imm\u00e9diatement plainte contre ce psychiatre \u00ab\u00a0wallon\u00a0\u00bb aupr\u00e8s de l\u2019Ordre des M\u00e9decins, celui du Brabant sans doute car le m\u00e9decin travaille \u00e0 l\u2019h\u00f4pital Saint-Luc\u2026 \u00e0 Bruxelles, la capitale de la soi-disant \u00ab\u00a0Flandre\u00a0\u00bb, aux fronti\u00e8res ind\u00e9finies.<\/p>\n<p>Le comportement de De Wever est typique pour un nationaliste: tout est la faute de l&#8217;autre groupe de la population, lisez les &#8220;Wallons&#8221; et nous, les &#8220;Flamands&#8221; se sentent de nouveau attaqu\u00e9s. Ce comportement\u00a0de Calimero semble impressionner certains \u00e9lecteurs peu attentifs et na\u00effs.<\/p>\n<p>Par ailleurs, pour les flamingants, la libert\u00e9 d\u2019expression ne vaut que pour ceux qui adh\u00e8rent \u00e0 l\u2019opinion flamingante, tant dominante dans les m\u00e9dias \u00e0 l\u2019heure actuelle, et qui courent comme des moutons derri\u00e8re ce flamingant engraiss\u00e9. Signalons en passant que De Wever va de nouveau participer \u00e0 son quiz favori \u00e0 la VRT, \u00ab\u00a0de slimste mens\u00a0\u00bb. Au royaume des aveugles, les borgnes sont roi.<\/p>\n<p>Bref, Bart De Wever estima que le m\u00e9decin allait trop loin et exprima son \u00e9tonnement par rapport \u00e0 ses d\u00e9clarations dans la mesure o\u00f9 le psychiatre ne le conna\u00eet pas et ne l\u2019a jamais vu. Non bien s\u00fbr, on n\u2019a jamais vu De Wever. Ses apparitions quotidiennes \u00e0 la t\u00e9l\u00e9, \u00e0 la radio et dans les journaux, on se l\u2019est simplement imagin\u00e9. Un jour, ses \u00e9lecteurs devrait faire connaissance avec ce N\u00e9ron des temps modernes\u2026 Il serait capable de mettre le feu \u00e0 son propre \u00ab\u00a0kot\u00a0\u00bb flamand pour imposer sa dictature flamingo-nationaliste aux Belges du nord, en collaboration avec ses complices \u2018Herr Bourgeois\u2019, le chef de la Gestapo Flandres, ainsi que Jan Jambon, appel\u00e9 aussi Monsieur \u2018Jambon mayonnaise frites \u00e0 la flamande\u2019 qui avait d\u00e9clar\u00e9 au B.U.B. vouloir tout faire pour pousser la Belgique dans le pr\u00e9cipice. Et si ces fous psychiatriques se mettent en plus \u00e0 porter un papillon rouge, on n\u2019est pas encore sorti de l\u2019auberge\u2026<\/p>\n<p>On peut d\u00e8s lors parfaitement comprendre que le CD&amp;V est nostalgique du cartel avec la N-VA. Etre fou en groupe, c\u2019est tellement plus amusant\u00a0!<\/p>\n","protected":false},"excerpt":{"rendered":"<p>Wie aan politiek doet, moet de vrijheid van meningsuiting en de daarmee gepaard gaande  terechte en onterechte kritiek verdragen. Tenzij je je natuurlijk als een keizer Nero van de 21ste eeuw gedraagt.<\/p>\n<p>Celui qui fait de la politique, doit supporter la libert\u00e9 d\u2019expression et les critiques qui y sont associ\u00e9es, qu\u2019elles soient justifi\u00e9es ou non. A moins que l\u2019on se comporte comme un N\u00e9ron du 21i\u00e8me si\u00e8cle\u2026<\/p>\n","protected":false},"author":2,"featured_media":0,"comment_status":"closed","ping_status":"open","sticky":false,"template":"","format":"standard","meta":{"ngg_post_thumbnail":0,"jetpack_post_was_ever_published":false,"_jetpack_newsletter_access":"","_jetpack_dont_email_post_to_subs":true,"_jetpack_newsletter_tier_id":0,"_jetpack_memberships_contains_paywalled_content":false,"powered_cache_disable_cache":false,"_jetpack_memberships_contains_paid_content":false,"footnotes":"","jetpack_publicize_message":"","jetpack_publicize_feature_enabled":true,"jetpack_social_post_already_shared":false,"jetpack_social_options":{"image_generator_settings":{"template":"highway","default_image_id":0,"font":"","enabled":false},"version":2}},"categories":[5],"tags":[],"class_list":["post-2638","post","type-post","status-publish","format-standard","hentry","category-opinions"],"jetpack_publicize_connections":[],"jetpack_featured_media_url":"","jetpack_sharing_enabled":true,"jetpack_shortlink":"https:\/\/wp.me\/p6Y7u0-Gy","jetpack_likes_enabled":false,"_links":{"self":[{"href":"https:\/\/www.unionbelge.be\/index.php?rest_route=\/wp\/v2\/posts\/2638","targetHints":{"allow":["GET"]}}],"collection":[{"href":"https:\/\/www.unionbelge.be\/index.php?rest_route=\/wp\/v2\/posts"}],"about":[{"href":"https:\/\/www.unionbelge.be\/index.php?rest_route=\/wp\/v2\/types\/post"}],"author":[{"embeddable":true,"href":"https:\/\/www.unionbelge.be\/index.php?rest_route=\/wp\/v2\/users\/2"}],"replies":[{"embeddable":true,"href":"https:\/\/www.unionbelge.be\/index.php?rest_route=%2Fwp%2Fv2%2Fcomments&post=2638"}],"version-history":[{"count":16,"href":"https:\/\/www.unionbelge.be\/index.php?rest_route=\/wp\/v2\/posts\/2638\/revisions"}],"predecessor-version":[{"id":11253,"href":"https:\/\/www.unionbelge.be\/index.php?rest_route=\/wp\/v2\/posts\/2638\/revisions\/11253"}],"wp:attachment":[{"href":"https:\/\/www.unionbelge.be\/index.php?rest_route=%2Fwp%2Fv2%2Fmedia&parent=2638"}],"wp:term":[{"taxonomy":"category","embeddable":true,"href":"https:\/\/www.unionbelge.be\/index.php?rest_route=%2Fwp%2Fv2%2Fcategories&post=2638"},{"taxonomy":"post_tag","embeddable":true,"href":"https:\/\/www.unionbelge.be\/index.php?rest_route=%2Fwp%2Fv2%2Ftags&post=2638"}],"curies":[{"name":"wp","href":"https:\/\/api.w.org\/{rel}","templated":true}]}}