{"id":2610,"date":"2010-10-31T21:38:21","date_gmt":"2010-10-31T19:38:21","guid":{"rendered":"http:\/\/www.unionbelge.be\/?p=2610"},"modified":"2016-11-17T01:20:18","modified_gmt":"2016-11-17T00:20:18","slug":"les-politiciens-antibelges-s%e2%80%99embourbent-dans-leur-propre-marecage-institutionnel-de-anti-belgische-politici-zinken-verder-weg-hun-eigen-institutioneel-moeras","status":"publish","type":"post","link":"https:\/\/www.unionbelge.be\/?p=2610","title":{"rendered":"LES POLITICIENS ANTIBELGES S\u2019EMBOURBENT DANS LEUR PROPRE MARECAGE INSTITUTIONNEL &#8211; DE ANTI-BELGISCHE POLITICI ZINKEN VERDER WEG IN HUN EIGEN INSTITUTIONEEL MOERAS"},"content":{"rendered":"<div>\n<figure id=\"attachment_2611\" aria-describedby=\"caption-attachment-2611\" style=\"width: 400px\" class=\"wp-caption alignright\"><a href=\"https:\/\/www.unionbelge.be\/wp-content\/uploads\/2010\/10\/07.jpg\"><img loading=\"lazy\" decoding=\"async\" class=\"size-full wp-image-2611\" title=\"07\" src=\"https:\/\/www.unionbelge.be\/wp-content\/uploads\/2010\/10\/07.jpg\" alt=\"\" width=\"400\" height=\"300\" srcset=\"https:\/\/www.unionbelge.be\/wp-content\/uploads\/2010\/10\/07.jpg 400w, https:\/\/www.unionbelge.be\/wp-content\/uploads\/2010\/10\/07-300x225.jpg 300w\" sizes=\"auto, (max-width: 400px) 100vw, 400px\" \/><\/a><figcaption id=\"caption-attachment-2611\" class=\"wp-caption-text\">B.U.B. in Bokrijk bij de viering van de Belgische revolutie van 1830 (september 2005) &#8211; le B.U.B. \u00e0 Bokrijk pour la c\u00e9l\u00e9bration de la r\u00e9volution belge de 1830 (septembre 2005) (photo &#8211; foto B.U.B.)<\/figcaption><\/figure>\n<p><strong>L\u2019UNITARISME \u2013 QUOIQUE POPULAIRE \u2013 EST TOUJOURS TABOU DANS LES MEDIAS <\/strong><\/p>\n<p><strong>L\u2019image devient banale\u00a0: les n\u00e9gociateurs pour la formation d\u2019un gouvernement f\u00e9d\u00e9ral se heurtent \u00e0 des obstacles cr\u00e9\u00e9s par le f\u00e9d\u00e9ralisme linguistique lui-m\u00eame. A la longue, on ne sait m\u00eame plus de quoi ils n\u00e9gocient\u2026 Les raisons du blocage sont l\u2019argent et le territoire. C\u2019est normal car aucun des n\u00e9gociateurs ne s\u2019int\u00e9resse encore \u00e0 la Belgique. Ce sont tous des nationalistes qui pensent uniquement \u00e0 leur portefeuille et leur \u00ab\u00a0plan B\u00a0\u00bb. Le B.U.B. en revanche d\u00e9fend tout seul les int\u00e9r\u00eats des 40 \u00e0 60% d\u2019unitaristes belges qui sont scandaleusement priv\u00e9s de tout acc\u00e8s aux m\u00e9dias. Pourtant, cet acc\u00e8s r\u00e9soudrait beaucoup de choses\u2026<\/strong><\/p>\n<p>Nous voulons faire quatre constats\u00a0:<\/p>\n<p>1)\u00a0\u00a0\u00a0\u00a0\u00a0 <span style=\"text-decoration: underline;\">Les n\u00e9gociateurs s&#8217;enfoncent de plus en plus dans les probl\u00e8mes institutionnels qu\u2019ils ont cr\u00e9\u00e9 eux-m\u00eames, malgr\u00e9 le soutien incessant de leur presse et de leurs professeurs d\u2019universit\u00e9<\/span><\/p>\n<p>En effet, plus aucun jour ne se passe sans que la politique traditionnelle, les m\u00e9dias et les professeurs du syst\u00e8me f\u00e9d\u00e9ralo-s\u00e9paratiste n\u2019endoctrinent le bon peuple belge de leurs principes implacables\u00a0et indiscutables\u00a0: il faut une r\u00e9forme de l\u2019Etat qui \u00ab\u00a0responsabilise\u00a0\u00bb davantage les r\u00e9gions et communaut\u00e9s, les Belges ont vot\u00e9 pour cette r\u00e9forme et elle constitue la seule fa\u00e7on pour \u00e9viter l\u2019\u00e9clatement de la Belgique auquel il faut de toute fa\u00e7on se pr\u00e9parer\u2026 Ainsi, les politiciens traditionnels se rendent coupables d\u2019une tromperie collective qui ne vise qu\u2019\u00e0 faire triompher les principes abjects du nationalisme qui ont co\u00fbt\u00e9 des millions de morts au vingti\u00e8me si\u00e8cle et avant. Leur f\u00e9d\u00e9ralisme complexe est un \u00e9cran de fum\u00e9e derri\u00e8re lequel les nationalistes peuvent agrandir leur pouvoir. Heureusement, il constitue \u00e9galement un mar\u00e9cage dans lequel ses cr\u00e9ateurs s\u2019enlisent de plus en plus. N\u00e9anmoins, les vraies victimes de ces b\u00eatises institutionnelles sont finalement les Belges eux-m\u00eames qui doivent financer tout ce cirque tr\u00e8s co\u00fbteux et de mauvais go\u00fbt.<\/p>\n<p>2)\u00a0\u00a0\u00a0\u00a0\u00a0 <span style=\"text-decoration: underline;\">Aucun des n\u00e9gociateurs ne s\u2019int\u00e9resse encore \u00e0 la Belgique<\/span><\/p>\n<p>C\u2019est un constat hallucinant. Les politiciens traditionnels ont abandonn\u00e9 la d\u00e9fense de la Belgique depuis la crise politico-communautaire qui a commenc\u00e9 en 2007. Ils pensent d\u00e9j\u00e0 \u00e0 l\u2019apr\u00e8s-Belgique et la pr\u00e9parent activement. La seule chose qui les int\u00e9resse encore et de pr\u00e9server leurs revenus et leur pouvoir ainsi que d\u2019assurer le plus grand territoire possible pour leur nouvel Etat futur. D\u2019o\u00f9 leur volont\u00e9 de ne pas appauvrir leur propre r\u00e9gion par une modification de la loi de financement et de mettre ou de garder la main sur Bruxelles et sa p\u00e9riph\u00e9rie. Mais, la Belgique, elle, ne les int\u00e9resse plus.<\/p>\n<p>3)\u00a0\u00a0\u00a0\u00a0\u00a0 <span style=\"text-decoration: underline;\">Selon les sondages, 40 \u00e0 60% des Belges sont unitaristes<\/span><\/p>\n<p>Selon un sondage de la Libre Belgique du 25 septembre 2010 confirmant d\u2019autres sondages de semblables, les unitaristes repr\u00e9sentent pas moins que 40% de la population belge sans compter les 8% qui souhaitent un statu quo, la moiti\u00e9 des 8% d\u2019ind\u00e9cis et une bonne partie des 32% qui veulent moins d\u2019Etat central au profit d\u2019entit\u00e9s plus petites comme les provinces. On peut donc dire sans exag\u00e9rer qu\u2019il y a en Belgique jusqu\u2019\u00e0 60% d\u2019unitaristes potentiels. Tous ces gens peuvent \u00eatre s\u00e9duits par le programme du B.U.B.\u00a0s\u2019ils le connaissaient\u2026<\/p>\n<p>4)\u00a0\u00a0\u00a0\u00a0\u00a0 <span style=\"text-decoration: underline;\">Les unitaristes n\u2019ont aucun acc\u00e8s aux m\u00e9dias publics<\/span><\/p>\n<p>Malgr\u00e9 leur nombre tr\u00e8s important \u2013 une grande minorit\u00e9, voire une majorit\u00e9 de la population belge \u2013 les unitaristes n\u2019ont aucun acc\u00e8s \u00e0 leurs propres m\u00e9dias\u00a0! Ils sont totalement discrimin\u00e9s et priv\u00e9s de parole. Le r\u00e9gime nationaliste r\u00e9serve la parole uniquement aux quelques s\u00e9paratistes et \u00e0 leurs alli\u00e9s f\u00e9d\u00e9ralistes \u2013 le plus souvent particratiques &#8211; qui veulent transformer la Belgique en une coquille vide contre la volont\u00e9 de la majorit\u00e9 des Belges. C\u2019est une situation scandaleuse\u00a0car nulle part au monde, autant de gens qui ne font que d\u00e9fendre leur propre pays sont discrimin\u00e9s par leur propre gouvernement. Dans tous les autres Etats du monde, d\u00e9fendre son pays est consid\u00e9r\u00e9 comme un acte progressif et positif, sauf en Belgique o\u00f9 il faut d\u00e9tester son pays ou \u00e0 tout le moins \u00eatre assez indiff\u00e9rent \u00e0 son \u00e9gard pour m\u00e9riter un acc\u00e8s aux m\u00e9dias publics\u00a0!<\/p>\n<figure id=\"attachment_2612\" aria-describedby=\"caption-attachment-2612\" style=\"width: 300px\" class=\"wp-caption alignleft\"><a href=\"https:\/\/www.unionbelge.be\/wp-content\/uploads\/2010\/10\/B.U.B.-2007-2009-085.jpg\"><img loading=\"lazy\" decoding=\"async\" class=\"size-medium wp-image-2612\" title=\"B.U.B. 2007-2009 085\" src=\"https:\/\/www.unionbelge.be\/wp-content\/uploads\/2010\/10\/B.U.B.-2007-2009-085-300x200.jpg\" alt=\"\" width=\"300\" height=\"200\" srcset=\"https:\/\/www.unionbelge.be\/wp-content\/uploads\/2010\/10\/B.U.B.-2007-2009-085-300x200.jpg 300w, https:\/\/www.unionbelge.be\/wp-content\/uploads\/2010\/10\/B.U.B.-2007-2009-085-420x280.jpg 420w, https:\/\/www.unionbelge.be\/wp-content\/uploads\/2010\/10\/B.U.B.-2007-2009-085-800x533.jpg 800w, https:\/\/www.unionbelge.be\/wp-content\/uploads\/2010\/10\/B.U.B.-2007-2009-085-1024x682.jpg 1024w\" sizes=\"auto, (max-width: 300px) 100vw, 300px\" \/><\/a><figcaption id=\"caption-attachment-2612\" class=\"wp-caption-text\">B.U.B.-actie in 2006 aan het Atomium te Brussel &#8211; Action du B.U.B. \u00e0 l&#8217;Atomium \u00e0 Bruxelles en 2006 (photo &#8211; foto B.U.B.)<\/figcaption><\/figure>\n<p>5)\u00a0\u00a0\u00a0\u00a0\u00a0 <span style=\"text-decoration: underline;\">Mais rien n\u2019est perdu\u00a0!<\/span><\/p>\n<p>Toutefois, nous souhaitons passer un message d\u2019espoir et d\u2019optimisme\u00a0: la Belgique est une vieille et forte nation qui remonte jusqu\u2019\u00e0 l\u2019\u00e9poque bourguignonne au 15<sup>i\u00e8me<\/sup> si\u00e8cle. La r\u00e9volution de 1789 contre les Autrichiens et celle de 1830 contre les Hollandais n\u2019\u00e9taient que des \u00e9tapes d\u2019une longue histoire avec des hauts et des bas. La Belgique a connu de longues p\u00e9riodes d\u2019occupations et de d\u00e9tresse, mais les Belges ont toujours r\u00e9ussi \u00e0 se relever et \u00e0 retrouver leur prosp\u00e9rit\u00e9 et unit\u00e9. Cette fois-ci, ce ne sera pas diff\u00e9rent.<\/p>\n<p>Par ailleurs, notre groupe Facebook compte presque 1.000 membres apr\u00e8s deux mois et de nouveaux membres s\u2019ajoutent tous les jours. Les partis traditionnels ne font gu\u00e8re mieux malgr\u00e9 leurs \u00e9normes subsides (70 millions d\u2019euros par an\u00a0!), leurs (trop) nombreux mandataires politiques et leur monopole sur les m\u00e9dias.<\/p>\n<p><strong>La victoire finale sera \u00e0 nous et \u00e0 la Belgique unitaire, mais nous devrons mettre les bouch\u00e9es doubles pour donner au plus vite aux unitaristes belges l\u2019attention qu\u2019ils m\u00e9ritent assur\u00e9ment\u00a0!<\/strong><\/p>\n<p>&nbsp;<\/p>\n<p><strong>HET \u2013 POPULAIRE &#8211; UNITARISME IS NOG STEEDS TABOE IN DE MEDIA<\/strong><\/p>\n<p><strong>Het beeld wordt banaal: de onderhandelaars voor de vorming van een federale regering botsen op obstakels die door het systeem van taalfederalisme zelf gecre\u00eberd werden. Op de duur weet men zelfs niet meer over wat ze nog onderhandelen\u2026 De redenen van de blokkering zijn het geld en het territorium. Dat is normaal want geen enkele onderhandelaar interesseert zich nog voor Belgi\u00eb. Het zijn allemaal nationalisten die alleen nog aan hun portefeuille en hun plan \u201cB\u201d denken. De B.U.B. daarentegen verdedigt heel alleen de belangen van 40 tot 60% Belgische unitaristen die op schandalige wijze elke mediatoegang ontzegd worden. Nochtans zou die mediatoegang heel wat zaken oplossen\u2026<\/strong><\/p>\n<p>Wij stellen vier zaken vast:<\/p>\n<p>1)\u00a0\u00a0\u00a0\u00a0\u00a0 <span style=\"text-decoration: underline;\">De onderhandelaars komen niet meer uit de institutionele problemen die ze zelf gecre\u00eberd hebben, ondanks de niet-aflatende steun van hun pers en hun universiteitsprofessoren.<\/span><\/p>\n<p>Er gaat inderdaad geen dag meer voorbij zonder dat de traditionele politici, hun media en de professoren van het federalistisch en separatistisch systeem het goede Belgische volk overstelpen met hun meedogenloze en onbespreekbare principe: er moet een staatshervorming komen die de gewesten en gemeenschappen meer \u201cresponsabiliseert\u201d, de Belgen hebben voor deze hervorming gestemd en ze is de enige manier om het uiteenvallen van Belgi\u00eb te vermijden waarop we ons in elk geval toch moeten voorbereiden\u2026 Zo maken de traditionele politici zich schuldig aan het cre\u00ebren van een collectieve zinsverbijstering die alleen tot doel heeft om de verderfelijke principes van het nationalisme, die in de 20<sup>ste<\/sup> eeuw en daarvoor miljoenen slachtoffers hebben gemaakt, te doen zegevieren. Hun complex federalisme is een dekmantel voor de machtswellustige nationalisten. Gelukkig is het ook een moeras waarin de makers van het systeem zich vast ploeteren. Desondanks zijn de echte slachtoffers van die institutionele stommiteiten uiteindelijk de Belgen zelf die heet dit kostelijk en wansmakelijk circus moeten bekostigen.<\/p>\n<p>2)\u00a0\u00a0\u00a0\u00a0\u00a0 <span style=\"text-decoration: underline;\">Geen enkele onderhandelaar geeft nog iets om Belgi\u00eb<\/span><\/p>\n<p>Dit is een verbijsterende vaststelling. De traditionele politici hebben de verdediging van Belgi\u00eb sinds de politiek-communautaire crisis die in 2007 begon opgegeven. Ze denken al aan het post-Belgi\u00eb en bereiden het actief voor. Het enige dat hen nog interesseert, is het behoud van hun inkomen en macht evenals het streven naar een zo groot mogelijk grondgebied voor hun toekomstige nieuwe staat. Vandaar hun wil om hun eigen gewest niet te verarmen door een wijziging van de financieringswet en om Brussel en de rand in handen te houden of te krijgen. Maar Belgi\u00eb op zich interesseert hen niet meer.<\/p>\n<p>3)\u00a0\u00a0\u00a0\u00a0\u00a0 <span style=\"text-decoration: underline;\">Volgens de peilingen zijn 40 tot 60% van de Belgen unitaristen<\/span><\/p>\n<p>Volgens een peiling van la Libre Belgique van 25 september 2010 die andere gelijkaardige peilingen bevestigt, vertegenwoordigen de unitaristen niet minder dan 40% van de Belgische bevolking zonder te spreken over de 8% die een status quo wenst, de helft van de 8% onbeslisten en een groot deel van de 32% die minder centrale overheid wenst in het voordeel van kleinere entiteiten zoals de provincies. Zonder te overdrijven kan men dus zeggen dat tot 60% van de Belgen potenti\u00eble unitaristen zijn. Al deze mensen kunnen door het programma van de B.U.B. aangesproken worden als ze het zouden kennen\u2026<\/p>\n<figure id=\"attachment_2613\" aria-describedby=\"caption-attachment-2613\" style=\"width: 300px\" class=\"wp-caption alignright\"><a href=\"https:\/\/www.unionbelge.be\/wp-content\/uploads\/2010\/10\/beurs.jpg\"><img loading=\"lazy\" decoding=\"async\" class=\"size-medium wp-image-2613\" title=\"beurs\" src=\"https:\/\/www.unionbelge.be\/wp-content\/uploads\/2010\/10\/beurs-300x199.jpg\" alt=\"\" width=\"300\" height=\"199\" srcset=\"https:\/\/www.unionbelge.be\/wp-content\/uploads\/2010\/10\/beurs-300x199.jpg 300w, https:\/\/www.unionbelge.be\/wp-content\/uploads\/2010\/10\/beurs-420x280.jpg 420w, https:\/\/www.unionbelge.be\/wp-content\/uploads\/2010\/10\/beurs-800x533.jpg 800w, https:\/\/www.unionbelge.be\/wp-content\/uploads\/2010\/10\/beurs-1024x682.jpg 1024w, https:\/\/www.unionbelge.be\/wp-content\/uploads\/2010\/10\/beurs-1200x800.jpg 1200w, https:\/\/www.unionbelge.be\/wp-content\/uploads\/2010\/10\/beurs.jpg 1600w\" sizes=\"auto, (max-width: 300px) 100vw, 300px\" \/><\/a><figcaption id=\"caption-attachment-2613\" class=\"wp-caption-text\">De B.U.B. op de Antwerpse boekenbeurs in november 2007 &#8211; Le B.U.B. \u00e0 la foire du livre d&#8217;Anvers en novembre 2007 (foto &#8211; photo B.U.B.)<\/figcaption><\/figure>\n<p>4)\u00a0\u00a0\u00a0\u00a0\u00a0 <span style=\"text-decoration: underline;\">De unitaristen hebben geen enkele toegang tot de openbare media<\/span><\/p>\n<p>Ondanks hun groot aantal \u2013 een grote minderheid of zelfs een meerderheid van de Belgische bevolking \u2013 hebben de unitaristen geen enkele toegang tot de openbare media ! Ze worden volledig gediscrimineerd en elke zendtijd ontzegd. Het nationalistisch regime behoudt de spreektijd alleen voor voor de enkele separatisten en hun federalistische \u2013 meestal \u00a0particratische \u2013 bondgenoten die Belgi\u00eb tegen de wil van de meerderheid van de Belgen in een lege schelp willen omtoveren. Dit is een schandalige toestand want nergens anders in de wereld worden er zoveel mensen die niets anders doen dan het verdedigen van hun eigen land gediscrimineerd door hun eigen regering. In alle andere staten van de wereld wordt het verdedigen van het land als een progressieve en positieve daad beschouwd, behalve in Belgi\u00eb waar men zijn land moet haten of er minstens redelijk onverschillig tegenover staan moet staan om recht op mediatoegang te verkrijgen !<\/p>\n<p>5)\u00a0\u00a0\u00a0\u00a0\u00a0 <span style=\"text-decoration: underline;\">Niets is verloren !<\/span><\/p>\n<p>Nochtans willen we een boodschap van hoop en optimisme brengen: Belgi\u00eb is een oude en sterke natie die teruggaat tot de Bourgondische tijd van de 15<sup>de<\/sup> eeuw. De revolutie van 1789 tegen de Oostenrijkers en die van 1830 tegen de Hollanders waren slechts etappes in een lange en bewogen geschiedenis. Belgi\u00eb heeft lange periodes van bezetting en ontbering gekend, maar de Belgen zijn die altijd te boven gekomen en hebben hun welvaart en eenheid kunnen terugvinden. Deze keer zal het niet anders zijn.<\/p>\n<p>Onze Facebook-groep heeft na twee maanden trouwens bijna 1.000 leden en elke dag komen er nieuwe leden bij. De traditionele partijen doen het nauwelijks beter ondanks hun enorme subsidies (70 miljoen euro per jaar !), hun (te) talrijke politieke mandatarissen en hun monopolie op de media.<\/p>\n<p><strong>De uiteindelijke overwinning zal voor ons en het unitaire Belgi\u00eb zijn, maar we zullen onze uiterste best moeten doen om zo snel mogelijk aan de Belgische unitaristen de aandacht te geven die ze zeker verdienen !<\/strong><\/p>\n<\/div>\n","protected":false},"excerpt":{"rendered":"<p>L\u2019image devient banale : les n\u00e9gociateurs pour la formation d\u2019un gouvernement f\u00e9d\u00e9ral se heurtent \u00e0 des obstacles cr\u00e9\u00e9s par le f\u00e9d\u00e9ralisme linguistique lui-m\u00eame. A la longue, on ne sait m\u00eame plus de quoi ils n\u00e9gocient\u2026 Les raisons du blocage sont l\u2019argent et le territoire. C\u2019est normal car aucun des n\u00e9gociateurs ne s\u2019int\u00e9resse encore \u00e0 la Belgique. Ce sont tous des nationalistes qui pensent uniquement \u00e0 leur portefeuille et leur \u00ab plan B \u00bb. Le B.U.B. en revanche d\u00e9fend tout seul les int\u00e9r\u00eats des 40 \u00e0 60% d\u2019unitaristes belges qui sont scandaleusement priv\u00e9s de tout acc\u00e8s aux m\u00e9dias. Pourtant, cet acc\u00e8s r\u00e9soudrait beaucoup de choses\u2026<\/p>\n<p>Het beeld wordt banaal: de onderhandelaars voor de vorming van een federale regering botsen op obstakels die door het systeem van taalfederalisme zelf gecre\u00eberd werden. Op de duur weet men zelfs niet meer over wat ze nog onderhandelen\u2026 De redenen van de blokkering zijn het geld en het territorium. Dat is normaal want geen enkele onderhandelaar interesseert zich nog voor Belgi\u00eb. Het zijn allemaal nationalisten die alleen nog aan hun portefeuille en hun plan \u201cB\u201d denken. De B.U.B. daarentegen verdedigt heel alleen de belangen van 40 tot 60% Belgische unitaristen die op schandalige wijze elke mediatoegang ontzegd worden. Nochtans zou die mediatoegang heel wat zaken oplossen\u2026<\/p>\n","protected":false},"author":2,"featured_media":0,"comment_status":"closed","ping_status":"open","sticky":false,"template":"","format":"standard","meta":{"ngg_post_thumbnail":0,"jetpack_post_was_ever_published":false,"_jetpack_newsletter_access":"","_jetpack_dont_email_post_to_subs":true,"_jetpack_newsletter_tier_id":0,"_jetpack_memberships_contains_paywalled_content":false,"powered_cache_disable_cache":false,"_jetpack_memberships_contains_paid_content":false,"footnotes":"","jetpack_publicize_message":"","jetpack_publicize_feature_enabled":true,"jetpack_social_post_already_shared":false,"jetpack_social_options":{"image_generator_settings":{"template":"highway","default_image_id":0,"font":"","enabled":false},"version":2}},"categories":[4],"tags":[],"class_list":["post-2610","post","type-post","status-publish","format-standard","hentry","category-info"],"jetpack_publicize_connections":[],"jetpack_featured_media_url":"","jetpack_sharing_enabled":true,"jetpack_shortlink":"https:\/\/wp.me\/p6Y7u0-G6","jetpack_likes_enabled":false,"_links":{"self":[{"href":"https:\/\/www.unionbelge.be\/index.php?rest_route=\/wp\/v2\/posts\/2610","targetHints":{"allow":["GET"]}}],"collection":[{"href":"https:\/\/www.unionbelge.be\/index.php?rest_route=\/wp\/v2\/posts"}],"about":[{"href":"https:\/\/www.unionbelge.be\/index.php?rest_route=\/wp\/v2\/types\/post"}],"author":[{"embeddable":true,"href":"https:\/\/www.unionbelge.be\/index.php?rest_route=\/wp\/v2\/users\/2"}],"replies":[{"embeddable":true,"href":"https:\/\/www.unionbelge.be\/index.php?rest_route=%2Fwp%2Fv2%2Fcomments&post=2610"}],"version-history":[{"count":12,"href":"https:\/\/www.unionbelge.be\/index.php?rest_route=\/wp\/v2\/posts\/2610\/revisions"}],"predecessor-version":[{"id":11216,"href":"https:\/\/www.unionbelge.be\/index.php?rest_route=\/wp\/v2\/posts\/2610\/revisions\/11216"}],"wp:attachment":[{"href":"https:\/\/www.unionbelge.be\/index.php?rest_route=%2Fwp%2Fv2%2Fmedia&parent=2610"}],"wp:term":[{"taxonomy":"category","embeddable":true,"href":"https:\/\/www.unionbelge.be\/index.php?rest_route=%2Fwp%2Fv2%2Fcategories&post=2610"},{"taxonomy":"post_tag","embeddable":true,"href":"https:\/\/www.unionbelge.be\/index.php?rest_route=%2Fwp%2Fv2%2Ftags&post=2610"}],"curies":[{"name":"wp","href":"https:\/\/api.w.org\/{rel}","templated":true}]}}