{"id":259,"date":"2010-06-27T12:55:54","date_gmt":"2010-06-27T10:55:54","guid":{"rendered":"http:\/\/www.dyne-uc.com\/bub\/?p=259"},"modified":"2010-08-18T19:35:14","modified_gmt":"2010-08-18T17:35:14","slug":"pour-une-confederation-belgo-congolaise-voor-een-belgisch-congolese-confederatie","status":"publish","type":"post","link":"https:\/\/www.unionbelge.be\/?p=259","title":{"rendered":"POUR UNE CONFEDERATION BELGO-CONGOLAISE ! &#8211; VOOR EEN BELGISCH-CONGOLESE CONFEDERATIE !"},"content":{"rendered":"<figure id=\"attachment_260\" aria-describedby=\"caption-attachment-260\" style=\"width: 300px\" class=\"wp-caption alignnone\"><a href=\"\/wp-content\/uploads\/2010\/08\/Congo_belge_5.jpg\"><img loading=\"lazy\" decoding=\"async\" class=\"size-medium wp-image-260\" title=\"Congo_belge_5\" src=\"\/wp-content\/uploads\/2010\/08\/Congo_belge_5-300x188.jpg\" alt=\"\" width=\"300\" height=\"188\" srcset=\"https:\/\/www.unionbelge.be\/wp-content\/uploads\/2010\/08\/Congo_belge_5-300x188.jpg 300w, https:\/\/www.unionbelge.be\/wp-content\/uploads\/2010\/08\/Congo_belge_5-420x264.jpg 420w, https:\/\/www.unionbelge.be\/wp-content\/uploads\/2010\/08\/Congo_belge_5-800x503.jpg 800w, https:\/\/www.unionbelge.be\/wp-content\/uploads\/2010\/08\/Congo_belge_5.jpg 917w\" sizes=\"auto, (max-width: 300px) 100vw, 300px\" \/><\/a><figcaption id=\"caption-attachment-260\" class=\"wp-caption-text\">Les Belges et les Congolais sont plus heureux quand ils peuvent coop\u00e9rer - Belgen en Congolezen zijn gelukkiger als ze kunnen samenwerken - Belgians and Congolese people are happier when they can cooperate; photo, foto du livre \/ van het boek &quot;La m\u00e9moire du Congo, le temps colonial&quot;, Snoeck, Mus\u00e9e royal de l&#39;Afrique centrale, Afrikamuseum, 2005, p. 67<\/figcaption><\/figure>\n<p><strong>Le 30 juin 2010, le Congo f\u00eate le cinquantenaire de son ind\u00e9pendance. Depuis lors, la Belgique et son ancienne colonie n\u2019ont fait que reculer. La Belgique a connu le d\u00e9clin \u00e9conomique et la menace s\u00e9paratiste qui a \u00e9t\u00e9 renforc\u00e9e par le f\u00e9d\u00e9ralisme linguistique. Le Congo a perdu son infrastructure, sa prosp\u00e9rit\u00e9, voire sa paix car dans l\u2019est du Congo, des milices de rebelles combattent l\u2019arm\u00e9e r\u00e9guli\u00e8re. Bref, plus rien ne va. Un nouveau trait\u00e9 entre les deux nations souveraines peut pourtant nous sortir de l\u2019orni\u00e8re.<\/strong><\/p>\n<p>Le B.U.B. pr\u00f4ne d\u00e9j\u00e0 depuis 5 ans une nouvelle collaboration entre la Belgique et le Congo dans le cadre d\u2019une conf\u00e9d\u00e9ration. Notre programme l\u2019\u00e9nonce dans son point 5.3 :<\/p>\n<p><em>\u00ab La relation de la Belgique avec le Congo, l\u2019ancienne colonie belge, est essentielle, mais au lieu de vouloir recoloniser ce pays, la Belgique devrait conclure un partenariat avec le Congo dans le cadre d\u2019une relation d\u2019int\u00e9r\u00eat r\u00e9ciproque. L\u2019id\u00e9e est que le Congo a besoin de la Belgique et que la Belgique a besoin du Congo. En \u00e9change du r\u00e9tablissement de la s\u00e9curit\u00e9 et de la reconstruction de l\u2019infrastructure et des services sociaux dans ce pays africain, la Belgique peut disposer d\u2019une partie des richesses naturelles du Congo. \u00bb<\/em><\/p>\n<p>Vu leur histoire commune, la Belgique et le Congo doivent examiner sur pied d\u2019\u00e9galit\u00e9 ce qu\u2019ils peuvent de nouveau faire ensemble pour le bien des deux pays. Chaque Etat reste ind\u00e9pendant, mais ils collaborent dans le cadre d\u2019un pacte international. Cela nous para\u00eet aussi le nouveau mod\u00e8le de coop\u00e9ration internationale : chaque Etat occidental devrait conclure un tel pacte conf\u00e9d\u00e9ral avec son ancienne colonie pour que les deux Etats se renforcent mutuellement et fassent r\u00e9ellement avancer l\u2019humanit\u00e9. En m\u00eame temps, cela permettrait aussi \u00e0 la Belgique de retrouver son unit\u00e9 politique parce que son destin serait transfrontalier et international d\u00e9passant les clivages linguistiques ainsi que les luttes tribales.<\/p>\n<p><strong>BELGIANS BACK TO CONGO !<\/strong><\/p>\n<p><strong> <\/strong><\/p>\n<p><strong>Op 30 juni 2010 viert Congo zijn 50-jarige onafhankelijkheid. Sindsdien zijn Belgi\u00eb en zijn vroegere kolonie er alleen maar op achteruit gegaan. Belgi\u00eb kende een economische terugval evenals een separatistische dreiging die door het taalfederalisme alleen maar werd versterkt. Congo heeft zijn infrastructuur verloren, zijn welvarendheid en zelfs zijn vrede want in Oost-Congo vechten rebellen tegen de geregelde strijdkrachten. Kortom, alles loopt verkeerd. Een nieuw verdrag tussen de twee soevereine naties zou er ons nochtans bovenop kunnen helpen.<\/strong><\/p>\n<p>Reeds sinds 5 jaar stelt de B.U.B. een nieuwe samenwerking tussen Belgi\u00eb en Congo in het kader van een confederatie voor. Ons programma vermeldt dit in punt 5.3:<\/p>\n<p><em>\u201cDe relatie van Belgi\u00eb met Congo, de vroegere Belgische kolonie, is essentieel, maar in plaats van dit land te willen herkolonialiseren, moet Belgi\u00eb een partnerschap met Congo afsluiten in het kader van een win-win-relatie. De idee is dat Congo Belgi\u00eb nodig heeft en Belgi\u00eb Congo. In ruil voor het verzekeren van de veiligheid en het heropbouwen van de infrastructuur en de sociale voorzieningen in dit Afrikaans land kan Belgi\u00eb over een deel van de natuurlijke rijkdommen van Congo beschikken.\u201d<\/em><\/p>\n<p>Gelet op hun gemeenschappelijke geschiedenis dienen Belgi\u00eb en Congo op voet van gelijkheid te onderzoeken wat ze opnieuw samen kunnen doen. Elke staat blijft onafhankelijk, maar ze werken samen in het kader van een internationaal verdrag. Dat lijkt ons ook de nieuwe vorm van internationale samenwerking: elke westerse staat zou zo\u2019n confederaal verdrag met zijn vroegere kolonie moeten afsluiten opdat beide staten zich wederzijds versterken en de mensheid echt vooruit helpen. Tegelijkertijd zou dit Belgi\u00eb ook toelaten zijn politieke eenheid terug te vinden omdat zijn toekomst dan grensoverschrijdend en internationaal zou zijn zodat de taal- en stammentwisten in het niets zouden verzinken.<\/p>\n","protected":false},"excerpt":{"rendered":"<p>Le 30 juin 2010, le Congo f\u00eate le cinquantenaire de son ind\u00e9pendance. Depuis lors, la [&hellip;]<\/p>\n","protected":false},"author":1,"featured_media":0,"comment_status":"closed","ping_status":"open","sticky":false,"template":"","format":"standard","meta":{"ngg_post_thumbnail":0,"jetpack_post_was_ever_published":false,"_jetpack_newsletter_access":"","_jetpack_dont_email_post_to_subs":false,"_jetpack_newsletter_tier_id":0,"_jetpack_memberships_contains_paywalled_content":false,"powered_cache_disable_cache":false,"_jetpack_memberships_contains_paid_content":false,"footnotes":"","jetpack_publicize_message":"","jetpack_publicize_feature_enabled":true,"jetpack_social_post_already_shared":false,"jetpack_social_options":{"image_generator_settings":{"template":"highway","default_image_id":0,"font":"","enabled":false},"version":2}},"categories":[7,1],"tags":[],"class_list":["post-259","post","type-post","status-publish","format-standard","hentry","category-history","category-news0"],"jetpack_publicize_connections":[],"jetpack_featured_media_url":"","jetpack_sharing_enabled":true,"jetpack_shortlink":"https:\/\/wp.me\/p6Y7u0-4b","jetpack_likes_enabled":false,"_links":{"self":[{"href":"https:\/\/www.unionbelge.be\/index.php?rest_route=\/wp\/v2\/posts\/259","targetHints":{"allow":["GET"]}}],"collection":[{"href":"https:\/\/www.unionbelge.be\/index.php?rest_route=\/wp\/v2\/posts"}],"about":[{"href":"https:\/\/www.unionbelge.be\/index.php?rest_route=\/wp\/v2\/types\/post"}],"author":[{"embeddable":true,"href":"https:\/\/www.unionbelge.be\/index.php?rest_route=\/wp\/v2\/users\/1"}],"replies":[{"embeddable":true,"href":"https:\/\/www.unionbelge.be\/index.php?rest_route=%2Fwp%2Fv2%2Fcomments&post=259"}],"version-history":[{"count":3,"href":"https:\/\/www.unionbelge.be\/index.php?rest_route=\/wp\/v2\/posts\/259\/revisions"}],"predecessor-version":[{"id":308,"href":"https:\/\/www.unionbelge.be\/index.php?rest_route=\/wp\/v2\/posts\/259\/revisions\/308"}],"wp:attachment":[{"href":"https:\/\/www.unionbelge.be\/index.php?rest_route=%2Fwp%2Fv2%2Fmedia&parent=259"}],"wp:term":[{"taxonomy":"category","embeddable":true,"href":"https:\/\/www.unionbelge.be\/index.php?rest_route=%2Fwp%2Fv2%2Fcategories&post=259"},{"taxonomy":"post_tag","embeddable":true,"href":"https:\/\/www.unionbelge.be\/index.php?rest_route=%2Fwp%2Fv2%2Ftags&post=259"}],"curies":[{"name":"wp","href":"https:\/\/api.w.org\/{rel}","templated":true}]}}