{"id":256,"date":"2010-07-06T12:54:54","date_gmt":"2010-07-06T10:54:54","guid":{"rendered":"http:\/\/www.dyne-uc.com\/bub\/?p=256"},"modified":"2020-10-04T12:14:21","modified_gmt":"2020-10-04T11:14:21","slug":"bhv-gebetonneerd-bhv-betonnee","status":"publish","type":"post","link":"https:\/\/www.unionbelge.be\/?p=256","title":{"rendered":"BHV GEBETONNEERD \u2013 BHV BETONNEE !"},"content":{"rendered":"<p><strong><a href=\"https:\/\/www.unionbelge.be\/wp-content\/uploads\/2010\/07\/Arrondissement_BHV.png\"><img loading=\"lazy\" decoding=\"async\" class=\"alignright size-medium wp-image-2362\" title=\"Arrondissement_BHV\" src=\"https:\/\/www.unionbelge.be\/wp-content\/uploads\/2010\/07\/Arrondissement_BHV-300x198.png\" alt=\"\" width=\"300\" height=\"198\" srcset=\"https:\/\/www.unionbelge.be\/wp-content\/uploads\/2010\/07\/Arrondissement_BHV-300x198.png 300w, https:\/\/www.unionbelge.be\/wp-content\/uploads\/2010\/07\/Arrondissement_BHV-420x277.png 420w, https:\/\/www.unionbelge.be\/wp-content\/uploads\/2010\/07\/Arrondissement_BHV-800x528.png 800w, https:\/\/www.unionbelge.be\/wp-content\/uploads\/2010\/07\/Arrondissement_BHV-1024x676.png 1024w, https:\/\/www.unionbelge.be\/wp-content\/uploads\/2010\/07\/Arrondissement_BHV.png 1090w\" sizes=\"auto, (max-width: 300px) 100vw, 300px\" \/><\/a>VLAAMS-NATIONALISTEN KEUREN VERKIEZINGEN EN BHV GOED<\/strong><\/p>\n<p><strong>150 Kamerleden en 40 rechtstreeks verkozen senatoren legden op 6 juli 2010 de eed af in het parlement. Daarmee keurden de Vlaams-nationale verkozenen impliciet de federale verkiezingen van 13 juni 2010 goed hoewel ze v\u00f3\u00f3r de verkiezingen woorden te kort kwamen om deze als ongrondwettelijk te bestempelen.<\/strong><\/p>\n<p>Zo werd de omstreden tweetalige kieskring Brussel-Halle-Vilvoorde \u201cgebetonneerd\u201d. Immers, hoe kan men anders volhouden dat deze kieskring ongrondwettelijk zou zijn terwijl men tegelijkertijd de verkiezingen in deze kieskring weigert te vernietigen?<\/p>\n<p>Dit feit toont nog maar eens de hypocrisie van de Vlaams-nationale beweging aan alsook de paradoxen die haar kenmerken. En dan vermelden we nog niet de stoelendans van regionale ministers, die even hun \u2013 overbodige \u2013 functie neerleggen om gauw de eed in het federaal parlement af te leggen en vervolgens niet gaan zetelen en hun ministeri\u00eble functie terug opnemen.<\/p>\n<p><strong>De Belgen moeten in opstand komen tegen dit particratisch en federalistisch circus dat ons jaarlijks meer dan 10 miljard euro kost en onze welvaart vernietigt !<\/strong><\/p>\n<p><strong>LES NATIONALISTES FLAMANDS APPROUVENT LES ELECTIONS ET BHV<\/strong><\/p>\n<p><strong>150 repr\u00e9sentants 40 s\u00e9nateurs directement \u00e9lus ont pr\u00eat\u00e9 serment au parlement le 6 juillet 2010. Ainsi, les \u00e9lus nationalistes flamands approuvent implicitement les \u00e9lections f\u00e9d\u00e9rales du 13 juin 2010 bien qu\u2019ils n\u2019aient cess\u00e9 de les d\u00e9clarer contraires \u00e0 la constitution avant les \u00e9lections.<\/strong><\/p>\n<p>Par cons\u00e9quent, la circonscription \u00e9lectorale bilingue de Bruxelles-Hal-Vilvorde &#8211; tant d\u00e9cri\u00e9e \u2013 a \u00e9t\u00e9 b\u00e9tonn\u00e9e. En effet, comment peut-on soutenir que cette circonscription \u00e9lectorale serait anticonstitutionnelle tandis qu\u2019on refuse en m\u00eame temps de censurer les \u00e9lections tenues dans cette circonscription ?<\/p>\n<p>Ce fait d\u00e9montre une fois de plus l\u2019hypocrisie du mouvement nationaliste flamingant ainsi que les paradoxes qui le caract\u00e9risent. On en passe le jeu de chaises musicales des ministres r\u00e9gionaux, qui remettent leur fonction \u2013 par ailleurs inutile \u2013 pour un moment afin de pr\u00eater ensuite serment au parlement f\u00e9d\u00e9ral sans y venir si\u00e9ger tout en r\u00e9int\u00e9grant tout de suite apr\u00e8s leur poste minist\u00e9riel.<\/p>\n<p><strong>Les Belges doivent se soulever contre cirque particratique et f\u00e9d\u00e9raliste qui nous co\u00fbte annuellement plus de 10 milliards d\u2019euros et qui d\u00e9truit notre prosp\u00e9rit\u00e9 !<\/strong><\/p>\n","protected":false},"excerpt":{"rendered":"<p>VLAAMS-NATIONALISTEN KEUREN VERKIEZINGEN EN BHV GOED 150 Kamerleden en 40 rechtstreeks verkozen senatoren legden op [&hellip;]<\/p>\n","protected":false},"author":1,"featured_media":0,"comment_status":"closed","ping_status":"closed","sticky":false,"template":"","format":"standard","meta":{"ngg_post_thumbnail":0,"jetpack_post_was_ever_published":false,"_jetpack_newsletter_access":"","_jetpack_dont_email_post_to_subs":true,"_jetpack_newsletter_tier_id":0,"_jetpack_memberships_contains_paywalled_content":false,"powered_cache_disable_cache":false,"_jetpack_memberships_contains_paid_content":false,"footnotes":"","jetpack_publicize_message":"","jetpack_publicize_feature_enabled":true,"jetpack_social_post_already_shared":false,"jetpack_social_options":{"image_generator_settings":{"template":"highway","default_image_id":0,"font":"","enabled":false},"version":2}},"categories":[1,5],"tags":[],"class_list":["post-256","post","type-post","status-publish","format-standard","hentry","category-news0","category-opinions"],"jetpack_publicize_connections":[],"jetpack_featured_media_url":"","jetpack_sharing_enabled":true,"jetpack_shortlink":"https:\/\/wp.me\/p6Y7u0-48","jetpack_likes_enabled":false,"_links":{"self":[{"href":"https:\/\/www.unionbelge.be\/index.php?rest_route=\/wp\/v2\/posts\/256","targetHints":{"allow":["GET"]}}],"collection":[{"href":"https:\/\/www.unionbelge.be\/index.php?rest_route=\/wp\/v2\/posts"}],"about":[{"href":"https:\/\/www.unionbelge.be\/index.php?rest_route=\/wp\/v2\/types\/post"}],"author":[{"embeddable":true,"href":"https:\/\/www.unionbelge.be\/index.php?rest_route=\/wp\/v2\/users\/1"}],"replies":[{"embeddable":true,"href":"https:\/\/www.unionbelge.be\/index.php?rest_route=%2Fwp%2Fv2%2Fcomments&post=256"}],"version-history":[{"count":7,"href":"https:\/\/www.unionbelge.be\/index.php?rest_route=\/wp\/v2\/posts\/256\/revisions"}],"predecessor-version":[{"id":13450,"href":"https:\/\/www.unionbelge.be\/index.php?rest_route=\/wp\/v2\/posts\/256\/revisions\/13450"}],"wp:attachment":[{"href":"https:\/\/www.unionbelge.be\/index.php?rest_route=%2Fwp%2Fv2%2Fmedia&parent=256"}],"wp:term":[{"taxonomy":"category","embeddable":true,"href":"https:\/\/www.unionbelge.be\/index.php?rest_route=%2Fwp%2Fv2%2Fcategories&post=256"},{"taxonomy":"post_tag","embeddable":true,"href":"https:\/\/www.unionbelge.be\/index.php?rest_route=%2Fwp%2Fv2%2Ftags&post=256"}],"curies":[{"name":"wp","href":"https:\/\/api.w.org\/{rel}","templated":true}]}}