{"id":248,"date":"2010-07-11T12:48:28","date_gmt":"2010-07-11T11:48:28","guid":{"rendered":"http:\/\/www.dyne-uc.com\/bub\/?p=248"},"modified":"2025-07-11T22:39:59","modified_gmt":"2025-07-11T21:39:59","slug":"de-vlaamse-natie-bestaat-niet-la-nation-flamande-nexiste-pas","status":"publish","type":"post","link":"https:\/\/www.unionbelge.be\/?p=248","title":{"rendered":"DE \u00ab VLAAMSE \u00bb NATIE BESTAAT NIET &#8211; LA NATION \u00ab FLAMANDE \u00bb N\u2019EXISTE PAS &#8211; DIE \u00abFL\u00c4MISCHE\u00bb NATION EXISTIERT NICHT"},"content":{"rendered":"<p>Bron onbekend &#8211; source inconnue- Quelle unbekannt<\/p>\n<p><strong>DE \u00ab VLAAMSE \u00bb NATIE BESTAAT NIET<\/strong><\/p>\n<p><strong>De herdenking van de guldensporenslag op 11 juli wordt niet gevierd tenzij door de &#8220;Vlaams&#8221;-nationale overheid. Daar zijn verschillende goede redenen voor. We sommen ze even op.<\/strong><\/p>\n<p>1) De Guldensporenslag van 11 juli 1302 was een Middeleeuwse veldslag die werd uitgevochten tussen de Franse koning en zijn Franse en Franstalige vazal, de graaf van Vlaanderen. Er zat geen enkel nationalistisch gevoelen in deze strijd. Nationalisme bestond toen trouwens nog niet. Dat is een uitvinding van de 19de eeuw. Twee jaar later werd datzelfde Vlaamse leger trouwens door diezelfde Fransen in de slag van Pevelenberg verslagen waardoor Zuid-Vlaanderen in Franse handen kwam. Bovenal is het niet netjes om bloedige veldslagen te vieren. Dat is barbaars.<\/p>\n<p>2) Het graafschap Vlaanderen omvatte niet meer dan de huidige Belgische provincies West- en Oost-Vlaanderen, het Nederlandse Zeeuws-Vlaanderen en het Franse gewest &#8220;Nord-Pas-de-Calais&#8221;. Het hertogdom Brabant (met Antwerpen) was een vijand van Vlaanderen. De Namenaars vochten mee met de Vlamingen. De Guldensporenslag kan dan ook onmogelijk de huidige politieke strijd tussen &#8220;Vlaams&#8221;- en &#8220;Waals&#8221;-nationalistische politici symboliseren.<\/p>\n<p>3) De Guldensporenslag werd eeuwenlang niet herdacht totdat de eerste Belgische Koning Leopold I enkele jaren na de Belgische revolutie van 1830 met het idee kwam om het Vlaams deel van Belgi\u00eb, d.w.z. West- en Oost-Vlaanderen, een Belgisch patriottisch gevoelen te geven. Daartoe contacteerde hij de schrijver Hendrik Conscience die de Guldensporenslag uitkoos om het Belgisch gevoelen aan te wakkeren. Een kleine eeuw later werd deze veldslag door de &#8220;Vlaams&#8221;-nationalisten gerecupereerd.<\/p>\n<p>4) Vandaag wordt 11 juli alleen door de overheid van het \u201cVlaams\u201d gewest en de \u201cVlaamse\u201d gemeenschap gevierd. Die entiteiten van de Belgische staat hebben niets meer met het oorspronkelijke Vlaanderen te zien omdat ze ook de provincies Antwerpen, Limburg en het noorden van Brabant en &#8211; wat de gemeenschap betreft &#8211; ook Brussel omvatten. De overheid van de voornoemde entiteiten deelt feestcheques aan de bevolking uit omdat ze weet dat er spontaan toch niet gevierd wordt. Ook de media zoals VRT en VTM worden ingeschakeld om een kunstmatig feestgevoelen te cre\u00ebren.<\/p>\n<p>5) Maar de bevolking is niet ge\u00efnteresseerd. Buiten enkele &#8220;Vlaams&#8221;-nationale heethoofden, die bediend worden door allerlei zwaar gesubsidieerde partijen en media, en een officieel muziekconcert op de Grote markt te Brussel, is er van feestgedruis niets te merken. Er worden quasi geen Vlaamse vlaggen aan de gevels uitgehangen en dit ondanks het feit dat de Vlaams-nationalisten door opeenvolgende staatshervormingen nog nooit zoveel politieke macht hebben verworven. Bovendien zijn er geen Belgische nationalisten die andersdenkenden bedreigen wanneer deze hun vlaggen buiten hangen. Dit staat in schril contrast met de &#8220;Vlaams&#8221;-nationalisten die er niet voor terugdeinzen te Belgen te intimideren als ze het wagen om hun Belgische vlag uit te hangen op 21 juli of bij een andere gelegenheid.<\/p>\n<p>6) De Nederlandstaligen in Belgi\u00eb hebben niets te vieren. De flamingantische overheid doet er alles voor om de Belgische samenleving kapot te maken door het voeren van een strenge taalapartheidspolitiek: de Belgen zijn de enige burgers ter wereld die in hun eigen land niet meer mogen gaan wonen waar ze willen omdat ze in bepaalde gemeenten een \u201cband met de streek\u201d moeten bewijzen v\u00f3\u00f3r ze er een stuk grond of een woning kunnen kopen. Zij mogen in Noord-Belgi\u00eb in het openbaar geen opschriften in hun Franse taal aanwenden, kunnen hun kinderen niet naar tweetalige scholen sturen en hebben geen recht op tweetalige media. De Vlaams-nationalisten voeren een taalracistisch beleid dat Belgi\u00eb en het Nederlands in een zeer slecht daglicht plaatst op nationaal en internationaal niveau. Zo zijn de &#8220;Vlaams&#8221;-nationalisten de grootste bedreiging voor de Nederlandstalige cultuur in Belgi\u00eb.<\/p>\n<p><strong><span style=\"text-decoration: underline;\">Conclusie<\/span>: er is geen \u201cVlaamse\u201d natie, wat de door Vlaams-nationalisten gedomineerde media of de Vlaams-nationale politici ook mogen beweren.<\/strong><\/p>\n<p>&nbsp;<\/p>\n<figure id=\"attachment_251\" aria-describedby=\"caption-attachment-251\" style=\"width: 530px\" class=\"wp-caption alignnone\"><a href=\"\/wp-content\/uploads\/2010\/07\/Vlaams_parlement.jpg\"><img loading=\"lazy\" decoding=\"async\" class=\"size-full wp-image-251 \" title=\"Vlaams_parlement\" src=\"\/wp-content\/uploads\/2010\/07\/Vlaams_parlement.jpg\" alt=\"\" width=\"530\" height=\"398\"><\/a><figcaption id=\"caption-attachment-251\" class=\"wp-caption-text\">De voorzitter van het &#8220;Vlaams&#8221; parlement, Jan Peumans, houdt een nationalistische rede ter gelegenheid van 11 juli in Brussel (2010); het gaat er vooral om de schijn van de &#8220;Vlaamse&#8221; natie hoog te houden &#8211; le pr\u00e9sident du parlement &#8220;flamand&#8221;, Jan Peumans, tient un discours nationaliste \u00e0 l&#8217;occasion du 11 juillet \u00e0 Bruxelles (2010); il s&#8217;agit surtout d&#8217;entretenir le mythe de la nation &#8220;flamande&#8221;; foto, photo Belga<\/figcaption><\/figure>\n<p><strong>LA NATION \u00ab FLAMANDE \u00bb N\u2019EXISTE PAS<\/strong><\/p>\n<p><strong>La comm\u00e9moration de la Bataille des Eperons d\u2019or du 11 juillet n\u2019invite pas \u00e0 la f\u00eate. Il n\u2019y a que l\u2019autorit\u00e9 nationaliste-&#8220;flamande&#8221; qui y fait exception. Plusieurs bonnes raisons expliquent cette absence d\u2019engouement. Nous les \u00e9num\u00e9rons.<\/strong><\/p>\n<p>1) La Bataille des Eperons d\u2019or du 11 juillet 1302 \u00e9tait une bataille moyen\u00e2geuse livr\u00e9e entre le roi de France et son vassal fran\u00e7ais et francophone, le duc de Flandre. Il n\u2019y avait aucun sentiment nationaliste dans cette bataille. A l\u2019\u00e9poque, le nationalisme n\u2019existait pas encore. C\u2019est une invention du 19i\u00e8me si\u00e8cle. Deux ans plus tard, cette m\u00eame arm\u00e9e flamande \u00e9tait d\u2019ailleurs battue par ces m\u00eames Fran\u00e7ais lors de la bataille de Mons-en-P\u00e9v\u00e8le apr\u00e8s laquelle le sud de la Flandre passait en mains fran\u00e7aises. Et surtout, il n&#8217;est indiqu\u00e9 de f\u00eater des batailles sanglantes. C&#8217;est barbare.<\/p>\n<p>2) Le comt\u00e9 de Flandre ne comprenait pas plus que les provinces belges actuelles de Flandre orientale et occidentale, la Flandre z\u00e9landaise aux Pays-Bas ainsi que la r\u00e9gion fran\u00e7aise de \u00ab Nord-Pas-de-Calais \u00bb. Le duch\u00e9 du Brabant (avec Anvers) \u00e9tait l\u2019ennemi de la Flandre. Les Namurois se battaient aux c\u00f4t\u00e9s des Flamands. Il est d\u00e8s lors impossible que la Bataille des Eperons d\u2019or symbolise la lutte actuelle entre politiciens flamingants et wallingants.<\/p>\n<p>3) La Bataille des Eperons d\u2019or n\u2019a pas \u00e9t\u00e9 comm\u00e9mor\u00e9e pendant des si\u00e8cles jusqu\u2019au moment o\u00f9 le premier Roi des Belges L\u00e9opold Ier venait avec l\u2019id\u00e9e, quelques ann\u00e9es apr\u00e8s la r\u00e9volution belge de 1830 de susciter un sentiment patriotique dans la partie flamande de la Belgique, c\u2019est-\u00e0-dire la Flandre occidentale et orientale. A cet effet, il contacta l\u2019\u00e9crivain Henri Conscience qui choisit la bataille pour renforcer le sentiment nationaliste belge. Presqu\u2019un si\u00e8cle plus tard, cette bataille a \u00e9t\u00e9 r\u00e9cup\u00e9r\u00e9e par les nationalistes flamands.<\/p>\n<p>4) Aujourd\u2019hui, le 11 juillet est f\u00eat\u00e9 par l\u2019autorit\u00e9 publique de la r\u00e9gion \u00ab flamande \u00bb et de la communaut\u00e9 \u00ab flamande \u00bb. Ces entit\u00e9s de l\u2019Etat belge n\u2019ont plus rien \u00e0 voir avec la Flandre d\u2019origine parce qu\u2019elles comprennent aussi les provinces d\u2019Anvers, du Limbourg et le nord du Brabant ainsi que Bruxelles en ce qui concerne la communaut\u00e9. Les autorit\u00e9s des entit\u00e9s pr\u00e9nomm\u00e9es distribuent des ch\u00e8ques \u00ab festifs \u00bb \u00e0 la population car elles savent que les gens ne vont pas f\u00eater de fa\u00e7on spontan\u00e9e. Aussi les m\u00e9dias comme VRT et VTM sont mises \u00e0 contribution pour cr\u00e9er un sentiment festif artificiel.<\/p>\n<p>5) Toutefois, la population ne s\u2019y int\u00e9resse gu\u00e8re. A part quelques excit\u00e9s flamingants, qui sont royalement servis par un tas de partis politiques et de m\u00e9dias subsidi\u00e9s, ainsi qu\u2019un concert de musique officiel \u00e0 la Grand Place de Bruxelles, il n\u2019y a aucune ambiance festive. Presqu\u2019aucun drapeau flamand ne pavoise les fa\u00e7ades et ceci malgr\u00e9 le fait que les nationalistes flamands n\u2019aient jamais auparavant accumul\u00e9 tellement de pouvoir gr\u00e2ce aux r\u00e9formes de l\u2019Etat successives. En outre, il n\u2019y a pas de nationalistes belges qui menacent ceux qui pensent autrement lorsque ces derniers mettent leurs drapeaux belges \u00e0 la fen\u00eatre le 21 juillet ou \u00e0 une autre occasion.<\/p>\n<p>6) Les N\u00e9erlandophones de Belgique n\u2019ont rien \u00e0 f\u00eater. L\u2019autorit\u00e9 flamingante s\u2019efforce de d\u00e9truire la soci\u00e9t\u00e9 belge en menant une dure politique d\u2019apartheid linguistique : les Belges sont les seuls citoyens au monde qui ne peuvent plus aller habiter o\u00f9 ils veulent dans leur propre pays parce que dans certaines communes ils doivent d\u00e9montrer \u00ab un lien avec la r\u00e9gion \u00bb avant d\u2019acheter une parcelle ou un logement. Ils ne peuvent se servir d\u2019inscriptions dans leur propre langue fran\u00e7aise dans le nord de la Belgique, ne peuvent envoyer leurs enfants \u00e0 une \u00e9cole bilingue et n\u2019ont pas droit \u00e0 des m\u00e9dias bilingues. Les nationalistes &#8220;flamands&#8221; m\u00e8nent une politique raciste qui jette l\u2019opprobre sur la Belgique et la langue n\u00e9erlandaise tant sur le plan national qu\u2019international. Ainsi, les nationalistes &#8220;flamands&#8221; constituent la plus grande menace pour la culture n\u00e9erlandophone en Belgique.<\/p>\n<p><strong><span style=\"text-decoration: underline;\">Conclusion<\/span> : il n\u2019existe pas de nation \u00ab flamande \u00bb, quelles que soient les pr\u00e9tentions des politiciens et m\u00e9dias flamingants.<\/strong><\/p>\n<p><strong>DIE \u00abFL\u00c4MISCHE\u00bb NATION EXISTIERT NICHT<\/strong><\/p>\n<p><strong>Die Gedenkfeier zur Schlacht der Goldenen Sporen am 11. Juli wird nur von der &#8220;fl\u00e4misch&#8221;-nationalistischen Regierung gefeiert. Daf\u00fcr gibt es mehrere gute Gr\u00fcnde. Wir z\u00e4hlen sie kurz auf.<\/strong><\/p>\n<p>1) Die Schlacht der Goldenen Sporen vom 11. Juli 1302 war eine mittelalterliche Schlacht zwischen dem franz\u00f6sischen K\u00f6nig und seinem franz\u00f6sischen bzw. franz\u00f6sischsprachigen Vasallen, dem Grafen von Flandern. In diesem Konflikt gab es keinerlei nationalistische Gef\u00fchle. Nationalismus existierte damals \u00fcberhaupt nicht \u2013 er ist eine Erfindung des 19. Jahrhunderts. Zwei Jahre sp\u00e4ter wurde dieses fl\u00e4mische Heer in der Schlacht bei Pevelenberg von denselben Franzosen geschlagen, wodurch S\u00fcdflandern in franz\u00f6sische H\u00e4nde fiel. Vor allem aber ist es unangebracht, blutige Schlachten zu feiern. Das ist barbarisch.<\/p>\n<p>2) Die Grafschaft Flandern umfasste nicht mehr als die heutigen belgischen Provinzen West- und Ostflandern, das niederl\u00e4ndische Zeeuws-Vlaanderen und die franz\u00f6sische Region \u201eNord-Pas-de-Calais\u201c. Das Herzogtum Brabant (mit Antwerpen) war ein Feind Flanderns. Die Einwohner von Namur k\u00e4mpften auf der Seite der Flamen. Die Schlacht der Goldenen Sporen kann daher unm\u00f6glich als Symbol f\u00fcr den heutigen politischen Konflikt zwischen \u201cfl\u00e4misch\u201d- und \u201cwallonisch\u201d-nationalistischen Politikern dienen.<\/p>\n<p>3) Die Schlacht der Goldenen Sporen wurde jahrhundertelang nicht erinnert, bis der erste belgische K\u00f6nig Leopold I. einige Jahre nach der belgischen Revolution von 1830 auf die Idee kam, dem fl\u00e4mischen Teil Belgiens \u2013 also West- und Ostflandern \u2013 ein belgisches Patriotismusgef\u00fchl zu geben. Zu diesem Zweck wandte er sich an den Schriftsteller Hendrik Conscience, der die Schlacht der Goldenen Sporen ausw\u00e4hlte, um das belgische Nationalgef\u00fchl zu st\u00e4rken. Weniger als ein Jahrhundert sp\u00e4ter wurde diese Schlacht von den \u201cFl\u00e4misch\u201d-Nationalisten vereinnahmt.<\/p>\n<p>4) Heute wird der 11. Juli nur von der Regierung der \u201efl\u00e4mischen\u201c Region und der \u201efl\u00e4mischen\u201c Gemeinschaft gefeiert. Diese Einheiten des belgischen Staates haben mit dem urspr\u00fcnglichen Flandern nichts mehr zu tun, da sie auch die Provinzen Antwerpen, Limburg, den Norden Brabants und \u2013 was die Gemeinschaft betrifft \u2013 auch Br\u00fcssel umfassen. Die Regierung dieser Einheiten verteilt Feiergutscheine an die Bev\u00f6lkerung, weil sie wei\u00df, dass es sonst keine spontane Feier g\u00e4be. Auch die Medien wie VRT und VTM werden eingesetzt, um ein k\u00fcnstliches Festgef\u00fchl zu erzeugen.<\/p>\n<p>5) Doch die Bev\u00f6lkerung interessiert sich nicht. Abgesehen von einigen \u201cfl\u00e4misch\u201d-nationalistischen Hitzk\u00f6pfen, die von stark subventionierten Parteien und Medien unterst\u00fctzt werden, und einem offiziellen Musikkonzert auf dem Grand-Place in Br\u00fcssel, ist von Feierlaune nichts zu merken. Kaum irgendwo werden \u201cfl\u00e4mische\u201d Flaggen aufgeh\u00e4ngt, und das trotz der Tatsache, dass die Fl\u00e4misch-Nationalisten durch aufeinanderfolgende Staatsreformen noch nie so viel politische Macht hatten. Es gibt auch keine belgischen Nationalisten, die Andersdenkende bedrohen, wenn sie ihre Flaggen aufh\u00e4ngen. Das steht in starkem Kontrast zu den \u201cFl\u00e4misch\u201d-Nationalisten, die nicht davor zur\u00fcckschrecken, Belgier einzusch\u00fcchtern, wenn diese es wagen, am 21. Juli oder bei anderen Gelegenheiten ihre belgische Flagge zu zeigen.<\/p>\n<p>6) Die niederl\u00e4ndischsprachigen Belgier haben nichts zu feiern. Die flamingantische Regierung tut alles, um die belgische Gesellschaft zu zerst\u00f6ren, indem sie eine strikte Sprachapartheidspolitik betreibt: Belgier sind die einzigen B\u00fcrger der Welt, die im eigenen Land nicht mehr frei wohnen d\u00fcrfen, weil sie in bestimmten Gemeinden eine \u201eBindung zur Region\u201c nachweisen m\u00fcssen, bevor sie dort ein Grundst\u00fcck oder ein Haus kaufen d\u00fcrfen. Sie d\u00fcrfen in Nordbelgien in der \u00d6ffentlichkeit keine franz\u00f6sischsprachigen Aufschriften verwenden, ihre Kinder nicht auf zweisprachige Schulen schicken und haben kein Anrecht auf zweisprachige Medien. Die \u201cFl\u00e4misch\u201d-Nationalisten betreiben eine sprachrassistische Politik, die Belgien und das Niederl\u00e4ndische national und international in ein schlechtes Licht r\u00fcckt. So sind die &#8220;Fl\u00e4misch&#8221;-Nationalisten die gr\u00f6\u00dfte Bedrohung f\u00fcr die niederl\u00e4ndischsprachige Kultur in Belgien.<\/p>\n<p><strong>Fazit: Es gibt keine \u201efl\u00e4mische\u201c Nation \u2013 egal, was die von Fl\u00e4misch-Nationalisten dominierten Medien oder die \u201cfl\u00e4misch\u201d-nationalistischen Politiker auch behaupten m\u00f6gen.<\/strong><\/p>\n","protected":false},"excerpt":{"rendered":"<p>De herdenking van de guldensporenslag op 11 juli wordt niet gevierd tenzij door de Vlaams-nationale overheid. Daar zijn verschillende goede redenen voor. We sommen ze even op &#8211; La comm\u00e9moration de la Bataille des Eperons d\u2019or du 11 juillet n\u2019invite pas \u00e0 la f\u00eate. Il n\u2019y a que l\u2019autorit\u00e9 nationaliste &#8220;flamande&#8221; qui y fait exception. Plusieurs bonnes raisons expliquent cette absence d\u2019engouement. Nous les \u00e9num\u00e9rons &#8211; Die Gedenkfeier zur Schlacht der Goldenen Sporen am 11. Juli wird nur von der &#8220;fl\u00e4misch&#8221;-nationalistischen Regierung gefeiert. Daf\u00fcr gibt es mehrere gute Gr\u00fcnde. Wir z\u00e4hlen sie kurz auf.<\/p>\n","protected":false},"author":1,"featured_media":15299,"comment_status":"closed","ping_status":"open","sticky":false,"template":"","format":"standard","meta":{"ngg_post_thumbnail":0,"jetpack_post_was_ever_published":false,"_jetpack_newsletter_access":"","_jetpack_dont_email_post_to_subs":true,"_jetpack_newsletter_tier_id":0,"_jetpack_memberships_contains_paywalled_content":false,"powered_cache_disable_cache":false,"_jetpack_memberships_contains_paid_content":false,"footnotes":"","jetpack_publicize_message":"","jetpack_publicize_feature_enabled":true,"jetpack_social_post_already_shared":false,"jetpack_social_options":{"image_generator_settings":{"template":"highway","default_image_id":0,"font":"","enabled":false},"version":2}},"categories":[7],"tags":[],"class_list":["post-248","post","type-post","status-publish","format-standard","has-post-thumbnail","hentry","category-history"],"jetpack_publicize_connections":[],"jetpack_featured_media_url":"https:\/\/www.unionbelge.be\/wp-content\/uploads\/2010\/07\/guldensporen1-1.jpg","jetpack_sharing_enabled":true,"jetpack_shortlink":"https:\/\/wp.me\/p6Y7u0-40","jetpack_likes_enabled":false,"_links":{"self":[{"href":"https:\/\/www.unionbelge.be\/index.php?rest_route=\/wp\/v2\/posts\/248","targetHints":{"allow":["GET"]}}],"collection":[{"href":"https:\/\/www.unionbelge.be\/index.php?rest_route=\/wp\/v2\/posts"}],"about":[{"href":"https:\/\/www.unionbelge.be\/index.php?rest_route=\/wp\/v2\/types\/post"}],"author":[{"embeddable":true,"href":"https:\/\/www.unionbelge.be\/index.php?rest_route=\/wp\/v2\/users\/1"}],"replies":[{"embeddable":true,"href":"https:\/\/www.unionbelge.be\/index.php?rest_route=%2Fwp%2Fv2%2Fcomments&post=248"}],"version-history":[{"count":19,"href":"https:\/\/www.unionbelge.be\/index.php?rest_route=\/wp\/v2\/posts\/248\/revisions"}],"predecessor-version":[{"id":15300,"href":"https:\/\/www.unionbelge.be\/index.php?rest_route=\/wp\/v2\/posts\/248\/revisions\/15300"}],"wp:featuredmedia":[{"embeddable":true,"href":"https:\/\/www.unionbelge.be\/index.php?rest_route=\/wp\/v2\/media\/15299"}],"wp:attachment":[{"href":"https:\/\/www.unionbelge.be\/index.php?rest_route=%2Fwp%2Fv2%2Fmedia&parent=248"}],"wp:term":[{"taxonomy":"category","embeddable":true,"href":"https:\/\/www.unionbelge.be\/index.php?rest_route=%2Fwp%2Fv2%2Fcategories&post=248"},{"taxonomy":"post_tag","embeddable":true,"href":"https:\/\/www.unionbelge.be\/index.php?rest_route=%2Fwp%2Fv2%2Ftags&post=248"}],"curies":[{"name":"wp","href":"https:\/\/api.w.org\/{rel}","templated":true}]}}