{"id":2446,"date":"2010-10-17T13:17:47","date_gmt":"2010-10-17T11:17:47","guid":{"rendered":"http:\/\/www.unionbelge.be\/?p=2446"},"modified":"2016-11-17T01:34:54","modified_gmt":"2016-11-17T00:34:54","slug":"nieuwe-nederlandse-regering-nouveau-gouvernement-neerlandais","status":"publish","type":"post","link":"https:\/\/www.unionbelge.be\/?p=2446","title":{"rendered":"NIEUWE NEDERLANDSE REGERING: SIMPEL KAN OOK ! &#8211; NOUVEAU GOUVERNEMENT NEERLANDAIS: ON PEUT FAIRE SIMPLE AUSSI !"},"content":{"rendered":"<p><strong>NIEUWE NEDERLANDSE REGERING TELT TWAALF LEDEN<\/strong><strong>\u00a0<\/strong><\/p>\n<p><strong>Op\u00a0 14 oktober 2010 heeft de nieuwe Nederlandse regering onder leiding van de rechts-liberaal Mark Rutte bij Koningin Beatrix de eed afgelegd. Deze regering bestaat\u00a0uit amper 12 leden, de eerste minister inbegrepen.<\/strong><strong>\u00a0<\/strong><\/p>\n<p>De Nederlandse staatsstructuur is een perfect voorbeeld voor Belgi\u00eb: \u00e9\u00e9n unitaire tweetalige staat (men spreekt er Nederlands en ook Fries in het noorden) met \u00e9\u00e9n regering en \u00e9\u00e9n parlement evenals 11 provincies. Bovendien telt Nederland 15 miljoen inwoners, dat is 5 miljoen meer dan Belgi\u00eb. Ondanks die simpele staatsstructuur kan men moeilijk beweren dat Nederland een achterlijk land is. Het is economisch gezien zelfs welvarender dan Belgi\u00eb !<\/p>\n<p>Er is dan ook geen enkele reden waarom Belgi\u00eb dit stabiele Nederlandse voorbeeld niet zou volgen. Belgi\u00eb kan ook perfect met \u00e9\u00e9n nationale regering van hoogstens 15 leden bestuurd worden. Gewesten en gemeenschappen zijn nergens voor nodig. Unitarisme is geen bedreiging voor meertaligheid. Integendeel, het zal ze juist stimuleren. De 9 provincies bestaan reeds en moeten dus niet opnieuw gecre\u00eberd worden uitgenomen in Brabant waar men eerst nog Vlaams- en Waals-Brabant moet fusioneren.<\/p>\n<p>Uiteindelijk is een unitair systeem veel minder ingewikkeld, veel minder duur en heel wat effici\u00ebnter dan een federaal systeem. In Belgi\u00eb is het gelijk ook minder discriminerend, democratischer en unificerend.<\/p>\n<p>Waar wachten we op?<\/p>\n<p><strong>LE NOUVEAU GOUVERNEMENT NEERLANDAIS COMPTE DOUZE MEMBRES<\/strong><strong>\u00a0<\/strong><\/p>\n<p><strong>Le 14 octobre 2010, le nouveau gouvernement n\u00e9erlandais sous la direction du lib\u00e9ral de droite Mark Rutte a pr\u00eat\u00e9 serment dans les mains de la Reine B\u00e9atrix. Ce gouvernement est compos\u00e9 d\u2019\u00e0 peine 12 membres, y compris le premier ministre.<\/strong><\/p>\n<p>La structure \u00e9tatique n\u00e9erlandaise constitue un exemple parfait pour la Belgique\u00a0: un Etat unitaire et bilingue (on y parle le n\u00e9erlandais et aussi le frison dans le nord) avec un seul gouvernement et un seul parlement ainsi que 11 provinces. En outre, les Pays-Bas comptent 15 millions d\u2019habitants, donc 5 millions de plus qu\u2019en Belgique. Malgr\u00e9 cette structure \u00e9tatique tr\u00e8s simple, on peut difficilement soutenir que les Pays-Bas sont un pays arri\u00e9r\u00e9. Il est m\u00eame plus prosp\u00e8re que la Belgique \u00e9conomiquement parlant\u00a0!<\/p>\n<p>Il n\u2019existe donc aucune raison pour laquelle la Belgique ne suivrait pas ce mod\u00e8le n\u00e9erlandais stable. D\u2019\u00e9vidence, la Belgique peut aussi \u00eatre gouvern\u00e9e par un seul gouvernement national compos\u00e9 de maximum 15 membres. On n\u2019a nul besoin de communaut\u00e9s ni de r\u00e9gions. L\u2019unitarisme ne constitue aucune menace pour le multilinguisme. Au contraire, il peut le stimuler. Les 9 provinces existent d\u00e9j\u00e0 et ne devront donc plus \u00eatre cr\u00e9\u00e9es \u00e0 l\u2019exception du Brabant o\u00f9 il suffira de fusionner le Brabant flamand et wallon.<\/p>\n<p>Finalement, un syst\u00e8me unitaire est beaucoup moins compliqu\u00e9, beaucoup moins co\u00fbteux et nettement plus efficace qu\u2019un syst\u00e8me f\u00e9d\u00e9ral. En Belgique, il est en m\u00eame temps moins discriminatoire, plus d\u00e9mocratique et plus unificateur.<\/p>\n<p>Qu\u2019attend-on\u00a0?<\/p>\n","protected":false},"excerpt":{"rendered":"<p>Op  14 oktober 2010 heeft de nieuwe Nederlandse regering onder leiding van de rechts-liberaal Mark Rutte bij Koningin Beatrix de eed afgelegd. Deze regering bestaat uit amper 12 leden, de eerste minister inbegrepen. <\/p>\n<p>Le 14 octobre 2010, le nouveau gouvernement n\u00e9erlandais sous la direction du lib\u00e9ral de droite Mark Rutte a pr\u00eat\u00e9 serment dans les mains de la Reine B\u00e9atrix. Ce gouvernement est compos\u00e9 d\u2019\u00e0 peine 12 membres, y compris le premier ministre.<\/p>\n","protected":false},"author":2,"featured_media":0,"comment_status":"closed","ping_status":"open","sticky":false,"template":"","format":"standard","meta":{"ngg_post_thumbnail":0,"jetpack_post_was_ever_published":false,"_jetpack_newsletter_access":"","_jetpack_dont_email_post_to_subs":true,"_jetpack_newsletter_tier_id":0,"_jetpack_memberships_contains_paywalled_content":false,"powered_cache_disable_cache":false,"_jetpack_memberships_contains_paid_content":false,"footnotes":"","jetpack_publicize_message":"","jetpack_publicize_feature_enabled":true,"jetpack_social_post_already_shared":false,"jetpack_social_options":{"image_generator_settings":{"template":"highway","default_image_id":0,"font":"","enabled":false},"version":2}},"categories":[10],"tags":[],"class_list":["post-2446","post","type-post","status-publish","format-standard","hentry","category-ideology"],"jetpack_publicize_connections":[],"jetpack_featured_media_url":"","jetpack_sharing_enabled":true,"jetpack_shortlink":"https:\/\/wp.me\/p6Y7u0-Ds","jetpack_likes_enabled":false,"_links":{"self":[{"href":"https:\/\/www.unionbelge.be\/index.php?rest_route=\/wp\/v2\/posts\/2446","targetHints":{"allow":["GET"]}}],"collection":[{"href":"https:\/\/www.unionbelge.be\/index.php?rest_route=\/wp\/v2\/posts"}],"about":[{"href":"https:\/\/www.unionbelge.be\/index.php?rest_route=\/wp\/v2\/types\/post"}],"author":[{"embeddable":true,"href":"https:\/\/www.unionbelge.be\/index.php?rest_route=\/wp\/v2\/users\/2"}],"replies":[{"embeddable":true,"href":"https:\/\/www.unionbelge.be\/index.php?rest_route=%2Fwp%2Fv2%2Fcomments&post=2446"}],"version-history":[{"count":8,"href":"https:\/\/www.unionbelge.be\/index.php?rest_route=\/wp\/v2\/posts\/2446\/revisions"}],"predecessor-version":[{"id":11231,"href":"https:\/\/www.unionbelge.be\/index.php?rest_route=\/wp\/v2\/posts\/2446\/revisions\/11231"}],"wp:attachment":[{"href":"https:\/\/www.unionbelge.be\/index.php?rest_route=%2Fwp%2Fv2%2Fmedia&parent=2446"}],"wp:term":[{"taxonomy":"category","embeddable":true,"href":"https:\/\/www.unionbelge.be\/index.php?rest_route=%2Fwp%2Fv2%2Fcategories&post=2446"},{"taxonomy":"post_tag","embeddable":true,"href":"https:\/\/www.unionbelge.be\/index.php?rest_route=%2Fwp%2Fv2%2Ftags&post=2446"}],"curies":[{"name":"wp","href":"https:\/\/api.w.org\/{rel}","templated":true}]}}