{"id":2437,"date":"2010-10-17T03:27:56","date_gmt":"2010-10-17T01:27:56","guid":{"rendered":"http:\/\/www.unionbelge.be\/?p=2437"},"modified":"2016-11-17T01:36:08","modified_gmt":"2016-11-17T00:36:08","slug":"marcel-javaux-ecolo-nationaliste-wallon","status":"publish","type":"post","link":"https:\/\/www.unionbelge.be\/?p=2437","title":{"rendered":"MARCEL JAVAUX (ECOLO): UN NATIONALISTE &#8220;WALLON&#8221;"},"content":{"rendered":"<p><a href=\"http:\/\/www.lalibre.be\/actu\/elections-2010\/article\/617242\/javaux-je-suis-pret-a-perdre-3-ou-4-dans-les-sondages.html\">Extrait d&#8217;une entrevue avec La Libre Belgique (16.10.10)<\/a><\/p>\n<p><em><strong>A sept (partis), c\u2019est fini ? Quelles sont encore les raisons d\u2019\u00eatre optimistes ? (LLB)<\/strong><br \/>\n<\/em><\/p>\n<p>M.J.: &#8220;<em>Non, ce n\u2019est pas fini. Je refuse de croire que les quatre mois de n\u00e9gociations n\u2019ont servi \u00e0 rien. <\/em>(&#8230;) <em>pour 6 des 7 partis, il suffit d\u2019un signal positif, lundi, pour se remettre \u00e0 table et d\u00e9finir un p\u00e9rim\u00e8tre de n\u00e9gociation. Mais, cette fois, avec des textes \u00e9crits.<\/em>&#8221;<\/p>\n<p><strong><em>Qu\u2019y a-t-il sur la table (LLB) ?<\/em><\/strong><\/p>\n<p>M.J.: &#8220;D<em>es transferts de comp\u00e9tences de 15 milliards, un accord \u00e9quilibr\u00e9 sur BHV avec maintien des droits des francophones.<\/em> (&#8230;) <em>les objectifs \u00e9taient rencontr\u00e9s : augmenter l\u2019autonomie financi\u00e8re et approcher les 50 % de recettes propres des entit\u00e9s, (&#8230;) Il reste \u00e0 simuler les mod\u00e8les pour ne pas appauvrir une R\u00e9gion<\/em>.&#8221;<\/p>\n","protected":false},"excerpt":{"rendered":"<p>&#8220;Des transferts de comp\u00e9tences de 15 milliards, un accord \u00e9quilibr\u00e9 sur BHV avec maintien des droits des francophones. (&#8230;) les objectifs \u00e9taient rencontr\u00e9s : augmenter l\u2019autonomie financi\u00e8re et approcher les 50 % de recettes propres des entit\u00e9s, (&#8230;) Il reste \u00e0 simuler les mod\u00e8les pour ne pas appauvrir une R\u00e9gion.&#8221;<\/p>\n","protected":false},"author":2,"featured_media":0,"comment_status":"closed","ping_status":"open","sticky":false,"template":"","format":"standard","meta":{"ngg_post_thumbnail":0,"jetpack_post_was_ever_published":false,"_jetpack_newsletter_access":"","_jetpack_dont_email_post_to_subs":true,"_jetpack_newsletter_tier_id":0,"_jetpack_memberships_contains_paywalled_content":false,"powered_cache_disable_cache":false,"_jetpack_memberships_contains_paid_content":false,"footnotes":"","jetpack_publicize_message":"","jetpack_publicize_feature_enabled":true,"jetpack_social_post_already_shared":false,"jetpack_social_options":{"image_generator_settings":{"template":"highway","default_image_id":0,"font":"","enabled":false},"version":2}},"categories":[5],"tags":[],"class_list":["post-2437","post","type-post","status-publish","format-standard","hentry","category-opinions"],"jetpack_publicize_connections":[],"jetpack_featured_media_url":"","jetpack_sharing_enabled":true,"jetpack_shortlink":"https:\/\/wp.me\/p6Y7u0-Dj","jetpack_likes_enabled":false,"_links":{"self":[{"href":"https:\/\/www.unionbelge.be\/index.php?rest_route=\/wp\/v2\/posts\/2437","targetHints":{"allow":["GET"]}}],"collection":[{"href":"https:\/\/www.unionbelge.be\/index.php?rest_route=\/wp\/v2\/posts"}],"about":[{"href":"https:\/\/www.unionbelge.be\/index.php?rest_route=\/wp\/v2\/types\/post"}],"author":[{"embeddable":true,"href":"https:\/\/www.unionbelge.be\/index.php?rest_route=\/wp\/v2\/users\/2"}],"replies":[{"embeddable":true,"href":"https:\/\/www.unionbelge.be\/index.php?rest_route=%2Fwp%2Fv2%2Fcomments&post=2437"}],"version-history":[{"count":7,"href":"https:\/\/www.unionbelge.be\/index.php?rest_route=\/wp\/v2\/posts\/2437\/revisions"}],"predecessor-version":[{"id":11233,"href":"https:\/\/www.unionbelge.be\/index.php?rest_route=\/wp\/v2\/posts\/2437\/revisions\/11233"}],"wp:attachment":[{"href":"https:\/\/www.unionbelge.be\/index.php?rest_route=%2Fwp%2Fv2%2Fmedia&parent=2437"}],"wp:term":[{"taxonomy":"category","embeddable":true,"href":"https:\/\/www.unionbelge.be\/index.php?rest_route=%2Fwp%2Fv2%2Fcategories&post=2437"},{"taxonomy":"post_tag","embeddable":true,"href":"https:\/\/www.unionbelge.be\/index.php?rest_route=%2Fwp%2Fv2%2Ftags&post=2437"}],"curies":[{"name":"wp","href":"https:\/\/api.w.org\/{rel}","templated":true}]}}