{"id":2279,"date":"2005-02-17T17:44:27","date_gmt":"2005-02-17T15:44:27","guid":{"rendered":"http:\/\/www.unionbelge.be\/?p=2279"},"modified":"2010-10-08T17:45:23","modified_gmt":"2010-10-08T15:45:23","slug":"markante-uitspraken-deel-i-werkgevers-en-werknemers-belgie","status":"publish","type":"post","link":"https:\/\/www.unionbelge.be\/?p=2279","title":{"rendered":"Markante uitspraken deel I: werkgevers en werknemers over Belgi\u00eb"},"content":{"rendered":"<p><strong>Hieronder het eerste deel van een reeks van markante uitspraken, gedaan in het licht van 175 jaar Belgische onafhankelijkheid. Er werd bij toonaangevende figuren in verschillende sectoren gepeild naar wat Belgi\u00eb betekent voor hen en er werd hen gevraagd of ze vinden dat Belgi\u00eb \u00e9\u00e9n land blijven moest of niet. Aan het woord enkele topmensen uit de economische wereld, de uitspraken spreken voor zichzelf&#8230;<\/strong><\/p>\n<p>&#8220;Ik voel me zeker Belg. Van &#8216;s morgens tot &#8216;s avonds ben ik bezig met activiteiten die rond Belgi\u00eb draaien. Toen ik nog topman van Alcatel-Belgi\u00eb was, ijverde ik voor het behoud van tewerkstelling in heel het land. Walloni\u00eb of Vlaanderen, dat deed er niet toe.&#8221;<\/p>\n<p>Rudi THOMAES, topman werkgeversorganisatie VBO<\/p>\n<p>&#8220;Belgi\u00eb moet als \u00e9\u00e9n land verder. Een splitsing zou bijzonder duur zijn. Bovendien zijn beide landsdelen sterk verbonden. Ik denk bijvoorbeeld aan het aantal Limburgers dat supporter van Standard Luik is. Ik hoop dat we de kracht van onze spreuk &#8220;eendracht maakt macht&#8221; herontdekken. De rijkdom van Belgi\u00eb ligt net in het feit dat wij al lang twee culturen verenigen.&#8221;<\/p>\n<p>Baudouin VELGE, gedelegeerd bestuurder Fedis<\/p>\n<p>&#8220;Mijn nationaliteitsgevoel is heel sterk omdat ik veel in het buitenland ben en besef hoeveel ik wel van dit land hou. (&#8230;) Belgi\u00eb moet \u00e9\u00e9n land blijven. Het kan toch niet dat we geen respect meer hebben voor elkaar en daarom plots breken?&#8221;<\/p>\n<p>Bernard LEFEVRE, voorzitter Belgische federatie van frituristen<\/p>\n<p>&#8220;Ik voel me een echte Belg. (&#8230;) Belgi\u00eb moet absoluut \u00e9\u00e9n blijven. Anders zijn we totaal verkeerd bezig. Ik geloof niet in het Europa van de regio&#8217;s. Als Belgi\u00eb zou splitsen, tellen we niet meer mee in Europese context.&#8221;<\/p>\n<p>Xavier VERBOVEN, Algemeen secretaris ABVV<\/p>\n<p>&#8220;Belgi\u00eb is een relatief klein land gebouwd rond een aantal wereldwijd gevierde waarden: &#8216;Eenheid, Diversiteit, Solidariteit, Verdraagzaamheid en openheid. We moeten die waarden uitdragen naar Europa en de wereld. Mijn grootste wens is dat Belgi\u00eb erin slaagt haar fundamentele waarden uit te dragen en hierin een voorbeeldfunctie kan vervullen&#8221;<\/p>\n<p>Michel TILMANT, Voorzitter ING<\/p>\n<p>&#8220;Belgi\u00eb moet blijven bestaan. We zouden het missen als het er niet meer is. We vullen elkaar goed aan: als we even weg willen uit het dichtbevolkte Vlaanderen, kunnen we naar de Ardennen. Ik wens Vlamingen en Walen toe dat we elkaar weer beter leren kennen en elkaars taal gaan spreken&#8221;<\/p>\n<p>Luc CORTEBEECK, ACV-Voorzitter<\/p>\n<p>&#8220;Ik sta aan de leiding van een bedrijf dat gespreid is over heel Belgi\u00eb (en daarbuiten)&#8230;Als bedrijfsleider ervaar ik dat schaalgrootte een belangrijke factor is om zich in de markt te profileren en een zekere effici\u00ebntie te bewaren. Dit kan enkel bereikt worden door het bundelen van krachten.&#8221;<\/p>\n<p>Luc VANDEWALLE, bedrijfsleider ING<\/p>\n<p>&#8220;Er is geen enkele reden om NIET als \u00e9\u00e9n land verder te gaan, zeker niet uit Europees standpunt. Gaan we ons opsplitsen, dan kunnen we steeds minder invloed uitoefenen.&#8221;<\/p>\n<p>Roger SAENEN, Spreekbuis Boerenbond<\/p>\n<p>&#8220;Ik voel me permanent Belg.(&#8230;) Een splitsing zou een dramatische vergissing zijn. Voor de export bijvoorbeeld is het belangrijk om als \u00e9\u00e9n entiteit naar buiten te komen.&#8221;<\/p>\n<p>Paul BUYSSE, voorzitter Bekaert<\/p>\n<p>&#8220;Ik voel me Belg in hart en nieren. Omdat ik hier geboren ben. Omdat wij (Vlamingen, Walen en Brusselaars niet zo verschillend zijn. Omdat ik triest ben als de Rode Duivels verliezen. Omdat ik fier ben op Belgen die naam maken in het buitenland. Belgi\u00eb moet verder als \u00e9\u00e9n land. Omdat onze interne geschillen en problemen die als druppels in de woestijn zijn. Pietluttig in vergelijking met de problemen in Afrika, Azi\u00eb&#8230; Ik wens Belgi\u00eb een stille revolutie toe. Steunend op een eerlijke, ambitieuze visie voor de toekomst. Gedragen door leiders die hun verantwoordelijkheid opnemen.&#8221;<\/p>\n<p>Johnny THIJS, topman De Post<\/p>\n<p>&#8220;Ik voel mij nog een echte Belg. Zeker als ik in het buitenland ben. Als ik bijvoorbeeld in de VSA spreek van Vlaanderen, hoort men het in Keulen donderen.&#8221;<\/p>\n<p>Roland DUCHATELET, voorzitter Melexis<\/p>\n<p>&#8220;Als in het buitenland Belgi\u00eb als merknaam beter scoort, waarom die dan niet gebruiken? (&#8230;) Het gaat toch niet op solidariteit te preken met de derde wereld en dat niet te doen in eigen land? Daarom volg ik, sinds ik topman van Unizo werd, nu elke week opfrissinglessen Frans.&#8221;<\/p>\n<p>Karel VAN EETVELT, Gedelegeerd bestuurder Unizo<\/p>\n<p>&#8220;Ik voel me niet Belg. Ik b\u00e9n Belg. Ik zie niet in waarom Belgi\u00eb zou moeten splitsen (&#8230;) keep it simple, ons land is al zo complex.&#8221;<\/p>\n<p>Maurice LIPPENS, topman Fortis<\/p>\n<p>&#8220;Als we er niet meer zouden in slagen samen te leven in ons kleine Belgi\u00eb, zou ik de grootste twijfels hebben over de leefbaarheid van een grote Europese economische en politieke unie.&#8221;<\/p>\n<p>Guy QUADEN, Gouverneur Nationale Bank<\/p>\n<p>Bron: HLN, 16-17.02.05<\/p>\n","protected":false},"excerpt":{"rendered":"<p>Hieronder het eerste deel van een reeks van markante uitspraken, gedaan in het licht van [&hellip;]<\/p>\n","protected":false},"author":2,"featured_media":0,"comment_status":"closed","ping_status":"open","sticky":false,"template":"","format":"standard","meta":{"ngg_post_thumbnail":0,"jetpack_post_was_ever_published":false,"_jetpack_newsletter_access":"","_jetpack_dont_email_post_to_subs":false,"_jetpack_newsletter_tier_id":0,"_jetpack_memberships_contains_paywalled_content":false,"powered_cache_disable_cache":false,"_jetpack_memberships_contains_paid_content":false,"footnotes":"","jetpack_publicize_message":"","jetpack_publicize_feature_enabled":true,"jetpack_social_post_already_shared":false,"jetpack_social_options":{"image_generator_settings":{"template":"highway","default_image_id":0,"font":"","enabled":false},"version":2}},"categories":[5],"tags":[],"class_list":["post-2279","post","type-post","status-publish","format-standard","hentry","category-opinions"],"jetpack_publicize_connections":[],"jetpack_featured_media_url":"","jetpack_sharing_enabled":true,"jetpack_shortlink":"https:\/\/wp.me\/p6Y7u0-AL","jetpack_likes_enabled":false,"_links":{"self":[{"href":"https:\/\/www.unionbelge.be\/index.php?rest_route=\/wp\/v2\/posts\/2279","targetHints":{"allow":["GET"]}}],"collection":[{"href":"https:\/\/www.unionbelge.be\/index.php?rest_route=\/wp\/v2\/posts"}],"about":[{"href":"https:\/\/www.unionbelge.be\/index.php?rest_route=\/wp\/v2\/types\/post"}],"author":[{"embeddable":true,"href":"https:\/\/www.unionbelge.be\/index.php?rest_route=\/wp\/v2\/users\/2"}],"replies":[{"embeddable":true,"href":"https:\/\/www.unionbelge.be\/index.php?rest_route=%2Fwp%2Fv2%2Fcomments&post=2279"}],"version-history":[{"count":1,"href":"https:\/\/www.unionbelge.be\/index.php?rest_route=\/wp\/v2\/posts\/2279\/revisions"}],"predecessor-version":[{"id":2280,"href":"https:\/\/www.unionbelge.be\/index.php?rest_route=\/wp\/v2\/posts\/2279\/revisions\/2280"}],"wp:attachment":[{"href":"https:\/\/www.unionbelge.be\/index.php?rest_route=%2Fwp%2Fv2%2Fmedia&parent=2279"}],"wp:term":[{"taxonomy":"category","embeddable":true,"href":"https:\/\/www.unionbelge.be\/index.php?rest_route=%2Fwp%2Fv2%2Fcategories&post=2279"},{"taxonomy":"post_tag","embeddable":true,"href":"https:\/\/www.unionbelge.be\/index.php?rest_route=%2Fwp%2Fv2%2Ftags&post=2279"}],"curies":[{"name":"wp","href":"https:\/\/api.w.org\/{rel}","templated":true}]}}