{"id":2201,"date":"2003-11-12T21:40:33","date_gmt":"2003-11-12T19:40:33","guid":{"rendered":"http:\/\/www.unionbelge.be\/?p=2201"},"modified":"2010-10-01T21:41:16","modified_gmt":"2010-10-01T19:41:16","slug":"le-b-u-b-exige-le-maintien-le-renforcement-du-pouvoir-des-provinces","status":"publish","type":"post","link":"https:\/\/www.unionbelge.be\/?p=2201","title":{"rendered":"Le B.U.B. exige le maintien et le renforcement du pouvoir des provinces"},"content":{"rendered":"<p><strong><span style=\"text-decoration: underline;\">Le B.U.B. exige le maintien et le renforcement du pouvoir des provinces<\/span><\/strong><\/p>\n<p><strong>Le Ministre r\u00e9gional wallon Charles Michel qui a la tutelle des provinces et communes dans son portefeuille vient de pr\u00e9parer un projet de d\u00e9cret portant sur la r\u00e9forme des provinces. Ce projet est d\u00e9j\u00e0 controvers\u00e9 et le B.U.B. s&#8217;y oppose radicalement.<\/strong><\/p>\n<p>Le ministre MR veut r\u00e9duire les comp\u00e9tences provinciales et les soumettre enti\u00e8rement au pouvoir r\u00e9gional, contrairement \u00e0 ce qui s&#8217;est pass\u00e9 r\u00e9cemment dans la r\u00e9gion flamande o\u00f9 l&#8217;on a rev! aloris\u00e9 les provinces.<\/p>\n<p>Pourquoi cette r\u00e9cup\u00e9ration r\u00e9gionaliste? Sans doute pour augmenter le pouvoir de la r\u00e9gion wallonne au d\u00e9triment d&#8217;entit\u00e9s d\u00e9centralis\u00e9es, plus proches du citoyen. Les politiciens aiment parler de &#8220;d\u00e9mocratisation&#8221; et du &#8220;rapprochement du pouvoir des citoyens&#8221;, mais dans leurs actes, ils font exactement le contraire.<\/p>\n<p>Les gouverneurs, les d\u00e9putations permanentes (que Michel veut nommer &#8220;coll\u00e8ges provinciaux&#8221;) et les conseils provinciaux constituent des organes ex\u00e9cutifs et &#8220;parlementaires&#8221; locaux, mal connus des citoyens, mais \u00e0 tort, car par leur proximit\u00e9, ils peuvent r\u00e9gler toutes les questions d&#8217;int\u00e9r\u00eat provincial qui d\u00e9passent les territoires des communes conform\u00e9ment \u00e0 l&#8217;article 162 de la Constitution.<\/p>\n<p>Par cons\u00e9quent, il n&#8217;est non seulement anticonstitutionnel de limiter au niveau r\u00e9gional ces comp\u00e9tences d&#8217;int\u00e9r\u00eat provincial, mais qui plus est, ce | projet \u00e9loignera encore davantage le pouvoir des citoyens au profit d&#8217;une institution r\u00e9gionale centraliste qui est issue de n\u00e9gociations quasi-secr\u00e8tes men\u00e9es pendant les ann\u00e9es &#8217;70 et &#8217;80 et domin\u00e9es par l&#8217;id\u00e9ologie s\u00e9paratiste flamingante et wallingante.<\/p>\n<p>Le B.U.B. veut au contraire voir un renforcement du pouvoir des provinces, surtout en mati\u00e8re d&#8217;am\u00e9nagement du territoire et de l&#8217;environnement. Pourquoi en effet prendre des d\u00e9cisions au niveau r\u00e9gional tandis que celles-ci pourraient tout aussi bien \u00eatre prises au niveau provincial? A terme, les provinces belges devraient devenir de v\u00e9ritables alternatives pour les r\u00e9gions au point que ces derni\u00e8res perdraient leur raison d&#8217;\u00eatre et pourraient tout simplement \u00eatre supprim\u00e9es. Il en va de m\u00eame pour la r\u00e9gion de Bruxelles-Capitale qui pourra \u00eatre remplac\u00e9e par une grande Ville divis\u00e9e<br \/>\nen 19 districts qui redeviendrait le chef-lieu de la province ! du Brabant r\u00e9unifi\u00e9e dont on sait sur base des \u00e9tudes et des r\u00e9alit\u00e9s qu&#8217;elle constitue une seule entit\u00e9 socio-\u00e9conomique.<\/p>\n<p>Il est temps que l&#8217;on simplifie l&#8217;Etat belge, non dans le sens voulu par une petite minorit\u00e9 de r\u00e9gionalistes et par les partis politiques traditionnels &#8211; ces derniers ayant tout int\u00e9r\u00eat \u00e0 se voir multiplier les postes minist\u00e9riels -, mais dans un sens unitaire et d\u00e9centralis\u00e9 comme on est en train de construire l&#8217;Union europ\u00e9enne. Cette simplification lib\u00e9rera l&#8217;argent n\u00e9cessaire pour stimuler notre \u00e9conomie nationale.<\/p>\n","protected":false},"excerpt":{"rendered":"<p>Le B.U.B. exige le maintien et le renforcement du pouvoir des provinces Le Ministre r\u00e9gional [&hellip;]<\/p>\n","protected":false},"author":2,"featured_media":0,"comment_status":"closed","ping_status":"open","sticky":false,"template":"","format":"standard","meta":{"ngg_post_thumbnail":0,"jetpack_post_was_ever_published":false,"_jetpack_newsletter_access":"","_jetpack_dont_email_post_to_subs":false,"_jetpack_newsletter_tier_id":0,"_jetpack_memberships_contains_paywalled_content":false,"powered_cache_disable_cache":false,"_jetpack_memberships_contains_paid_content":false,"footnotes":"","jetpack_publicize_message":"","jetpack_publicize_feature_enabled":true,"jetpack_social_post_already_shared":false,"jetpack_social_options":{"image_generator_settings":{"template":"highway","default_image_id":0,"font":"","enabled":false},"version":2}},"categories":[5],"tags":[],"class_list":["post-2201","post","type-post","status-publish","format-standard","hentry","category-opinions"],"jetpack_publicize_connections":[],"jetpack_featured_media_url":"","jetpack_sharing_enabled":true,"jetpack_shortlink":"https:\/\/wp.me\/p6Y7u0-zv","jetpack_likes_enabled":false,"_links":{"self":[{"href":"https:\/\/www.unionbelge.be\/index.php?rest_route=\/wp\/v2\/posts\/2201","targetHints":{"allow":["GET"]}}],"collection":[{"href":"https:\/\/www.unionbelge.be\/index.php?rest_route=\/wp\/v2\/posts"}],"about":[{"href":"https:\/\/www.unionbelge.be\/index.php?rest_route=\/wp\/v2\/types\/post"}],"author":[{"embeddable":true,"href":"https:\/\/www.unionbelge.be\/index.php?rest_route=\/wp\/v2\/users\/2"}],"replies":[{"embeddable":true,"href":"https:\/\/www.unionbelge.be\/index.php?rest_route=%2Fwp%2Fv2%2Fcomments&post=2201"}],"version-history":[{"count":2,"href":"https:\/\/www.unionbelge.be\/index.php?rest_route=\/wp\/v2\/posts\/2201\/revisions"}],"predecessor-version":[{"id":2203,"href":"https:\/\/www.unionbelge.be\/index.php?rest_route=\/wp\/v2\/posts\/2201\/revisions\/2203"}],"wp:attachment":[{"href":"https:\/\/www.unionbelge.be\/index.php?rest_route=%2Fwp%2Fv2%2Fmedia&parent=2201"}],"wp:term":[{"taxonomy":"category","embeddable":true,"href":"https:\/\/www.unionbelge.be\/index.php?rest_route=%2Fwp%2Fv2%2Fcategories&post=2201"},{"taxonomy":"post_tag","embeddable":true,"href":"https:\/\/www.unionbelge.be\/index.php?rest_route=%2Fwp%2Fv2%2Ftags&post=2201"}],"curies":[{"name":"wp","href":"https:\/\/api.w.org\/{rel}","templated":true}]}}