{"id":2196,"date":"2003-11-12T21:28:36","date_gmt":"2003-11-12T19:28:36","guid":{"rendered":"http:\/\/www.unionbelge.be\/?p=2196"},"modified":"2010-10-01T21:30:29","modified_gmt":"2010-10-01T19:30:29","slug":"jai-fait-reve","status":"publish","type":"post","link":"https:\/\/www.unionbelge.be\/?p=2196","title":{"rendered":"J&#8217;ai fait un r\u00eave&#8230;"},"content":{"rendered":"<p><strong><span style=\"text-decoration: underline;\">J&#8217;ai fait un r\u00eave&#8230;<\/span><\/strong><\/p>\n<p><strong>J&#8217;avais sept ans. Une soir\u00e9e grise de novembre 1930. Mon p\u00e8re, officier de carri\u00e8re, me tenait sur ses genoux et me racontait ses ann\u00e9es de guerre, me d\u00e9crivait les combats qu&#8217;il avait v\u00e9cu pendant plus de quatre ans, les gaz, les tranch\u00e9es, le Boyau de la Mort, la boue, ainsi que ses camarades qui nombreux \u00e9taient tomb\u00e9s \u00e0 ses c\u00f4t\u00e9s. Sans cesse, il me r\u00e9p\u00e9tait ces mots : Pourquoi eux et pas moi ? <\/strong><\/p>\n<p>Il \u00e9voquait cette journ\u00e9e du 11 novembre 1918 o\u00f9, quelques minutes avant que ne retentissent les sonneries du clairon annon\u00e7ant la fin des hostilit\u00e9s son meilleur camarade avait \u00e9t\u00e9 tu\u00e9. Pour ce qui le concernait, le sort en avait d\u00e9cid\u00e9 autrement. Il survivrait \u00e0 quatre ann\u00e9es de souffrances et de mis\u00e8res. Il me disait aussi l&#8217;intensit\u00e9 de ses espoirs d\u00e9\u00e7us au retour de la guerre ainsi que ses d\u00e9ceptions face \u00e0 l&#8217;indiff\u00e9rence.<\/p>\n<p><strong>Plus jamais \u00e7\u00e0 avaient dit nos Jass et les Poilus !<\/strong><\/p>\n<p>H\u00e9l\u00e0s, la grande crise \u00e9conomique de 1929 avait d\u00e9j\u00e0 boulevers\u00e9 le monde bien plus que n&#8217;avait pu le faire la guerre elle-m\u00eame. Des ch\u00f4meurs par milliers, la pauvret\u00e9 partout, telle \u00e9tait l&#8217;image de cette ann\u00e9e 1930. La mis\u00e8re qu&#8217;enduraient les classes laborieuses ne justifiait pas les sacrifices consentis par celle-ci au cours de la guerre qui venait \u00e0 peine de finir. Les drames sociaux, partout dans le monde, \u00e9taient<br \/>\nnombreux et rien ou pas grand chose n&#8217;\u00e9tait fait pour y rem\u00e9dier. Les scandales financiers, dans lesquels \u00e9taient presque toujours impliqu\u00e9es la classe politique au pouvoir et la soi-disante \u00e9lite, \u00e9taient nombreux. Rappelons-nous l&#8217;affaire Stavisky en France et celle du Cr\u00e9dit Anversois ( Sap ) chez nous. En m\u00eame temps, un membre dirigeant de l&#8217;Action Catholique, soutenue par le clerg\u00e9 et le parti catholique<br \/>\nlui-m\u00eame, L\u00e9on DEGRELLE pour ne pas le citer, menait une campagne virulente contre ces scandales, dans l&#8217;hebdomadaire REX, organe de ladite Action Catholique mais qu&#8217;il avait d\u00e9tourn\u00e9 \u00e0 son profit. Qui des anciens ne se rappellera pas les titres de son journal LE PAYS REEL ! Au loin cependant, en Europe, se dessinait d\u00e9j\u00e0 la menace d&#8217;un mouvement politico-nationaliste et social d&#8217;extr\u00eame droite, assez bizarrement issu des tr\u00e9fonds du parti socialiste, par l&#8217;av\u00e8nement au pouvoir, en Italie, avec le soutien de l&#8217;\u00e9lit\u00e9 conservatrice de ce pays, de B\u00e9nito MUSSOLINI, suivi quelques ann\u00e9es plus tard, par des voies cependant dites d\u00e9mocratiques, d&#8217;Adolf HITLER, d\u00e9magogue d&#8217;origine autrichienne. <strong>DEGRELLE quant \u00e0 lui n&#8217;\u00e9tait pas loin de la trahison<\/strong> &#8230;<\/p>\n<p><strong>PLUS JAMAIS CA, M&#8217;AVAIT DIT MON PERE, TOUT COMME D&#8217;AILLEURS TOUS CEUX QUI AVAIENT VECU LES ATROCITES DU RECENT CONFLIT !<br \/>\nPauvres na\u00effs &#8230;&#8230;..<br \/>\n<\/strong><br \/>\nDe plus, depuis 1917, s\u00e9vissait \u00e0 l&#8217;Est une dictature, pr\u00e9tend\u00fbment celle du peuple, toute aussi sanglante.<\/p>\n<p>Ces trois dictatures, bien qu&#8217;apparamment hostiles, rassembl\u00e8rent bient\u00f4t sous leurs banni\u00e8res des millions d&#8217;hommes, profitant de leur mis\u00e8re que les pays soi-disant d\u00e9mocratiques se montraient incapables de juguler. Ceux-ci au contraire se vautraient dans la licence, la luxure, la corruption et la cupidit\u00e9, r\u00e9primant<br \/>\nm\u00eame parfois <strong>brutalement<\/strong> les revendications justifi\u00e9es de la masse populaire ( voir les gr\u00e8ves du Borinage ). M\u00eame les coups de force r\u00e9p\u00e9t\u00e9s d&#8217;HITLER ( r\u00e9occupation de la Rh\u00e9nanie, viol du territoire tch\u00e9co-slovaque, Anschluss ) ainsi que ceux de son acolyte MUSSOLINI ( guerre d&#8217;Abyssinie ) n&#8217;ouvriront pas les yeux des dirigeants occidentaux. Au contraire, on les vit s&#8217;avilir, en 1938, c\u00e9dant devant les exigences des potentats hitl\u00e9riens et fsacistes ( conf\u00e9rence de Munich ). Neville CHAMBERLAIN revint \u00e0 Londres en affirmant <strong>avoir sauv\u00e9 la paix du monde pour au moins cent ans !<\/strong><\/p>\n<p>Et puis, la guerre est venue ..et ce malgr\u00e9 les objurgations \u00e9clair\u00e9es de notre Souverain, le Roi L\u00e9opold III, lesquelles ne furent m\u00eame pas entendues.<br \/>\n<strong>La guerre in\u00e9luctablement est venue, les mar\u00e9es rouges et brunes d\u00e9pe\u00e7aient, de mani\u00e8re ignoble, la Pologne.<\/strong> Puis vint le tour, en avril 1940, de la Norv\u00e8ge et du Danemark, l&#8217;impr\u00e9paration et l&#8217;incurie des dirigeants occidentaux se manifestant \u00e0 nouveau. Seule la petite et h\u00e9ro\u00efque petite Finlande r\u00e9sista \u00e0 l&#8217;envahisseur<br \/>\nrouge venu de l&#8217;Est mais bient\u00f4t l\u00e2chement abandonn\u00e9e par les alli\u00e9s occidentaux.<\/p>\n<p><strong>Puis, le 10 mai 1940, vint le tour de notre Pays, de la Hollande et du Luxembourg<\/strong>. L&#8217;invicible arm\u00e9e fran\u00e7aise, tout comme en 1870, \u00e9tait, d\u00e8s les premiers jours de la campagne, d\u00e9faite dans les Ardennes et plus pr\u00e9cis\u00e9ment \u00e0 Sedan, l&#8217;hypoth\u00e9tique ligne Maginot \u00e9tant ainsi contourn\u00e9e et ouvrant ainsi toute grande la porte vers la mer \u00e0 l&#8217;ennemi. <strong>Sans une erreur d&#8217;Hitler, lequel renon\u00e7ait d&#8217;attaquer l&#8217;Angleterre,<br \/>\nla guerre eut \u00e9t\u00e9 finie !<\/strong><\/p>\n<p>Dans un combat courageux de dix-huit jours, notre Arm\u00e9e, <strong>bien que d\u00e9j\u00e0 min\u00e9e par quelques rares nationalistes flamands qui, d\u00e9j\u00e0, avaient choisi leur camp et abandonn\u00e9e par les forces franco-britanniques en d\u00e9bandade<\/strong>, parvint \u00e0 arr\u00eater l&#8217;ennemi, sup\u00e9rieur en hommes et mat\u00e9riel, sur la Lys, o\u00f9 nos vaillants Chasseurs Ardennais s&#8217;illustr\u00e8rent d&#8217;ailleurs, permettant ainsi aux forces dites alli\u00e9es qui nous avait abandonn\u00e9es de rejoindre Dunkerque et sauvant la plus grande partie du corps exp\u00e9ditionnaire britannique. Ensuite, dans un gest\u00e9 d\u00e9sesp\u00e9r\u00e9, abandonn\u00e9 par ses Ministres, notre Roi L\u00e9opold III d\u00e9cida, \u00e0 juste titre, de mettre fin \u00e0 un combat in\u00e9gal, de ne pas fuir et de ne pas abandonner ses troupes, <strong>dans le seul but d&#8217;\u00e9viter le bain de sang qui mena\u00e7ait dans le r\u00e9duit de La Panne o\u00f9 quatre millions de civils circulaient. <\/strong><strong>En agissant cmme il l&#8217;a fait, il a incontestablement sauv\u00e9 des milliers de vies humaines innocentes. Que personne ne l&#8217;oublie &#8230;.. J&#8217;\u00e9tais parmi elles !<\/strong><\/p>\n<p><strong>J&#8217;AI FAIT UN REVE &#8230;<br \/>\nPLUS JAMAIS CELA !<\/strong><\/p>\n<p>Je ne reviendrai pas ici sur la guerre elle-m\u00eame, tout en rappelant cependant les privations, les massacres, les tueries immondes d&#8217;inNocents, femmes, enfants et vieillards, perp\u00e9tr\u00e9s de sang froid par des hordes sanguinaires, l&#8217;appt du gain, le profit \u00e9tant \u00e9rig\u00e9 en principe. Par contre, je me revois dans la clandesnit\u00e9, dans nos for\u00eats ardennaises, d\u00e9muni de tout, presque sans armes, mais poursuivant cependant le combat. Mais ce que l&#8217;on ne savait pas encore et qu&#8217;on allait bient\u00f4t d\u00e9couvrir, en mai 21945, c&#8217;\u00e9tait l&#8217;horreur des camps de concentrations nazis, leurs charniers et leurs chambres \u00e0 gaz de m\u00eame que les goulags de Sib\u00e9rie o\u00f9 tant d&#8217;innocents furent sacrifi\u00e9s par HITLER et STALINE et leurs s\u00e9ides.<\/p>\n<p>Une fois encore, je ne puis que r\u00e9p\u00e9t\u00e9 ce que mon p\u00e8re me disait en 1930 : PLUS <strong>JAMAIS<\/strong><strong> <\/strong><strong>CA<\/strong><strong> !<\/strong><\/p>\n<p>Et qu&#8217;a-t-on vu ? De multiples conflits locaux que des institutions telles que l&#8217;ONU sont dans l&#8217;incapacit\u00e9 d&#8217;\u00e9viter ou de r\u00e8gler. Une mis\u00e8re intense dans le Tiers-Monde.<br \/>\n<strong>On nous parlait d&#8217;humanisme, de d\u00e9mocratie et des Droits de l&#8217;Homme ! <\/strong><strong>Na\u00eefs que nous sommes, nous y avons cru un moment. Jamais la puissance de l&#8217;argent n&#8217;a \u00e9t\u00e9 aussi forte, celui-ci affirmant sa primaut\u00e9 dur l&#8217;Homm. <\/strong><strong>Un monde mat\u00e9rialiste s&#8217;est cr\u00e9\u00e9e.<\/p>\n<p>J&#8217;ai cependant fait un nouveau r\u00eave &#8230;.. <\/strong><strong>Celui qu&#8217;au moins cel\u00e0 change dans mon Pays, la Belgique, pour laquelle j&#8217;ai tant donn\u00e9. Illusion ou na\u00efvet\u00e9 peut-\u00eatre, mais volont\u00e9 quand m\u00eame. J&#8217;ai fait ce r\u00eave dont probablement, vu mon \u00e2ge, je ne verrai jamais la r\u00e9alisation mais au moins aurai-je peut-\u00eatre donn\u00e9 \u00e0 quelques uns l&#8217;espoir d&#8217;un monde meilleur.<\/p>\n<p>PLUS JAMAIS CA !<\/strong><\/p>\n<p>En cette veill\u00e9e du 11 novembre 2003, laquelle, en 1918, aurait d\u00fb \u00eatre celle de la PAIX d\u00e9fintive et universelle, j&#8217;ai fait ce r\u00eave &#8230;<\/p>\n<p><strong>Carlos VAN CAENEGHEM<\/strong><\/p>\n","protected":false},"excerpt":{"rendered":"<p>J&#8217;ai fait un r\u00eave&#8230; J&#8217;avais sept ans. Une soir\u00e9e grise de novembre 1930. Mon p\u00e8re, [&hellip;]<\/p>\n","protected":false},"author":2,"featured_media":0,"comment_status":"closed","ping_status":"open","sticky":false,"template":"","format":"standard","meta":{"ngg_post_thumbnail":0,"jetpack_post_was_ever_published":false,"_jetpack_newsletter_access":"","_jetpack_dont_email_post_to_subs":false,"_jetpack_newsletter_tier_id":0,"_jetpack_memberships_contains_paywalled_content":false,"powered_cache_disable_cache":false,"_jetpack_memberships_contains_paid_content":false,"footnotes":"","jetpack_publicize_message":"","jetpack_publicize_feature_enabled":true,"jetpack_social_post_already_shared":false,"jetpack_social_options":{"image_generator_settings":{"template":"highway","default_image_id":0,"font":"","enabled":false},"version":2}},"categories":[5],"tags":[],"class_list":["post-2196","post","type-post","status-publish","format-standard","hentry","category-opinions"],"jetpack_publicize_connections":[],"jetpack_featured_media_url":"","jetpack_sharing_enabled":true,"jetpack_shortlink":"https:\/\/wp.me\/p6Y7u0-zq","jetpack_likes_enabled":false,"_links":{"self":[{"href":"https:\/\/www.unionbelge.be\/index.php?rest_route=\/wp\/v2\/posts\/2196","targetHints":{"allow":["GET"]}}],"collection":[{"href":"https:\/\/www.unionbelge.be\/index.php?rest_route=\/wp\/v2\/posts"}],"about":[{"href":"https:\/\/www.unionbelge.be\/index.php?rest_route=\/wp\/v2\/types\/post"}],"author":[{"embeddable":true,"href":"https:\/\/www.unionbelge.be\/index.php?rest_route=\/wp\/v2\/users\/2"}],"replies":[{"embeddable":true,"href":"https:\/\/www.unionbelge.be\/index.php?rest_route=%2Fwp%2Fv2%2Fcomments&post=2196"}],"version-history":[{"count":1,"href":"https:\/\/www.unionbelge.be\/index.php?rest_route=\/wp\/v2\/posts\/2196\/revisions"}],"predecessor-version":[{"id":2197,"href":"https:\/\/www.unionbelge.be\/index.php?rest_route=\/wp\/v2\/posts\/2196\/revisions\/2197"}],"wp:attachment":[{"href":"https:\/\/www.unionbelge.be\/index.php?rest_route=%2Fwp%2Fv2%2Fmedia&parent=2196"}],"wp:term":[{"taxonomy":"category","embeddable":true,"href":"https:\/\/www.unionbelge.be\/index.php?rest_route=%2Fwp%2Fv2%2Fcategories&post=2196"},{"taxonomy":"post_tag","embeddable":true,"href":"https:\/\/www.unionbelge.be\/index.php?rest_route=%2Fwp%2Fv2%2Ftags&post=2196"}],"curies":[{"name":"wp","href":"https:\/\/api.w.org\/{rel}","templated":true}]}}