{"id":2116,"date":"2003-11-18T19:36:35","date_gmt":"2003-11-18T17:36:35","guid":{"rendered":"http:\/\/www.unionbelge.be\/?p=2116"},"modified":"2010-09-29T19:38:15","modified_gmt":"2010-09-29T17:38:15","slug":"nouveau-site-internet-nieuwe-internetsite","status":"publish","type":"post","link":"https:\/\/www.unionbelge.be\/?p=2116","title":{"rendered":"NOUVEAU SITE INTERNET &#8211; NIEUWE INTERNETSITE"},"content":{"rendered":"<p><strong>Comme vous le constatez, le B.U.B. a r\u00e9am\u00e9nag\u00e9 son site internet. Nous voulons donner un aper\u00e7u agr\u00e9able et compr\u00e9hensible de notre parti. Si vous avez encore des remarques, elles sont toujours les bienvenues.<\/strong><\/p>\n<p>Le B.U.B. est et reste un parti centriste pour l&#8217;union de la Belgique. Ceci est le noyau de notre programme auquel nous ne toucherons jamais. Le B.U.B. se pr\u00e9sentera lors des \u00e9lections r\u00e9gionales de l&#8217;ann\u00e9e prochaine dans une partie de la Belgique \u00e0 d\u00e9terminer ult\u00e9rieurement.<\/p>\n<p>Le 6 d\u00e9cembre (date encore modifiable), nous organiserons de nouveau une r\u00e9union nationale. Si vous voulez venir en tant que membre, veuillez nous contacter.<\/p>\n<p><strong>Zoals U ziet heeft de B.U.B. haar website in een nieuw kleedje gestoken. Wij willen u een aangenaam en overzichtelijk beeld geven van onze partij. Indien U opmerkingen zou hebben, zijn die uiteraard altijd welkom.<\/strong><\/p>\n<p>De B.U.B. is en blijft een centrumpartij voor de Belgische eenheid. Dat is de kern van ons programma waaraan we nooit zullen raken. De B.U.B. zal opkomen bij de regionale verkiezingen volgend jaar in een later te bepalen deel van Belgi\u00eb.<\/p>\n<p>Op 6 december (datum nog wijzigbaar) houden we terug een nationale vergadering. Indien u als lid wil komen, gelieve ons dan te contacteren.<\/p>\n","protected":false},"excerpt":{"rendered":"<p>Comme vous le constatez, le B.U.B. a r\u00e9am\u00e9nag\u00e9 son site internet. Nous voulons donner un [&hellip;]<\/p>\n","protected":false},"author":2,"featured_media":0,"comment_status":"closed","ping_status":"open","sticky":false,"template":"","format":"standard","meta":{"ngg_post_thumbnail":0,"jetpack_post_was_ever_published":false,"_jetpack_newsletter_access":"","_jetpack_dont_email_post_to_subs":false,"_jetpack_newsletter_tier_id":0,"_jetpack_memberships_contains_paywalled_content":false,"powered_cache_disable_cache":false,"_jetpack_memberships_contains_paid_content":false,"footnotes":"","jetpack_publicize_message":"","jetpack_publicize_feature_enabled":true,"jetpack_social_post_already_shared":false,"jetpack_social_options":{"image_generator_settings":{"template":"highway","default_image_id":0,"font":"","enabled":false},"version":2}},"categories":[1],"tags":[],"class_list":["post-2116","post","type-post","status-publish","format-standard","hentry","category-news0"],"jetpack_publicize_connections":[],"jetpack_featured_media_url":"","jetpack_sharing_enabled":true,"jetpack_shortlink":"https:\/\/wp.me\/p6Y7u0-y8","jetpack_likes_enabled":false,"_links":{"self":[{"href":"https:\/\/www.unionbelge.be\/index.php?rest_route=\/wp\/v2\/posts\/2116","targetHints":{"allow":["GET"]}}],"collection":[{"href":"https:\/\/www.unionbelge.be\/index.php?rest_route=\/wp\/v2\/posts"}],"about":[{"href":"https:\/\/www.unionbelge.be\/index.php?rest_route=\/wp\/v2\/types\/post"}],"author":[{"embeddable":true,"href":"https:\/\/www.unionbelge.be\/index.php?rest_route=\/wp\/v2\/users\/2"}],"replies":[{"embeddable":true,"href":"https:\/\/www.unionbelge.be\/index.php?rest_route=%2Fwp%2Fv2%2Fcomments&post=2116"}],"version-history":[{"count":1,"href":"https:\/\/www.unionbelge.be\/index.php?rest_route=\/wp\/v2\/posts\/2116\/revisions"}],"predecessor-version":[{"id":2117,"href":"https:\/\/www.unionbelge.be\/index.php?rest_route=\/wp\/v2\/posts\/2116\/revisions\/2117"}],"wp:attachment":[{"href":"https:\/\/www.unionbelge.be\/index.php?rest_route=%2Fwp%2Fv2%2Fmedia&parent=2116"}],"wp:term":[{"taxonomy":"category","embeddable":true,"href":"https:\/\/www.unionbelge.be\/index.php?rest_route=%2Fwp%2Fv2%2Fcategories&post=2116"},{"taxonomy":"post_tag","embeddable":true,"href":"https:\/\/www.unionbelge.be\/index.php?rest_route=%2Fwp%2Fv2%2Ftags&post=2116"}],"curies":[{"name":"wp","href":"https:\/\/api.w.org\/{rel}","templated":true}]}}