{"id":2095,"date":"2005-02-07T22:30:59","date_gmt":"2005-02-07T20:30:59","guid":{"rendered":"http:\/\/www.unionbelge.be\/?p=2095"},"modified":"2010-09-27T22:32:27","modified_gmt":"2010-09-27T20:32:27","slug":"de-b-u-b-klaagt-openbare-media-aan-le-b-u-b-accuse-les-medias-publics","status":"publish","type":"post","link":"https:\/\/www.unionbelge.be\/?p=2095","title":{"rendered":"De B.U.B. klaagt openbare media aan &#8211; Le B.U.B. accuse les m\u00e9dias publics"},"content":{"rendered":"<table border=\"0\" cellpadding=\"0\" width=\"100%\">\n<tbody>\n<tr>\n<td><strong> <\/strong><\/p>\n<p><strong> <\/strong><\/p>\n<p><strong>De B.U.B. klaagt openbare media   aan<\/strong><\/td>\n<\/tr>\n<tr>\n<td>Zowel de VRT als de   RTBF maken zich schuldig aan het discrimineren van de grote minderheid van   unitaristische en unie-federalistische Belgen, namelijk die Belgen die   voorstander zijn van m\u00e9\u00e9r nationale eenheid, de eerste groep in de vorm van   een unitair Belgi\u00eb en de tweede in de vorm van een federaal Belgi\u00eb met m\u00e9\u00e9r bevoegdheden   voor het Belgische niveau.<\/p>\n<p>De openbare omroepen   spreken wel veel over de non-discriminatie in de media van vrouwen en   vreemdelingen, maar vergeten 40% van de Belgische bevolking (K.U.L.-studie   van 1999), om nog maar te zwijgen van de 90% Belgen die tegen de splitsing   van Belgi\u00eb zijn (opiniepeiling van het Nieuwsblad en Le Soir van eind 2004).   Hiermee schenden de VRT en de RTBF hun eigen omroepdecreten.<\/p>\n<p>Daarom lanceert de   B.U.B. de nodige gerechtelijke procedures tegen deze twee openbare omroepen   met het doel een minimale zendtijd te verkrijgen in het voordeel van de   mening van de unitaristen en unie-federalisten.<\/p>\n<p><strong>Le B.U.B. accuse les m\u00e9dias publics<\/strong><\/p>\n<p>Tant la RTBF que la VRT   se rendent coupables de discrimination vis-\u00e0-vis de la grande minorit\u00e9 de   Belges unitaristes et f\u00e9d\u00e9ralistes d\u2019union, c\u2019 est-\u00e0-dire ces Belges qui   souhaitent plus d\u2019unit\u00e9 nationale, le premier groupe voulant une Belgique   unitaire et le deuxi\u00e8me groupe une Belgique f\u00e9d\u00e9rale avec davantage de   comp\u00e9tences pour le niveau belge.<\/p>\n<p>Les m\u00e9dias publics   parlent beaucoup de la non-discrimination des femmes et des \u00e9trangers dans   les m\u00e9dias, mais oublient 40% de la population belge (\u00e9tude de la K.U.L. de   1999), sans mentionner les 90% des Belges qui sont contre la scission de la   Belgique (sondage du Soir et du Nieuwsblad de fin 2004). Ce comportement de   la RTBF et de la VRT est contraire \u00e0 leurs propres d\u00e9crets.<\/p>\n<p>Voil\u00e0 pourquoi, le   B.U.B. lance les proc\u00e9dures judiciaires n\u00e9cessaires contre ces deux m\u00e9dias   dans le but d\u2019obtenir un temps d\u2019antenne minimal au profit de l\u2019opinion des   unitaristes et des f\u00e9d\u00e9ralistes d\u2019union.<\/td>\n<\/tr>\n<\/tbody>\n<\/table>\n","protected":false},"excerpt":{"rendered":"<p>De B.U.B. klaagt openbare media aan Zowel de VRT als de RTBF maken zich schuldig [&hellip;]<\/p>\n","protected":false},"author":2,"featured_media":0,"comment_status":"closed","ping_status":"open","sticky":false,"template":"","format":"standard","meta":{"ngg_post_thumbnail":0,"jetpack_post_was_ever_published":false,"_jetpack_newsletter_access":"","_jetpack_dont_email_post_to_subs":false,"_jetpack_newsletter_tier_id":0,"_jetpack_memberships_contains_paywalled_content":false,"powered_cache_disable_cache":false,"_jetpack_memberships_contains_paid_content":false,"footnotes":"","jetpack_publicize_message":"","jetpack_publicize_feature_enabled":true,"jetpack_social_post_already_shared":false,"jetpack_social_options":{"image_generator_settings":{"template":"highway","default_image_id":0,"font":"","enabled":false},"version":2}},"categories":[1],"tags":[],"class_list":["post-2095","post","type-post","status-publish","format-standard","hentry","category-news0"],"jetpack_publicize_connections":[],"jetpack_featured_media_url":"","jetpack_sharing_enabled":true,"jetpack_shortlink":"https:\/\/wp.me\/p6Y7u0-xN","jetpack_likes_enabled":false,"_links":{"self":[{"href":"https:\/\/www.unionbelge.be\/index.php?rest_route=\/wp\/v2\/posts\/2095","targetHints":{"allow":["GET"]}}],"collection":[{"href":"https:\/\/www.unionbelge.be\/index.php?rest_route=\/wp\/v2\/posts"}],"about":[{"href":"https:\/\/www.unionbelge.be\/index.php?rest_route=\/wp\/v2\/types\/post"}],"author":[{"embeddable":true,"href":"https:\/\/www.unionbelge.be\/index.php?rest_route=\/wp\/v2\/users\/2"}],"replies":[{"embeddable":true,"href":"https:\/\/www.unionbelge.be\/index.php?rest_route=%2Fwp%2Fv2%2Fcomments&post=2095"}],"version-history":[{"count":1,"href":"https:\/\/www.unionbelge.be\/index.php?rest_route=\/wp\/v2\/posts\/2095\/revisions"}],"predecessor-version":[{"id":2096,"href":"https:\/\/www.unionbelge.be\/index.php?rest_route=\/wp\/v2\/posts\/2095\/revisions\/2096"}],"wp:attachment":[{"href":"https:\/\/www.unionbelge.be\/index.php?rest_route=%2Fwp%2Fv2%2Fmedia&parent=2095"}],"wp:term":[{"taxonomy":"category","embeddable":true,"href":"https:\/\/www.unionbelge.be\/index.php?rest_route=%2Fwp%2Fv2%2Fcategories&post=2095"},{"taxonomy":"post_tag","embeddable":true,"href":"https:\/\/www.unionbelge.be\/index.php?rest_route=%2Fwp%2Fv2%2Ftags&post=2095"}],"curies":[{"name":"wp","href":"https:\/\/api.w.org\/{rel}","templated":true}]}}