{"id":2073,"date":"2005-12-07T22:06:22","date_gmt":"2005-12-07T20:06:22","guid":{"rendered":"http:\/\/www.unionbelge.be\/?p=2073"},"modified":"2010-09-27T22:08:24","modified_gmt":"2010-09-27T20:08:24","slug":"verplichte-taallessen-zijn-hypocriet-des-cours-de-langue-obligatoires-sont-hypocrites","status":"publish","type":"post","link":"https:\/\/www.unionbelge.be\/?p=2073","title":{"rendered":"VERPLICHTE TAALLESSEN ZIJN HYPOCRIET &#8211; DES COURS DE LANGUE OBLIGATOIRES SONT HYPOCRITES"},"content":{"rendered":"<table border=\"0\" cellpadding=\"0\" width=\"100%\">\n<tbody>\n<tr>\n<td><\/td>\n<\/tr>\n<tr>\n<td valign=\"top\"><strong>VERPLICHTE   TAALLESSEN ZIJN HYPOCRIET<\/strong><\/p>\n<p><strong>De Vlaamse regering wil   kandidaten voor een sociale woning verplichten een Nederlandse taalcursus te   volgen. Dit is een serieuze afzwakking van het eerste voorstel dat inhield   dat alle kandidaten voor een sociale woning Nederlands moesten kennen. <\/strong><\/p>\n<p>Laten   we hopen dat de intentie achter dit initiatief niet racistisch is, maar dat   de Vlaamse regering de Belgen echt wil dichterbij brengen. Maar laten we deze   twijfel even in het midden. Uiteraard is niemand tegen een goede talenkennis   van de Belgen. Zoveel mogelijk landgenoten, en vooral zij die verantwoordelijkheidsfuncties   bekleden, zouden de andere grote landstaal (Nederlands of Frans naar het   geval) machtig moeten zijn, van de politieman in Antwerpen tot de   vrederechter in Aarlen. Wat wel hypocriet is in dit voorstel van de Vlaamse   regering is dat er decennialang niet veel is gedaan aan het onderwijs van het   Frans in de Nederlandstalige scholen, dat nog veel te wensen overlaat. Idem   voor het onderwijs van het Nederlands in Franstalig Belgi\u00eb. Het is dus tijd   om op nationaal of intra-communautair vlak eens te denken aan serieuze   taalprogramma\u2019s met uitwisseling van leerlingen en leerkrachten over de   taalgrens heen. De B.U.B. stelt dit reeds voor sinds haar oprichting in 2002.   Door een goede taalkennis van de Belgen zou men al veel communautaire ruzies   (die zich steeds op politiek vlak situeren) kunnen vermijden.<\/p>\n<p>Zelfs de   Vlaamse regering schijnt het belang van talenkennis nu eindelijk in te zien.   Dat ze die filosofie dan ook eens in het onderwijs toepast. Of is die   individuele tweetaligheid een stap te ver voor de Vlaams- en   Waals-nationalisten, die slechts 10% van de bevolking vertegenwoordigen   volgens de professionele opiniepeilingen?<\/p>\n<p><strong>DES COURS DE LANGUE   OBLIGATOIRES SONT HYPOCRITES<\/strong><\/p>\n<p><strong>Le gouvernement flamand veut obliger les candidats \u00e0 un logement   social \u00e0 suivre un cours de N\u00e9erlandais. Cette proposition est une version   tr\u00e8s all\u00e9g\u00e9e de la proposition initiale qui obligeait tous les candidats \u00e0 un   logement social \u00e0 conna\u00eetre le N\u00e9erlandais. <\/strong><\/p>\n<p>Esp\u00e9rons que les intentions   derri\u00e8re cette initiative ne sont pas racistes, mais que le gouvernement   flamand entend vraiment rapprocher les Belges. Mais mettons ce doute un peu   de c\u00f4t\u00e9. Il est \u00e9vident que personne n&#8217;est contre une bonne connaissance linguistique   des Belges. Le plus de citoyens possibles, et surtout ceux qui occupent des   fonctions de responsabilit\u00e9, devraient ma\u00eetriser l&#8217;autre grande langue   nationale (le N\u00e9erlandais ou le Fran\u00e7ais, selon le cas). Cela vaut pour le   juge de paix d&#8217;Arlon, mais aussi pour le policier d&#8217;Anvers. Ce qui est tout   de m\u00eame hypocrite dans cette proposition du gouvernement flamand, c&#8217;est que   pendant des d\u00e9cennies, on n&#8217;a pas fait grand chose pour am\u00e9liorer   l&#8217;apprentissage du Fran\u00e7ais dans les \u00e9coles n\u00e9erlandophones. La connaissance   du Fran\u00e7ais laisse en effet \u00e0 d\u00e9sirer chez les jeunes N\u00e9erlandophones. Il en va de m\u00eame pour   l&#8217;enseignement du N\u00e9erlandais en Belgique francophone. Par cons\u00e9quent, il est   temps de penser au niveau national ou intra-communautaire \u00e0 des programmes   linguistiques s\u00e9rieux avec un \u00e9change d&#8217;\u00e9l\u00e8ves et de professeurs au-del\u00e0 de   la fronti\u00e8re linguistique. Le B.U.B. le propose d\u00e9j\u00e0 depuis   sa naissance en 2002. Par une bonne connaissance des langues chez les Belges,   l&#8217;on pourrait d\u00e9j\u00e0 \u00e9viter bon nombre de disputes communautaires, qui se   situent toujours au niveau politique.<\/p>\n<p>M\u00eame le gouvernement flamand semble   avoir compris enfin l&#8217;int\u00e9r\u00eat d&#8217;une bonne connaissance linguistique. Qu&#8217;elle   applique cette philosophie donc aussi dans l&#8217;enseignement. Ou est-ce que le   bilinguisme individuel constitue un pas de trop aux yeux des nationalistes   flamands et wallons, qui ne repr\u00e9sentent que 10% de la population selon les   sondages<\/td>\n<\/tr>\n<\/tbody>\n<\/table>\n","protected":false},"excerpt":{"rendered":"<p>VERPLICHTE TAALLESSEN ZIJN HYPOCRIET De Vlaamse regering wil kandidaten voor een sociale woning verplichten een [&hellip;]<\/p>\n","protected":false},"author":2,"featured_media":0,"comment_status":"closed","ping_status":"open","sticky":false,"template":"","format":"standard","meta":{"ngg_post_thumbnail":0,"jetpack_post_was_ever_published":false,"_jetpack_newsletter_access":"","_jetpack_dont_email_post_to_subs":false,"_jetpack_newsletter_tier_id":0,"_jetpack_memberships_contains_paywalled_content":false,"powered_cache_disable_cache":false,"_jetpack_memberships_contains_paid_content":false,"footnotes":"","jetpack_publicize_message":"","jetpack_publicize_feature_enabled":true,"jetpack_social_post_already_shared":false,"jetpack_social_options":{"image_generator_settings":{"template":"highway","default_image_id":0,"font":"","enabled":false},"version":2}},"categories":[1],"tags":[],"class_list":["post-2073","post","type-post","status-publish","format-standard","hentry","category-news0"],"jetpack_publicize_connections":[],"jetpack_featured_media_url":"","jetpack_sharing_enabled":true,"jetpack_shortlink":"https:\/\/wp.me\/p6Y7u0-xr","jetpack_likes_enabled":false,"_links":{"self":[{"href":"https:\/\/www.unionbelge.be\/index.php?rest_route=\/wp\/v2\/posts\/2073","targetHints":{"allow":["GET"]}}],"collection":[{"href":"https:\/\/www.unionbelge.be\/index.php?rest_route=\/wp\/v2\/posts"}],"about":[{"href":"https:\/\/www.unionbelge.be\/index.php?rest_route=\/wp\/v2\/types\/post"}],"author":[{"embeddable":true,"href":"https:\/\/www.unionbelge.be\/index.php?rest_route=\/wp\/v2\/users\/2"}],"replies":[{"embeddable":true,"href":"https:\/\/www.unionbelge.be\/index.php?rest_route=%2Fwp%2Fv2%2Fcomments&post=2073"}],"version-history":[{"count":2,"href":"https:\/\/www.unionbelge.be\/index.php?rest_route=\/wp\/v2\/posts\/2073\/revisions"}],"predecessor-version":[{"id":2075,"href":"https:\/\/www.unionbelge.be\/index.php?rest_route=\/wp\/v2\/posts\/2073\/revisions\/2075"}],"wp:attachment":[{"href":"https:\/\/www.unionbelge.be\/index.php?rest_route=%2Fwp%2Fv2%2Fmedia&parent=2073"}],"wp:term":[{"taxonomy":"category","embeddable":true,"href":"https:\/\/www.unionbelge.be\/index.php?rest_route=%2Fwp%2Fv2%2Fcategories&post=2073"},{"taxonomy":"post_tag","embeddable":true,"href":"https:\/\/www.unionbelge.be\/index.php?rest_route=%2Fwp%2Fv2%2Ftags&post=2073"}],"curies":[{"name":"wp","href":"https:\/\/api.w.org\/{rel}","templated":true}]}}