{"id":2067,"date":"2005-02-24T21:58:51","date_gmt":"2005-02-24T19:58:51","guid":{"rendered":"http:\/\/www.unionbelge.be\/?p=2067"},"modified":"2014-01-10T18:04:29","modified_gmt":"2014-01-10T16:04:29","slug":"les-friteries-belges-font-partie-du-patrimoine-culturel-national-belgische-frietkoten-zijn-nationaal-cultureel-erfgoed","status":"publish","type":"post","link":"https:\/\/www.unionbelge.be\/?p=2067","title":{"rendered":"Les friteries Belges font partie du patrimoine culturel national-Belgische frietkoten zijn nationaal cultureel erfgoed"},"content":{"rendered":"<p><span style=\"text-decoration: underline;\">Les friteries Belges font partie du patrimoine culturel national<\/span><\/p>\n<p>Au moment o\u00f9 le Royaume de Belgique f\u00eate ses 175 ans et comm\u00e9more la catastrophe de 25 ans de f\u00e9d\u00e9ralisme, les fritkotes sont de nouveau dans l\u2019actualit\u00e9. Les frites font partie de l\u2019esprit populaire belge. Tous les Belges les aiment, mais de nos jours avec mod\u00e9ration en raison des di\u00e8tes et des r\u00e9gimes impos\u00e9s ou volontaires. H\u00e9las, les friteries ont presque compl\u00e8tement d\u00e9sert\u00e9 les lieux publics, mais font toujours partie int\u00e9grale de l\u2019histoire et de la culture belges. Elles illustrent la chaleur et la joie de vivre bourguignonne des Belges et donnent de la lumi\u00e8re \u00e0 une journ\u00e9e grise et pluvieuse.<\/p>\n<p>Vu l\u2019int\u00e9r\u00eat national des friteries belges, le B.U.B. lance un appel au gouvernement belge de prot\u00e9ger les friteries comme patrimoine culturel national. Ainsi, elles pourront peut-\u00eatre plus tard \u00eatre prot\u00e9g\u00e9es comme patrimoine culturel mondial !<\/p>\n<p><span style=\"text-decoration: underline;\">Belgische frietkoten zijn nationaal cultureel erfgoed<\/span><\/p>\n<p>Op het moment dat het Koninkrijk Belgi\u00eb zijn 175 jaar bestaan viert en de ramp van 25 jaar federalisme herdenkt, komen de frietkoten weer in volle belangstelling. Frieten maken deel uit van de Belgische volksgeest. Alle Belgen houden ervan, maar tegenwoordig met mate gezien de opgelegde of vrijwillige di\u00ebten en regimes. De frietkoten zijn helaas bijna volledig uit het straatbeeld verdwenen, maar maken nog altijd deel uit van de Belgische geschiedenis en cultuur. Ze stralen de warmte en de Bourgondische levenslust van de Belgen uit en geven licht aan grijze en regenachtige dagen.<\/p>\n<p>Gelet op het nationaal belang van de Belgische frietkoten roept de B.U.B. de Belgische regering dan ook op om de frietkoten te beschermen als nationaal erfgoed. Misschien kunnen ze zo later wel beschermd worden als werelderfgoed !<\/p>\n<table style=\"height: 517px;\" width=\"391\" border=\"0\" cellpadding=\"0\">\n<tbody>\n<tr>\n<td><\/td>\n<\/tr>\n<tr>\n<td valign=\"top\"><\/td>\n<\/tr>\n<\/tbody>\n<\/table>\n","protected":false},"excerpt":{"rendered":"<p>Les friteries Belges font partie du patrimoine culturel national Au moment o\u00f9 le Royaume de [&hellip;]<\/p>\n","protected":false},"author":2,"featured_media":0,"comment_status":"closed","ping_status":"open","sticky":false,"template":"","format":"standard","meta":{"ngg_post_thumbnail":0,"jetpack_post_was_ever_published":false,"_jetpack_newsletter_access":"","_jetpack_dont_email_post_to_subs":false,"_jetpack_newsletter_tier_id":0,"_jetpack_memberships_contains_paywalled_content":false,"powered_cache_disable_cache":false,"_jetpack_memberships_contains_paid_content":false,"footnotes":"","jetpack_publicize_message":"","jetpack_publicize_feature_enabled":true,"jetpack_social_post_already_shared":false,"jetpack_social_options":{"image_generator_settings":{"template":"highway","default_image_id":0,"font":"","enabled":false},"version":2}},"categories":[1],"tags":[],"class_list":["post-2067","post","type-post","status-publish","format-standard","hentry","category-news0"],"jetpack_publicize_connections":[],"jetpack_featured_media_url":"","jetpack_sharing_enabled":true,"jetpack_shortlink":"https:\/\/wp.me\/p6Y7u0-xl","jetpack_likes_enabled":false,"_links":{"self":[{"href":"https:\/\/www.unionbelge.be\/index.php?rest_route=\/wp\/v2\/posts\/2067","targetHints":{"allow":["GET"]}}],"collection":[{"href":"https:\/\/www.unionbelge.be\/index.php?rest_route=\/wp\/v2\/posts"}],"about":[{"href":"https:\/\/www.unionbelge.be\/index.php?rest_route=\/wp\/v2\/types\/post"}],"author":[{"embeddable":true,"href":"https:\/\/www.unionbelge.be\/index.php?rest_route=\/wp\/v2\/users\/2"}],"replies":[{"embeddable":true,"href":"https:\/\/www.unionbelge.be\/index.php?rest_route=%2Fwp%2Fv2%2Fcomments&post=2067"}],"version-history":[{"count":4,"href":"https:\/\/www.unionbelge.be\/index.php?rest_route=\/wp\/v2\/posts\/2067\/revisions"}],"predecessor-version":[{"id":2069,"href":"https:\/\/www.unionbelge.be\/index.php?rest_route=\/wp\/v2\/posts\/2067\/revisions\/2069"}],"wp:attachment":[{"href":"https:\/\/www.unionbelge.be\/index.php?rest_route=%2Fwp%2Fv2%2Fmedia&parent=2067"}],"wp:term":[{"taxonomy":"category","embeddable":true,"href":"https:\/\/www.unionbelge.be\/index.php?rest_route=%2Fwp%2Fv2%2Fcategories&post=2067"},{"taxonomy":"post_tag","embeddable":true,"href":"https:\/\/www.unionbelge.be\/index.php?rest_route=%2Fwp%2Fv2%2Ftags&post=2067"}],"curies":[{"name":"wp","href":"https:\/\/api.w.org\/{rel}","templated":true}]}}