{"id":2056,"date":"2006-01-29T20:56:14","date_gmt":"2006-01-29T18:56:14","guid":{"rendered":"http:\/\/www.unionbelge.be\/?p=2056"},"modified":"2010-09-27T20:58:14","modified_gmt":"2010-09-27T18:58:14","slug":"regionalisering-milieu-catastrofe-la-regionalisation-de-l%e2%80%99environnement-est-une-catastrophe","status":"publish","type":"post","link":"https:\/\/www.unionbelge.be\/?p=2056","title":{"rendered":"REGIONALISERING MILIEU IS CATASTROFE  &#8211; LA REGIONALISATION DE L\u2019ENVIRONNEMENT EST UNE CATASTROPHE"},"content":{"rendered":"<p><strong>REGIONALISERING MILIEU IS CATASTROFE <\/strong><\/p>\n<p>Belgi\u00eb is het meest vervuilde land van Europa. Dat blijkt uit een onderzoek van gerenommeerde Amerikaanse universiteiten die 134 landen met elkaar vergeleken op het vlak van een twintigtal milieu-indicatoren. Waterkwaliteit, luchtkwaliteit, biodiversiteit,&#8230; Telkens wordt Belgi\u00eb voorafgegaan door zowat alle Europese landen, maar ook door een heleboel zogenaamde ontwikkelingslanden.<\/p>\n<p>Dat konden we enkele dagen geleden in de kranten lezen. In tegenstelling tot wat gewoonlijk gebeurt, werd hier geen communautair debat over gevoerd. Het kon ook moeilijk anders aangezien de politici die het liefst communautaire debatten voeren, zelf aansprakelijk zijn voor deze desastreuze situatie. Niet alleen hebben ze niet begrepen dat milieuzorg belangrijk is in een zeer dicht bevolkt land als Belgi\u00eb, maar bovendien hebben ze door de ingewikkelde regionalisering van het Belgisch milieu deze problematiek zelf mee tot stand gebracht.<\/p>\n<p>In 1980 werd het milieu immers verdeeld over de drie gewesten in het kader van \u00e9\u00e9n of andere typische ruilhandel onder het motto \u201cdo ut des\u201d zonder enige strategie of vooruitziendheid. Men dacht toen waarschijnlijk dat taalgrenzen ook milieugrenzen konden zijn\u2026 De \u201cVlamingen\u201d en \u201cWalen\u201d gingen het uiteraard beter doen dan de Belgische overheid het deed.<\/p>\n<p>Als we even sarcastisch mogen zijn, blijkt dat nog te kloppen ook: het Belgisch milieu is er sindsdien stelselmatig op achteruit gegaan. Internationale wetenschappelijke milieurapporten van het eind van de jaren \u201990 hadden Belgi\u00eb ook al aangeduid als een zeer vervuild land. Nu is het reeds het meest vervuilde van Europa. Na 25 jaar splitsing van milieu valt er dus niets te feesten.<\/p>\n<p>Toch blijven de federalistische, confederalistische en separatistische politici maar koppig volhouden in de boosheid met goedkope slogans als: \u201cDe regionalisering is goed voor u\u201d of \u201cMen kan de klok niet meer terugdraaien\u201d of nog \u201cHet is een noodzakelijke evolutie\u201d of voor de slechthorenden: \u201cHet moet\u201d.<\/p>\n<p>Voor de B.U.B. moet maar \u00e9\u00e9n ding en dat is goed bestuur van het land. Vandaar ons niet aflatend pleidooi voor unitarisme met provinciale decentralisatie en taalgemeenschappen. Dan zijn alle Belgen tevreden en kunnen we eindelijk een geco\u00f6rdineerd Belgisch en Europees beleid voeren om ons milieu te redden.<\/p>\n<p><strong>LA REGIONALISATION DE L\u2019ENVIRONNEMENT EST UNE CATASTROPHE<\/strong><\/p>\n<p>La Belgique constitue le pays le plus pollu\u00e9 de l\u2019Europe. Ce constat ressort d\u2019une \u00e9tude men\u00e9e par des universit\u00e9s am\u00e9ricaines renomm\u00e9es qui ont compar\u00e9 134 pays sur le plan d\u2019une vingtaine d\u2019indicateurs environnementaux. La qualit\u00e9 de l\u2019eau, la qualit\u00e9 de l\u2019air, la biodiversit\u00e9,&#8230; A chaque fois, la Belgique est pr\u00e9c\u00e9d\u00e9e par pratiquement tous les pays europ\u00e9ens, mais \u00e9galement par une s\u00e9rie de pays soit-disant en voie de d\u00e9veloppement.<\/p>\n<p>On pouvait le lire dans les journaux il y a quelques jours. Contrairement \u00e0 ce qui se passe d\u2019habitude, aucun d\u00e9bat communautaire n\u2019a \u00e9t\u00e9 men\u00e9e l\u00e0-dessus. Cela s\u2019explique ais\u00e9ment car les politiciens qui pr\u00e9f\u00e8rent mener des d\u00e9bats communautaires sont eux-m\u00eames responsables de cette situation d\u00e9sastreuse. Non seulement, ils n\u2019ont pas compris que la politique d\u2019environnement est primordiale dans un pays si dens\u00e9ment peupl\u00e9 comme la Belgique, mais en outre, ils ont contribu\u00e9 eux-m\u00eames \u00e0 cr\u00e9er cette probl\u00e9matique par la r\u00e9gionalisation compliqu\u00e9e de l\u2019environnement belge.<\/p>\n<p>En 1980, l\u2019environnement a en effet \u00e9t\u00e9 r\u00e9parti sur les trois r\u00e9gions dans le cadre de l\u2019un ou l\u2019autre troc typique sous la devise \u00ab do ut des \u00bb sans aucune strat\u00e9gie ou pr\u00e9voyance. On pensait sans doute \u00e0 l\u2019\u00e9poque que les fronti\u00e8res linguistiques pouvaient aussi constituer des fronti\u00e8res environnementales&#8230; Les \u00ab Flamands \u00bb et les \u00ab Wallons \u00bb allaient mieux s\u2019en occuper que l\u2019autorit\u00e9 belge.<\/p>\n<p>Si l\u2019on peut se permettre un grain de sarcasme, cette all\u00e9gation est correcte : l\u2019environnement belge s\u2019est syst\u00e9matiquement d\u00e9terior\u00e9 depuis lors. Des rapports scientifiques internationaux de la fin des ann\u00e9es \u201990 avaient d\u00e9j\u00e0 fustig\u00e9 la Belgique comme \u00e9tant un pays tr\u00e8s pollu\u00e9. Maintenant, elle constitue d\u00e9j\u00e0 la nation la plus pollu\u00e9e d\u2019Europe. Apr\u00e8s 25 ans de scission de l\u2019environnement, on n\u2019a donc aucune raison de f\u00eater.<\/p>\n<p>Malgr\u00e9 tout, les politiciens f\u00e9d\u00e9ralistes, conf\u00e9d\u00e9ralistes et s\u00e9paratistes continuent \u00e0 pers\u00e9v\u00e9rer dans le mal en brandissant des slogans gratuits comme : \u00ab La r\u00e9gionalisation est une bonne chose pour vous \u00bb ou \u00ab On ne peut revenir en arri\u00e8re \u00bb ou encore \u00ab Il s\u2019agit d\u2019une \u00e9volution n\u00e9cessaire \u00bb ou pour les malentendants : \u00ab Il faut \u00bb.<\/p>\n<p>Pour le B.U.B., il ne faut qu\u2019une seule chose: une bonne gestion du pays. Voil\u00e0 pourquoi nous ne cessons de plaider pour l\u2019unitarisme avec d\u00e9centralisation provinciale et des communaut\u00e9s linguistiques. Ainsi, l\u2019on pourra contenter tous les Belges et nous pourrons enfin mener une politique coordonn\u00e9e au niveau belge et europ\u00e9en afin de sauver notre environnement.<\/p>\n","protected":false},"excerpt":{"rendered":"<p>REGIONALISERING MILIEU IS CATASTROFE Belgi\u00eb is het meest vervuilde land van Europa. Dat blijkt uit [&hellip;]<\/p>\n","protected":false},"author":2,"featured_media":0,"comment_status":"closed","ping_status":"open","sticky":false,"template":"","format":"standard","meta":{"ngg_post_thumbnail":0,"jetpack_post_was_ever_published":false,"_jetpack_newsletter_access":"","_jetpack_dont_email_post_to_subs":false,"_jetpack_newsletter_tier_id":0,"_jetpack_memberships_contains_paywalled_content":false,"powered_cache_disable_cache":false,"_jetpack_memberships_contains_paid_content":false,"footnotes":"","jetpack_publicize_message":"","jetpack_publicize_feature_enabled":true,"jetpack_social_post_already_shared":false,"jetpack_social_options":{"image_generator_settings":{"template":"highway","default_image_id":0,"font":"","enabled":false},"version":2}},"categories":[1],"tags":[],"class_list":["post-2056","post","type-post","status-publish","format-standard","hentry","category-news0"],"jetpack_publicize_connections":[],"jetpack_featured_media_url":"","jetpack_sharing_enabled":true,"jetpack_shortlink":"https:\/\/wp.me\/p6Y7u0-xa","jetpack_likes_enabled":false,"_links":{"self":[{"href":"https:\/\/www.unionbelge.be\/index.php?rest_route=\/wp\/v2\/posts\/2056","targetHints":{"allow":["GET"]}}],"collection":[{"href":"https:\/\/www.unionbelge.be\/index.php?rest_route=\/wp\/v2\/posts"}],"about":[{"href":"https:\/\/www.unionbelge.be\/index.php?rest_route=\/wp\/v2\/types\/post"}],"author":[{"embeddable":true,"href":"https:\/\/www.unionbelge.be\/index.php?rest_route=\/wp\/v2\/users\/2"}],"replies":[{"embeddable":true,"href":"https:\/\/www.unionbelge.be\/index.php?rest_route=%2Fwp%2Fv2%2Fcomments&post=2056"}],"version-history":[{"count":2,"href":"https:\/\/www.unionbelge.be\/index.php?rest_route=\/wp\/v2\/posts\/2056\/revisions"}],"predecessor-version":[{"id":2058,"href":"https:\/\/www.unionbelge.be\/index.php?rest_route=\/wp\/v2\/posts\/2056\/revisions\/2058"}],"wp:attachment":[{"href":"https:\/\/www.unionbelge.be\/index.php?rest_route=%2Fwp%2Fv2%2Fmedia&parent=2056"}],"wp:term":[{"taxonomy":"category","embeddable":true,"href":"https:\/\/www.unionbelge.be\/index.php?rest_route=%2Fwp%2Fv2%2Fcategories&post=2056"},{"taxonomy":"post_tag","embeddable":true,"href":"https:\/\/www.unionbelge.be\/index.php?rest_route=%2Fwp%2Fv2%2Ftags&post=2056"}],"curies":[{"name":"wp","href":"https:\/\/api.w.org\/{rel}","templated":true}]}}