{"id":2045,"date":"2006-01-26T19:09:18","date_gmt":"2006-01-26T17:09:18","guid":{"rendered":"http:\/\/www.unionbelge.be\/?p=2045"},"modified":"2010-09-27T19:10:21","modified_gmt":"2010-09-27T17:10:21","slug":"vrij-verkeer-van-ideen-libre-circulation-des-idees","status":"publish","type":"post","link":"https:\/\/www.unionbelge.be\/?p=2045","title":{"rendered":"VRIJ VERKEER VAN IDEEN &#8211; LIBRE CIRCULATION DES IDEES"},"content":{"rendered":"<p><strong>VRIJ VERKEER VAN IDEEEN<\/strong><\/p>\n<p><strong>Februari is een belangrijke maand voor de B.U.B.. In deze maand start immers het proces van de partij tegen de openbare media VRT en RTBF. Het gaat om de vraag of Belgi\u00eb een echte democratie is met vrij verkeer van idee\u00ebn. Want waarom zouden idee\u00ebn minder moeten beschermd worden dan goederen of diensten?<\/strong><\/p>\n<p>De vraag die de rechtbank zal beantwoorden, is of de Belgisch-gezinden eindelijk eens mediatoegang mogen krijgen gelet op hun groot aantal (aangetoond door opiniepeilingen) en hun systematische discriminatie door de openbare media. De vraag is ook of nieuwe partijen ook eens mogen meespelen in het grote politieke spel. Waarom niet? Welke democraat kan tegen nieuwe idee\u00ebn, nieuwe politici en nieuwe partijen zijn?<\/p>\n<p>Het zou de Belgische democratie alleen maar verrijken en ons definitief van de separatistische evolutie kunnen verlossen. Waar wachten we op om van Belgi\u00eb echt een vrije idee\u00ebnmarkt te maken?<\/p>\n<p><strong>LIBRE CIRCULATION DES IDEES<\/strong><\/p>\n<p><strong>Le mois de f\u00e9vrier sera un mois important pour le B.U.B.. Dans ce mois, en effet, le proc\u00e8s du parti contre les m\u00e9dias publics RTBF et VRT d\u00e9marre. Il s&#8217;agit de la question de savoir si la Belgique constitue une v\u00e9ritabled\u00e9mocratie o\u00f9 r\u00e8gne une libre circulation des id\u00e9es. Pourquoi les id\u00e9es devraient-elles \u00eatre moins prot\u00e9g\u00e9es que les biens ou les services?<\/strong><\/p>\n<p>La question \u00e0 laquelle le tribunal r\u00e9pondra, est celle de savoir si les Belges de c\u0153ur peuvent enfin b\u00e9n\u00e9ficier d&#8217;un acc\u00e8s aux m\u00e9dias vu leur nombre \u00e9lev\u00e9 (d\u00e9montr\u00e9 par des sondages) et leur discrimination syst\u00e9matique par les m\u00e9dias publics. La question est aussi de savoir si les nouveaux partis politiques peuvent enfin jouer leur r\u00f4le dans la cour des grands.<\/p>\n<p>Pourquoi pas? Quel d\u00e9mocrate peut-il \u00eatre oppos\u00e9 \u00e0 de nouvelles id\u00e9es, de nouveaux politiciens et de nouveaux partis? Cela ne ferait qu&#8217;enrichir la d\u00e9mocratie belge et nous lib\u00e9rera d\u00e9finitivement de l&#8217;\u00e9volution s\u00e9paratiste. Qu&#8217;est-ce que nous attendons pour faire de la Belgique un v\u00e9ritable libre march\u00e9 d&#8217;id\u00e9es?<\/p>\n","protected":false},"excerpt":{"rendered":"<p>VRIJ VERKEER VAN IDEEEN Februari is een belangrijke maand voor de B.U.B.. In deze maand [&hellip;]<\/p>\n","protected":false},"author":2,"featured_media":0,"comment_status":"closed","ping_status":"open","sticky":false,"template":"","format":"standard","meta":{"ngg_post_thumbnail":0,"jetpack_post_was_ever_published":false,"_jetpack_newsletter_access":"","_jetpack_dont_email_post_to_subs":false,"_jetpack_newsletter_tier_id":0,"_jetpack_memberships_contains_paywalled_content":false,"powered_cache_disable_cache":false,"_jetpack_memberships_contains_paid_content":false,"footnotes":"","jetpack_publicize_message":"","jetpack_publicize_feature_enabled":true,"jetpack_social_post_already_shared":false,"jetpack_social_options":{"image_generator_settings":{"template":"highway","default_image_id":0,"font":"","enabled":false},"version":2}},"categories":[1],"tags":[],"class_list":["post-2045","post","type-post","status-publish","format-standard","hentry","category-news0"],"jetpack_publicize_connections":[],"jetpack_featured_media_url":"","jetpack_sharing_enabled":true,"jetpack_shortlink":"https:\/\/wp.me\/p6Y7u0-wZ","jetpack_likes_enabled":false,"_links":{"self":[{"href":"https:\/\/www.unionbelge.be\/index.php?rest_route=\/wp\/v2\/posts\/2045","targetHints":{"allow":["GET"]}}],"collection":[{"href":"https:\/\/www.unionbelge.be\/index.php?rest_route=\/wp\/v2\/posts"}],"about":[{"href":"https:\/\/www.unionbelge.be\/index.php?rest_route=\/wp\/v2\/types\/post"}],"author":[{"embeddable":true,"href":"https:\/\/www.unionbelge.be\/index.php?rest_route=\/wp\/v2\/users\/2"}],"replies":[{"embeddable":true,"href":"https:\/\/www.unionbelge.be\/index.php?rest_route=%2Fwp%2Fv2%2Fcomments&post=2045"}],"version-history":[{"count":1,"href":"https:\/\/www.unionbelge.be\/index.php?rest_route=\/wp\/v2\/posts\/2045\/revisions"}],"predecessor-version":[{"id":2047,"href":"https:\/\/www.unionbelge.be\/index.php?rest_route=\/wp\/v2\/posts\/2045\/revisions\/2047"}],"wp:attachment":[{"href":"https:\/\/www.unionbelge.be\/index.php?rest_route=%2Fwp%2Fv2%2Fmedia&parent=2045"}],"wp:term":[{"taxonomy":"category","embeddable":true,"href":"https:\/\/www.unionbelge.be\/index.php?rest_route=%2Fwp%2Fv2%2Fcategories&post=2045"},{"taxonomy":"post_tag","embeddable":true,"href":"https:\/\/www.unionbelge.be\/index.php?rest_route=%2Fwp%2Fv2%2Ftags&post=2045"}],"curies":[{"name":"wp","href":"https:\/\/api.w.org\/{rel}","templated":true}]}}