{"id":1750,"date":"2008-11-16T21:48:41","date_gmt":"2008-11-16T19:48:41","guid":{"rendered":"http:\/\/www.unionbelge.be\/?p=1750"},"modified":"2010-09-14T21:50:14","modified_gmt":"2010-09-14T19:50:14","slug":"dag-van-de-dynastie-jour-de-la-dynastie","status":"publish","type":"post","link":"https:\/\/www.unionbelge.be\/?p=1750","title":{"rendered":"DAG VAN DE DYNASTIE &#8211; JOUR DE LA DYNASTIE"},"content":{"rendered":"<p><strong>DAG VAN DE DYNASTIE <\/strong><\/p>\n<p>15 november 2008 was traditiegetrouw de dag van de dynastie. De media konden het echter niet laten om kritiek op het koningshuis te leveren. Maar het valt de Belgische Unie vooral op waarover ze niet spreken.<\/p>\n<p>Zowel de VRT als de RTBF en andere media legden de nadruk op de stijging van de dotaties aan het koningshuis, die zijn ongehoord vonden in economische crisistijd.<\/p>\n<p>Wij hebben daar verschillende opmerkingen op:<\/p>\n<p>1)\u00a0\u00a0\u00a0\u00a0\u00a0\u00a0wij dachten dat journalisten neutraal moesten blijven en alleen aan objectieve berichtgeving moesten doen. Vooral de VRT heeft daar last mee.<\/p>\n<p>2)\u00a0\u00a0\u00a0\u00a0\u00a0\u00a0De kost van het Belgisch koningshuis bedraagt zo\u2019n 12 miljoen euro per jaar. Mogen we er even aan herinneren dat presidenten en ex-presidenten ook moeten betaald, beveiligd, begeleid en gehuisvest worden?<\/p>\n<p>3)\u00a0\u00a0\u00a0\u00a0\u00a0\u00a0De dotaties aan de politieke partijen bedragen jaarlijks zo\u2019n 70 miljoen euro, de vergoedingen van de 9.000 politieke mandaten niet meegerekend. Daar rept de mediacratie natuurlijk met geen woord over.<\/p>\n<p>4)\u00a0\u00a0\u00a0\u00a0\u00a0\u00a0Het taalfederalisme met zijn 6 regeringen en 6 parlementen kost 10 miljard euro per jaar. Dat federalisme in vraag stellen, is echter nog taboe. Het zou nochtans, alleen al gelet op de kost, 1000 keer relevanter zijn !<\/p>\n<p>5)\u00a0\u00a0\u00a0\u00a0\u00a0\u00a0E\u00e9n positief punt: het nationalistische, anti-royalistische debat gaat nu over de kost van de monarchie en niet meer over het bestaan zelf ervan. Er is dus wel iets in goede zin veranderd !<\/p>\n<p>De nationalistische parti- en mediacratie proberen voortdurend zichzelf te beschermen door de aandacht van de burgers naar valse problemen af te leiden. Ook daarom bestaat de B.U.B..<\/p>\n<p><strong> <\/strong><\/p>\n<p><strong> <\/strong><\/p>\n<p><strong> <\/strong><\/p>\n<p><strong> <\/strong><\/p>\n<p><strong> <\/strong><\/p>\n<p><strong> <\/strong><\/p>\n<p><strong>JOUR DE LA DYNASTIE<\/strong><\/p>\n<p><strong> <\/strong><\/p>\n<p>Comme il est de coutume, le 15 novembre 2008 \u00e9tait le jour de la dynastie. Comme il est \u00e9galement de coutume, les m\u00e9dias se sont donn\u00e9s \u00e0 c\u0153ur joie de critiquer la maison royale. L\u2019Union belge est surtout surprise par ce qu&#8217;ils ne disent pas.<\/p>\n<p>Tant la RTBF que la VRT et les autres m\u00e9dias soulignaient l\u2019accroissement des dotations \u00e0 la Maison royale, qu\u2019ils trouvaient inou\u00efs en p\u00e9riode de crise \u00e9conomique.<\/p>\n<p>Cela nous oblige \u00e0 soulever quelques remarques\u00a0:<\/p>\n<p>1)\u00a0\u00a0\u00a0\u00a0\u00a0\u00a0Nous pensions que les journalistes devaient rester neutres et rapporter les faits de fa\u00e7on neutre. Surtout la VRT conna\u00eet quelques difficult\u00e9s \u00e0 ce niveau.<\/p>\n<p>2)\u00a0\u00a0\u00a0\u00a0\u00a0\u00a0Le co\u00fbt de la Maison royale belge s\u2019\u00e9l\u00e8ve \u00e0 environ 12 millions d\u2019euros par an. Pouvons-nous rappeler le fait que les pr\u00e9sidents et ex-pr\u00e9sidents doivent \u00e9galement \u00eatre pay\u00e9s, s\u00e9curis\u00e9s, accompagn\u00e9s et log\u00e9s\u00a0?<\/p>\n<p>3)\u00a0\u00a0\u00a0\u00a0\u00a0\u00a0Les dotations aux partis politiques co\u00fbtent annuellement aux alentours de 70 millions d\u2019euros, sans compter les traitements des 9.000 mandataires politiques. N\u00e9anmoins, la m\u00e9diacratie n\u2019en dit pas un mot.<\/p>\n<p>4)\u00a0\u00a0\u00a0\u00a0\u00a0\u00a0Le f\u00e9d\u00e9ralisme linguistique comprenant 6 gouvernements et 6 parlements co\u00fbte 10 milliards d\u2019euros par an. Mettre en question ce f\u00e9d\u00e9ralisme est pourtant encore tabou bien que cette mise en cause soit, ne f\u00fbt-ce que par le co\u00fbt de ce syst\u00e8me, 1.000 fois plus pertinent\u00a0!<\/p>\n<p>5)\u00a0\u00a0\u00a0\u00a0\u00a0\u00a0Un point positif tout de m\u00eame\u00a0: le d\u00e9bat nationaliste et antimonarchique traite d\u00e9sormais du co\u00fbt de la monarchie et plus de son existence m\u00eame. Il existe donc une certaine \u00e9volution positive.<\/p>\n<p>La particratie et la m\u00e9diacratie nationalistes essayent sans cesse de s\u2019auto-prot\u00e9ger en visant les faux probl\u00e8mes. C\u2019est aussi pour cela que le B.U.B. existe !<\/p>\n","protected":false},"excerpt":{"rendered":"<p>DAG VAN DE DYNASTIE 15 november 2008 was traditiegetrouw de dag van de dynastie. De [&hellip;]<\/p>\n","protected":false},"author":2,"featured_media":0,"comment_status":"closed","ping_status":"open","sticky":false,"template":"","format":"standard","meta":{"ngg_post_thumbnail":0,"jetpack_post_was_ever_published":false,"_jetpack_newsletter_access":"","_jetpack_dont_email_post_to_subs":false,"_jetpack_newsletter_tier_id":0,"_jetpack_memberships_contains_paywalled_content":false,"powered_cache_disable_cache":false,"_jetpack_memberships_contains_paid_content":false,"footnotes":"","jetpack_publicize_message":"","jetpack_publicize_feature_enabled":true,"jetpack_social_post_already_shared":false,"jetpack_social_options":{"image_generator_settings":{"template":"highway","default_image_id":0,"font":"","enabled":false},"version":2}},"categories":[1],"tags":[],"class_list":["post-1750","post","type-post","status-publish","format-standard","hentry","category-news0"],"jetpack_publicize_connections":[],"jetpack_featured_media_url":"","jetpack_sharing_enabled":true,"jetpack_shortlink":"https:\/\/wp.me\/p6Y7u0-se","jetpack_likes_enabled":false,"_links":{"self":[{"href":"https:\/\/www.unionbelge.be\/index.php?rest_route=\/wp\/v2\/posts\/1750","targetHints":{"allow":["GET"]}}],"collection":[{"href":"https:\/\/www.unionbelge.be\/index.php?rest_route=\/wp\/v2\/posts"}],"about":[{"href":"https:\/\/www.unionbelge.be\/index.php?rest_route=\/wp\/v2\/types\/post"}],"author":[{"embeddable":true,"href":"https:\/\/www.unionbelge.be\/index.php?rest_route=\/wp\/v2\/users\/2"}],"replies":[{"embeddable":true,"href":"https:\/\/www.unionbelge.be\/index.php?rest_route=%2Fwp%2Fv2%2Fcomments&post=1750"}],"version-history":[{"count":1,"href":"https:\/\/www.unionbelge.be\/index.php?rest_route=\/wp\/v2\/posts\/1750\/revisions"}],"predecessor-version":[{"id":1751,"href":"https:\/\/www.unionbelge.be\/index.php?rest_route=\/wp\/v2\/posts\/1750\/revisions\/1751"}],"wp:attachment":[{"href":"https:\/\/www.unionbelge.be\/index.php?rest_route=%2Fwp%2Fv2%2Fmedia&parent=1750"}],"wp:term":[{"taxonomy":"category","embeddable":true,"href":"https:\/\/www.unionbelge.be\/index.php?rest_route=%2Fwp%2Fv2%2Fcategories&post=1750"},{"taxonomy":"post_tag","embeddable":true,"href":"https:\/\/www.unionbelge.be\/index.php?rest_route=%2Fwp%2Fv2%2Ftags&post=1750"}],"curies":[{"name":"wp","href":"https:\/\/api.w.org\/{rel}","templated":true}]}}