{"id":1702,"date":"2008-11-28T18:12:05","date_gmt":"2008-11-28T16:12:05","guid":{"rendered":"http:\/\/www.unionbelge.be\/?p=1702"},"modified":"2010-09-14T18:13:09","modified_gmt":"2010-09-14T16:13:09","slug":"taalapartheid-het-voetbal-lapartheid-linguistique-dans-le-football","status":"publish","type":"post","link":"https:\/\/www.unionbelge.be\/?p=1702","title":{"rendered":"TAALAPARTHEID IN HET VOETBAL &#8211;  L&#8217;APARTHEID LINGUISTIQUE DANS LE FOOTBALL"},"content":{"rendered":"<p><strong>TAALAPARTHEID IN HET VOETBAL<\/strong><\/p>\n<p>Met verbijstering neemt de B.U.B. kennis van de oprichting van een &#8220;Vlaamse Voetballiga&#8221; en de splitsing van het Belgische amateurvoetbal. Na de dramatische splitsing van het sportbeleid in 1980 splitsen de politici nu ook het Belgisch voetbal net zoals het Zuid-Afrikaans voetbal tijdens het apartheidsregime gesplitst was tussen blanken en zwarten. Dat de splitsing slechts partieel is en in de praktijk weinig gevolgen zal hebben, is larie omdat dit kan leiden tot de volledige splitsing en de taalracisten nieuwe argumenten geeft.<\/p>\n<p><strong>Voor de Belgische Unie is dit een onaanvaardbare evolutie die zo snel mogelijk ongedaan zal moeten worden gemaakt omdat ze volledig tegen de meertalige tijdsgeest en de groeiende afwijzing van het Belgische taalfederalisme ingaat.<\/strong><br \/>\n<strong>L&#8217;APARTHEID LINGUISTIQUE DANS LE FOOTBALL<\/strong><\/p>\n<p>Avec consternation, le B.U.B. apprend la cr\u00e9ation d&#8217;une &#8220;Ligue flamande de football&#8221; et la scission du football amateur belge. Apr\u00e8s la scission dramatique de la politique du sport en 1980, les politiciens scindent aussi le foot belge, tout comme le football sud-africain \u00e9tait scind\u00e9 entre Blancs et Noirs pendant le r\u00e9gime d&#8217;apartheid. Que cette scission ne soit que partielle et ait peu de cons\u00e9quence sur le plan pratique est un leurre car elle peut mener \u00e0 la scission totale et donne de nouveaux arguments aux racistes linguistiques.<\/p>\n<p><strong>Pour l&#8217;Union belge (la n\u00f4tre), il s&#8217;agit d&#8217;une \u00e9volution inacceptable qui devra \u00eatre d\u00e9faite au plus vite car elle contredit fondamentalement l&#8217;esprit du temps multilingue et la mise en cause progressive du f\u00e9d\u00e9ralisme linguistique en Belgique.<\/strong><\/p>\n<p><strong> <\/strong><\/p>\n","protected":false},"excerpt":{"rendered":"<p>TAALAPARTHEID IN HET VOETBAL Met verbijstering neemt de B.U.B. kennis van de oprichting van een [&hellip;]<\/p>\n","protected":false},"author":2,"featured_media":0,"comment_status":"closed","ping_status":"open","sticky":false,"template":"","format":"standard","meta":{"ngg_post_thumbnail":0,"jetpack_post_was_ever_published":false,"_jetpack_newsletter_access":"","_jetpack_dont_email_post_to_subs":false,"_jetpack_newsletter_tier_id":0,"_jetpack_memberships_contains_paywalled_content":false,"powered_cache_disable_cache":false,"_jetpack_memberships_contains_paid_content":false,"footnotes":"","jetpack_publicize_message":"","jetpack_publicize_feature_enabled":true,"jetpack_social_post_already_shared":false,"jetpack_social_options":{"image_generator_settings":{"template":"highway","default_image_id":0,"font":"","enabled":false},"version":2}},"categories":[1],"tags":[],"class_list":["post-1702","post","type-post","status-publish","format-standard","hentry","category-news0"],"jetpack_publicize_connections":[],"jetpack_featured_media_url":"","jetpack_sharing_enabled":true,"jetpack_shortlink":"https:\/\/wp.me\/p6Y7u0-rs","jetpack_likes_enabled":false,"_links":{"self":[{"href":"https:\/\/www.unionbelge.be\/index.php?rest_route=\/wp\/v2\/posts\/1702","targetHints":{"allow":["GET"]}}],"collection":[{"href":"https:\/\/www.unionbelge.be\/index.php?rest_route=\/wp\/v2\/posts"}],"about":[{"href":"https:\/\/www.unionbelge.be\/index.php?rest_route=\/wp\/v2\/types\/post"}],"author":[{"embeddable":true,"href":"https:\/\/www.unionbelge.be\/index.php?rest_route=\/wp\/v2\/users\/2"}],"replies":[{"embeddable":true,"href":"https:\/\/www.unionbelge.be\/index.php?rest_route=%2Fwp%2Fv2%2Fcomments&post=1702"}],"version-history":[{"count":1,"href":"https:\/\/www.unionbelge.be\/index.php?rest_route=\/wp\/v2\/posts\/1702\/revisions"}],"predecessor-version":[{"id":1703,"href":"https:\/\/www.unionbelge.be\/index.php?rest_route=\/wp\/v2\/posts\/1702\/revisions\/1703"}],"wp:attachment":[{"href":"https:\/\/www.unionbelge.be\/index.php?rest_route=%2Fwp%2Fv2%2Fmedia&parent=1702"}],"wp:term":[{"taxonomy":"category","embeddable":true,"href":"https:\/\/www.unionbelge.be\/index.php?rest_route=%2Fwp%2Fv2%2Fcategories&post=1702"},{"taxonomy":"post_tag","embeddable":true,"href":"https:\/\/www.unionbelge.be\/index.php?rest_route=%2Fwp%2Fv2%2Ftags&post=1702"}],"curies":[{"name":"wp","href":"https:\/\/api.w.org\/{rel}","templated":true}]}}