{"id":1661,"date":"2005-10-02T03:05:42","date_gmt":"2005-10-02T01:05:42","guid":{"rendered":"http:\/\/www.unionbelge.be\/?p=1661"},"modified":"2010-09-13T03:08:00","modified_gmt":"2010-09-13T01:08:00","slug":"de-b-u-b-verheugd-het-ontslag-van-de-waalse-minister-president-le-b-u-b-se-rejouit-de-la-demission-du-ministre-president-wallon","status":"publish","type":"post","link":"https:\/\/www.unionbelge.be\/?p=1661","title":{"rendered":"DE B.U.B. IS VERHEUGD OVER HET ONTSLAG VAN DE WAALSE MINISTER-PRESIDENT-LE B.U.B. SE REJOUIT DE LA DEMISSION DU MINISTRE-PRESIDENT WALLON"},"content":{"rendered":"<div>\n<div><strong><span style=\"font-family: Arial; font-size: x-small;\">DE B.U.B. IS VERHEUGD OVER HET ONTSLAG VAN DE  WAALSE MINISTER-PRESIDENT<\/span><\/strong><\/div>\n<div><strong><br \/>\n<\/strong><\/div>\n<div><strong><span style=\"font-family: Arial; font-size: x-small;\">Het is goed nieuws voor Belgi\u00eb dat de  minister-president van de Waalse regering en kopstuk van de PS ontslag heeft  genomen tengevolge van de crisis rond de &#8220;Carolor\u00e9gienne&#8221; om drie  redenen:<\/span><\/strong><\/div>\n<div><strong><span style=\"font-family: Arial; font-size: x-small;\"><br \/>\n<\/span><\/strong><\/div>\n<div><span style=\"font-family: Arial; font-size: x-small;\">1) de verdenkingen die hem ten laste worden gelegd,  maken hem nog niet schuldig, maar zijn ernstig genoeg om zijn functie onhoudbaar  te maken;<\/span><\/div>\n<div><span style=\"font-family: Arial; font-size: x-small;\">2) hij is een wallingant en elke wallingant die de  Belgische politiek verlaat, verstevigt de nationale eenheid;<\/span><\/div>\n<div><span style=\"font-family: Arial; font-size: x-small;\">3) zijn ontslag verzwakt de PS, \u00e9\u00e9n van de partijen  die verantwoordelijk zijn voor de invoering van het clientelisme en het  onwerkbare bipolaire federalisme. <\/span><\/div>\n<div><\/div>\n<div><span style=\"font-family: Arial; font-size: x-small;\">Graag had de B.U.B. gezien dat de hele Waalse  regering gewoon werd afgeschaft, net als de Vlaamse en Brusselse teneinde het  belastinggeld te sparen. Maar dat zal niet met de huidige traditionele politici  kunnen gebeuren. Daarvoor hebben we nieuwe politici en een nieuwe machtspartij  nodig. De B.U.B. is bereid deze moeilijke taak op zich te nemen.<\/span><\/div>\n<div><span style=\"font-family: Arial; font-size: x-small;\">****************************<\/span><\/div>\n<div><strong><span style=\"font-family: Arial; font-size: x-small;\">LE B.U.B. SE REJOUIT DE LA DEMISSION DU  MINISTRE-PRESIDENT WALLON<\/span><\/strong><\/div>\n<div><\/div>\n<div><strong><span style=\"font-family: Arial; font-size: x-small;\">Il est une bonne nouvelle pour la Belgique que le  ministre-pr\u00e9sident du gouvernement wallon et t\u00eate de proue du PS ait d\u00e9missionn\u00e9  en raison de la crise autour de la &#8220;Carolor\u00e9gienne&#8221; et ceci pour trois  raisons:<\/span><\/strong><\/div>\n<div><strong><span style=\"font-family: Arial; font-size: x-small;\"><br \/>\n<\/span><\/strong><\/div>\n<div><span style=\"font-family: Arial; font-size: x-small;\">1) les soup\u00e7ons qui ont \u00e9t\u00e9 \u00e9mis \u00e0 sa charge, ne  prouvent pas encore sa culpabilit\u00e9, mais sont suffisamment graves pour rendre sa  fonction intenable;<\/span><\/div>\n<div><span style=\"font-family: Arial; font-size: x-small;\">2) il est un wallingant\u00a0et chaque wallingant  qui quitte la politique belge, renforce l&#8217;unit\u00e9 nationale;<\/span><\/div>\n<div><span style=\"font-family: Arial; font-size: x-small;\">3) sa d\u00e9mission affaiblit le PS, un des partis  responsables de l&#8217;introduction du clientelisme ainsi que du f\u00e9d\u00e9ralisme  bipolaire d\u00e9fectueux.<\/span><\/div>\n<div><span style=\"font-family: Arial; font-size: x-small;\"><br \/>\n<\/span><\/div>\n<div><span style=\"font-family: Arial; font-size: x-small;\">Le B.U.B. aurait pr\u00e9f\u00e9r\u00e9 que tout le gouvernement  wallon soit supprim\u00e9, tout comme celui de la Flandre et de Bruxelles afin  d&#8217;\u00e9conomiser les d\u00e9niers publics. Mais cela ne pourra\u00a0se faire avec les  politiciens traditionnels actuels. Pour cela, nous aurons besoin de nouveaux  politiciens ainsi que d&#8217;un nouveau parti au pouvoir. Le B.U.B. est pr\u00eat \u00e0  assumer cette t\u00e2che difficile.<\/span><\/div>\n<\/div>\n","protected":false},"excerpt":{"rendered":"<p>DE B.U.B. IS VERHEUGD OVER HET ONTSLAG VAN DE WAALSE MINISTER-PRESIDENT Het is goed nieuws [&hellip;]<\/p>\n","protected":false},"author":2,"featured_media":0,"comment_status":"closed","ping_status":"open","sticky":false,"template":"","format":"standard","meta":{"ngg_post_thumbnail":0,"jetpack_post_was_ever_published":false,"_jetpack_newsletter_access":"","_jetpack_dont_email_post_to_subs":false,"_jetpack_newsletter_tier_id":0,"_jetpack_memberships_contains_paywalled_content":false,"powered_cache_disable_cache":false,"_jetpack_memberships_contains_paid_content":false,"footnotes":"","jetpack_publicize_message":"","jetpack_publicize_feature_enabled":true,"jetpack_social_post_already_shared":false,"jetpack_social_options":{"image_generator_settings":{"template":"highway","default_image_id":0,"font":"","enabled":false},"version":2}},"categories":[1],"tags":[],"class_list":["post-1661","post","type-post","status-publish","format-standard","hentry","category-news0"],"jetpack_publicize_connections":[],"jetpack_featured_media_url":"","jetpack_sharing_enabled":true,"jetpack_shortlink":"https:\/\/wp.me\/p6Y7u0-qN","jetpack_likes_enabled":false,"_links":{"self":[{"href":"https:\/\/www.unionbelge.be\/index.php?rest_route=\/wp\/v2\/posts\/1661","targetHints":{"allow":["GET"]}}],"collection":[{"href":"https:\/\/www.unionbelge.be\/index.php?rest_route=\/wp\/v2\/posts"}],"about":[{"href":"https:\/\/www.unionbelge.be\/index.php?rest_route=\/wp\/v2\/types\/post"}],"author":[{"embeddable":true,"href":"https:\/\/www.unionbelge.be\/index.php?rest_route=\/wp\/v2\/users\/2"}],"replies":[{"embeddable":true,"href":"https:\/\/www.unionbelge.be\/index.php?rest_route=%2Fwp%2Fv2%2Fcomments&post=1661"}],"version-history":[{"count":2,"href":"https:\/\/www.unionbelge.be\/index.php?rest_route=\/wp\/v2\/posts\/1661\/revisions"}],"predecessor-version":[{"id":1663,"href":"https:\/\/www.unionbelge.be\/index.php?rest_route=\/wp\/v2\/posts\/1661\/revisions\/1663"}],"wp:attachment":[{"href":"https:\/\/www.unionbelge.be\/index.php?rest_route=%2Fwp%2Fv2%2Fmedia&parent=1661"}],"wp:term":[{"taxonomy":"category","embeddable":true,"href":"https:\/\/www.unionbelge.be\/index.php?rest_route=%2Fwp%2Fv2%2Fcategories&post=1661"},{"taxonomy":"post_tag","embeddable":true,"href":"https:\/\/www.unionbelge.be\/index.php?rest_route=%2Fwp%2Fv2%2Ftags&post=1661"}],"curies":[{"name":"wp","href":"https:\/\/api.w.org\/{rel}","templated":true}]}}