{"id":1619,"date":"2003-11-25T20:06:26","date_gmt":"2003-11-25T18:06:26","guid":{"rendered":"http:\/\/www.unionbelge.be\/?p=1619"},"modified":"2010-09-12T20:06:55","modified_gmt":"2010-09-12T18:06:55","slug":"vlaams-blok-extreem-grappig","status":"publish","type":"post","link":"https:\/\/www.unionbelge.be\/?p=1619","title":{"rendered":"Vlaams Blok is &#8220;extreem-grappig&#8221;"},"content":{"rendered":"<p><strong>Het verwondert ons steeds weer hoe de &#8220;grapjassen&#8221; van het Vlaams Blok, die 25 jaar geleden besloten hebben een democratische partij op te richten, op zulke verfijnde manier aan politiek doen. Nemen we \u00e9\u00e9n voor \u00e9\u00e9n de kopstukken, om te beginnen. Filip Dewinter, een baas van een knokploeg met Antwerpse leden. Rolf Annemans (u weet wel, die man met een aardige lach) en Frank Vanhecke die eruit ziet \u00e9n spreekt als een opgedirkte crimineel.<\/strong><\/p>\n<p>Of zijn we nu te ver gegaan? Want U weet toch dat er voor het VB maar \u00e9\u00e9n taboe is: kritiek op het VB zelf. Voor de rest veroorlooft de partij zich aanvallen tegen alles en iedereen, maar oh wee voor de snode \u201cpolitiek correcte\u201d denker die het VB aanvalt. Wanneer we de VB-propaganda wat nader bij bekijken, zijn het tot in den treure toe dezelfde themata die herhaald worden: aanvallen tegen Belgi\u00eb, aanvallen tegen het zogenaamde establishment, tegen \u201cpolitiek-correct-zijn\u201d, tegen de regering, tegen de \u201cmultikul\u201d. Daar nog wat antisocialisme en xenofobie bij het recept is klaar. De \u201cstem van het volk\u201d. Laat ons niet lachen. Welke partij is er nu zo pretentieus om zichzelf \u201cde stem van het volk\u201d te noemen?<\/p>\n<p>Laten we even de openingspagina van hun \u201cwebstek\u201d vandaag (15-10-03) bekijken. Onder actualiteit: twee aanvallen tegen de regering , twee persoonlijke aanvallen tegen politici, twee aanvallen tegen de Franstalige politici, en \u00e9\u00e9n tegen migranten. Eentonig niet? Maar het blijft steeds grappig. Het neemt zichzelf allemaal als \u2018uitgesloten\u2019 partij (snif) zo serieus in de kruistocht tegen de \u201czogenaamde democraten\u201d dat het een karikatuur wordt. Welke partij praat er nu over \u2018Robert Stevaert\u2019, Waalse heerschappij (ok, hier doet de N-VA wel mee) en heeft bezwaren bij Barbie-poppen voor moslims? Ze hebben naar aanleiding van de campagne van Schwarzenegger in Californi\u00eb hun poster met \u201cgrote kuis\u201d weer even naar boven gehaald (Schwarzenegger had eens met een bezem gezwaaid). Dat die affiche door het fascistische REX in 1936 eveneens is gebruikt, wordt er niet bijgezegd. Het moet immers grappig blijven.<\/p>\n","protected":false},"excerpt":{"rendered":"<p>Het verwondert ons steeds weer hoe de &#8220;grapjassen&#8221; van het Vlaams Blok, die 25 jaar [&hellip;]<\/p>\n","protected":false},"author":2,"featured_media":0,"comment_status":"closed","ping_status":"open","sticky":false,"template":"","format":"standard","meta":{"ngg_post_thumbnail":0,"jetpack_post_was_ever_published":false,"_jetpack_newsletter_access":"","_jetpack_dont_email_post_to_subs":false,"_jetpack_newsletter_tier_id":0,"_jetpack_memberships_contains_paywalled_content":false,"powered_cache_disable_cache":false,"_jetpack_memberships_contains_paid_content":false,"footnotes":"","jetpack_publicize_message":"","jetpack_publicize_feature_enabled":true,"jetpack_social_post_already_shared":false,"jetpack_social_options":{"image_generator_settings":{"template":"highway","default_image_id":0,"font":"","enabled":false},"version":2}},"categories":[5],"tags":[],"class_list":["post-1619","post","type-post","status-publish","format-standard","hentry","category-opinions"],"jetpack_publicize_connections":[],"jetpack_featured_media_url":"","jetpack_sharing_enabled":true,"jetpack_shortlink":"https:\/\/wp.me\/p6Y7u0-q7","jetpack_likes_enabled":false,"_links":{"self":[{"href":"https:\/\/www.unionbelge.be\/index.php?rest_route=\/wp\/v2\/posts\/1619","targetHints":{"allow":["GET"]}}],"collection":[{"href":"https:\/\/www.unionbelge.be\/index.php?rest_route=\/wp\/v2\/posts"}],"about":[{"href":"https:\/\/www.unionbelge.be\/index.php?rest_route=\/wp\/v2\/types\/post"}],"author":[{"embeddable":true,"href":"https:\/\/www.unionbelge.be\/index.php?rest_route=\/wp\/v2\/users\/2"}],"replies":[{"embeddable":true,"href":"https:\/\/www.unionbelge.be\/index.php?rest_route=%2Fwp%2Fv2%2Fcomments&post=1619"}],"version-history":[{"count":1,"href":"https:\/\/www.unionbelge.be\/index.php?rest_route=\/wp\/v2\/posts\/1619\/revisions"}],"predecessor-version":[{"id":1620,"href":"https:\/\/www.unionbelge.be\/index.php?rest_route=\/wp\/v2\/posts\/1619\/revisions\/1620"}],"wp:attachment":[{"href":"https:\/\/www.unionbelge.be\/index.php?rest_route=%2Fwp%2Fv2%2Fmedia&parent=1619"}],"wp:term":[{"taxonomy":"category","embeddable":true,"href":"https:\/\/www.unionbelge.be\/index.php?rest_route=%2Fwp%2Fv2%2Fcategories&post=1619"},{"taxonomy":"post_tag","embeddable":true,"href":"https:\/\/www.unionbelge.be\/index.php?rest_route=%2Fwp%2Fv2%2Ftags&post=1619"}],"curies":[{"name":"wp","href":"https:\/\/api.w.org\/{rel}","templated":true}]}}