{"id":15388,"date":"2025-10-13T17:41:50","date_gmt":"2025-10-13T16:41:50","guid":{"rendered":"https:\/\/www.unionbelge.be\/?p=15388"},"modified":"2025-10-13T17:41:50","modified_gmt":"2025-10-13T16:41:50","slug":"facture-des-regions-et-communautes-100-milliards-deuros-par-an-factuur-gewesten-en-gemeenschappen-100-miljard-euro-per-jaar-rechnung-der-regionen-und-gemeinschaften","status":"publish","type":"post","link":"https:\/\/www.unionbelge.be\/?p=15388","title":{"rendered":"FACTURE DES R\u00c9GIONS ET COMMUNAUT\u00c9S : 100 MILLIARDS D\u2019EUROS PAR AN\u2026 &#8211; FACTUUR GEWESTEN EN GEMEENSCHAPPEN: 100 MILJARD EURO PER JAAR\u2026 &#8211; RECHNUNG DER REGIONEN UND GEMEINSCHAFTEN: 100 MILLIARDEN EURO PRO JAHR\u2026"},"content":{"rendered":"\n<p>Beeld &#8211; Image &#8211; Bild: Het zogenaamde &#8220;Waals&#8221; parlement, een van de talrijke peperdure en geldverspillende instellingen in Belgi\u00eb die het illegale en ongrondwettelijke federalisme mede in stand houden &#8211; Le soi-disant parlement &#8220;wallon&#8221;, l\u2019une des nombreuses institutions belges dispendieuses et dilapidatrices, qui contribuent \u00e0 maintenir le f\u00e9d\u00e9ralisme ill\u00e9gal et inconstitutionnel &#8211; Das sogenannte &#8220;wallonische&#8221; Parlament, eine der zahlreichen \u00fcberteuerten und verschwenderischen Institutionen Belgiens, die den illegalen und verfassungswidrigen F\u00f6deralismus mit aufrechterhalten<\/p>\n\n\n\n<p>Bron &#8211; Source &#8211; Quelle: wikipedia<\/p>\n\n\n\n<p><strong>IL Y A ASSEZ D\u2019ARGENT!<\/strong><\/p>\n\n\n\n<p><strong>Le Premier ministre et s\u00e9paratiste Bart De Wever (N-VA) a r\u00e9cemment d\u00e9clar\u00e9 comme invit\u00e9 \u00e0 un cours \u00e0 l\u2019universit\u00e9 de Gand (le 7 octobre 2025), que l\u2019argent des autorit\u00e9s belges (et il y en a beaucoup) \u00e9tait \u00e9puis\u00e9. Mais ce qu\u2019il n\u2019a pas dit \u2013 et que vous n\u2019apprendrez pas non plus par les m\u00e9dias particratiques \u2013 c\u2019est que les r\u00e9gions et les communaut\u00e9s co\u00fbtent chaque ann\u00e9e une somme vertigineuse aux Belges. En effet, par le biais de l\u2019\u00c9tat \u00ab f\u00e9d\u00e9ral \u00bb et de leurs propres recettes fiscales, ces entit\u00e9s inconstitutionnelles, polarisantes et superflues re\u00e7oivent chaque ann\u00e9e environ<\/strong> <strong>100 milliards d\u2019euros<\/strong>. <strong>Ce montant n\u2019est soumis \u00e0 aucun contr\u00f4le : il s\u2019agit d\u2019un ch\u00e8que en blanc.<\/strong><\/p>\n\n\n\n<p>Les r\u00e9gions et les communaut\u00e9s disposent en Belgique de trois grandes sources de revenus. Tout d\u2019abord \u2013 surtout pour ce qui concerne les r\u00e9gions \u2013 il s\u2019agit d\u2019imp\u00f4ts propres per\u00e7us directement (par exemple les droits d\u2019enregistrement ou le pr\u00e9compte immobilier). Ensuite, elles re\u00e7oivent chaque ann\u00e9e une somme provenant des dotations f\u00e9d\u00e9rales. Enfin, les r\u00e9gions per\u00e7oivent des recettes via des centimes additionnels \u00e0 l\u2019imp\u00f4t f\u00e9d\u00e9ral des personnes physiques.<\/p>\n\n\n\n<p>Nous pouvons ainsi examiner, entit\u00e9 par entit\u00e9, combien ces structures superflues co\u00fbtent chaque ann\u00e9e aux Belges.<\/p>\n\n\n\n<p><strong>1)<\/strong><strong>&nbsp; <\/strong><strong><u>Les communaut\u00e9s<\/u><\/strong><\/p>\n\n\n\n<p>La <strong>\u00ab communaut\u00e9 flamande \u00bb<\/strong> per\u00e7oit chaque ann\u00e9e une petite part d\u2019imp\u00f4ts propres (environ 200 millions d\u2019euros par an). Elle re\u00e7oit en outre 5 milliards d\u2019euros de dotations \u00ab f\u00e9d\u00e9rales \u00bb annuelles (dont 250 millions d\u2019euros vont \u00e0 la <strong>COCON<\/strong> \u2013 la \u00ab Commission communautaire flamande \u00bb \u2013 dans la r\u00e9gion bruxelloise). La <strong>\u00ab communaut\u00e9 fran\u00e7aise \u00bb<\/strong> re\u00e7oit chaque ann\u00e9e 8 milliards d\u2019euros de dotations \u00ab f\u00e9d\u00e9rales \u00bb, dont 400 millions d\u2019euros vont \u00e0 la <strong>COCOF<\/strong> \u2013 la \u00ab Commission communautaire fran\u00e7aise \u00bb \u2013 \u00e0 Bruxelles. De plus, elle per\u00e7oit 250 millions d\u2019euros d\u2019imp\u00f4ts propres par an. La <strong>COCOM<\/strong> (Commission communautaire commune) dans la r\u00e9gion bruxelloise re\u00e7oit chaque ann\u00e9e 1 milliard d\u2019euros de transferts \u00ab f\u00e9d\u00e9raux \u00bb. Les 200 millions d\u2019euros suppl\u00e9mentaires que cette entit\u00e9 per\u00e7oit chaque ann\u00e9e proviennent du budget de la r\u00e9gion bruxelloise.<\/p>\n\n\n\n<p>Enfin, la <strong>communaut\u00e9 germanophone <\/strong>pr\u00e9l\u00e8ve chaque ann\u00e9e 10 millions d\u2019euros d\u2019imp\u00f4ts propres. Elle re\u00e7oit 90 millions d\u2019euros de dotations annuelles de l\u2019\u00c9tat.<\/p>\n\n\n\n<p><strong>En r\u00e9sum\u00e9, les trois communaut\u00e9s re\u00e7oivent ensemble environ <u>13 milliards d\u2019euros<\/u> par an de l\u2019Etat belge. Les trois commissions communautaires de la r\u00e9gion de Bruxelles-Capitale per\u00e7oivent chaque ann\u00e9e environ <u>2 milliards d\u2019euros<\/u>, vers\u00e9s indirectement (via le budget des communaut\u00e9s ou celui de la r\u00e9gion bruxelloise) ou directement par l\u2019Etat central.<\/strong><\/p>\n\n\n\n<p><strong>2)<\/strong><strong>&nbsp; <\/strong><strong><u>Les r\u00e9gions<\/u><\/strong><\/p>\n\n\n\n<p>Depuis la sixi\u00e8me \u201cr\u00e9forme\u201d de l\u2019\u00c9tat, une partie des recettes des r\u00e9gions provient des centimes additionnels \u00e0 l\u2019imp\u00f4t \u00ab f\u00e9d\u00e9ral \u00bb des personnes physiques. Pour <strong>la r\u00e9gion &nbsp;\u201cflamande\u201d<\/strong>, cela repr\u00e9sente 18 milliards d\u2019euros par an. Cette r\u00e9gion re\u00e7oit en outre 19 milliards d\u2019euros de dotations \u00ab f\u00e9d\u00e9rales \u00bb directes. Comme si cela ne suffisait pas, elle pr\u00e9l\u00e8ve encore 10 milliards d\u2019euros d\u2019imp\u00f4ts propres.<\/p>\n\n\n\n<p>La <strong>r\u00e9gion \u201cwallonne\u201d<\/strong> per\u00e7oit 5 milliards d\u2019euros d\u2019imp\u00f4ts propres et re\u00e7oit 11 milliards d\u2019euros de dotations \u00ab f\u00e9d\u00e9rales \u00bb. \u00c0 cela s\u2019ajoutent encore 10 milliards d\u2019euros qu\u2019elle obtient chaque ann\u00e9e via les centimes additionnels \u00e0 l\u2019imp\u00f4t national sur le revenu des personnes physiques. Ce dernier montant s\u2019\u00e9l\u00e8ve, pour <strong>la r\u00e9gion bruxelloise<\/strong>, \u00e0 3 milliards d\u2019euros. Cette entit\u00e9 re\u00e7oit chaque ann\u00e9e la m\u00eame somme sous forme de dotations directes. Enfin, la r\u00e9gion pr\u00e9l\u00e8ve chaque ann\u00e9e 2 milliards d\u2019euros d\u2019imp\u00f4ts directs.<\/p>\n\n\n\n<p><strong>Les trois r\u00e9gions re\u00e7oivent ensemble environ <u>64 milliards d\u2019euros<\/u> par an de l\u2019\u00c9tat belge. Une tr\u00e8s petite partie de cette somme est revers\u00e9e \u00e0 la COCOM (Commission communautaire commune).<\/strong><\/p>\n\n\n\n<p><strong>3)<\/strong><strong>&nbsp; <\/strong><strong><u>Autres d\u00e9penses<\/u><\/strong><\/p>\n\n\n\n<p>Ind\u00e9pendamment des montants astronomiques mentionn\u00e9s, l\u2019\u00c9tat \u00ab f\u00e9d\u00e9ral \u00bb accorde chaque ann\u00e9e environ <strong><u>1 milliard d\u2019euros<\/u><\/strong> aux r\u00e9gions et aux communaut\u00e9s pour financer des comp\u00e9tences partag\u00e9es, des accords de coop\u00e9ration, des assainissements ou des aides ponctuelles.<\/p>\n\n\n\n<p><strong><u>En r\u00e9sum\u00e9, environ 79 milliards d\u2019euros vont chaque ann\u00e9e aux r\u00e9gions et aux communaut\u00e9s. Celles-ci pr\u00e9l\u00e8vent en outre plus de 17 milliards d\u2019euros d\u2019imp\u00f4ts directs. Cela repr\u00e9sente \u00e9videmment une somme vertigineuse (environ 100 milliards d\u2019euros).<\/u><\/strong><\/p>\n\n\n\n<p><strong>Chaque ann\u00e9e, l\u2019\u00c9tat central per\u00e7oit 127 milliards d\u2019euros de recettes, dont 79 milliards d\u2019euros sont donc transf\u00e9r\u00e9s aux \u00ab entit\u00e9s f\u00e9d\u00e9r\u00e9es \u00bb. Il lui reste donc 48 milliards d\u2019euros<\/strong>. <strong>La plus grande partie de cette somme sert \u00e0 financer la s\u00e9curit\u00e9 sociale (avec les cotisations de la s\u00e9curit\u00e9 sociale et d\u2019autres recettes, le montant total d\u00e9pens\u00e9 pour les branches nationales de la s\u00e9curit\u00e9 sociale atteint environ 100 milliards d\u2019euros). Le reste de l\u2019argent doit financer tous les autres d\u00e9partements.<\/strong><\/p>\n\n\n\n<p><strong><u>Contrairement \u00e0 ce que De Wever a d\u00e9clar\u00e9, par hypocrisie ou par ignorance (?), il y a donc bel et bien assez d\u2019argent en Belgique.<\/u><\/strong><strong> Il est simplement gaspill\u00e9 de mani\u00e8re \u00e9hont\u00e9e. Il est scandaleux qu\u2019environ 100 milliards d\u2019euros soient gaspill\u00e9s chaque ann\u00e9e pour des entit\u00e9s totalement inutiles, qui ne peuvent m\u00eame pas \u00eatre contr\u00f4l\u00e9es par une autorit\u00e9 sup\u00e9rieure. <u>Au moins 10 milliards d\u2019euros de cette somme constituent de l\u2019argent public superflu et gaspill\u00e9 (<a href=\"https:\/\/www.unionbelge.be\/?p=15294\" target=\"_blank\" rel=\"noreferrer noopener\">voir notre \u00e9tude<\/a>).<\/u><\/strong><strong>A titre de comparaison, l\u2019\u00c9tat belge est contr\u00f4l\u00e9 par l\u2019Union europ\u00e9enne. 80 % de ce montant (toutes les recettes non per\u00e7ues directement) sont d\u2019ailleurs pay\u00e9s par l\u2019ensemble des Belges, d\u2019Arlon \u00e0 Ostende. Ils sont condamn\u00e9s \u00e0 payer pendant des d\u00e9cennies pour maintenir en vie un labyrinthe f\u00e9d\u00e9ral linguistique ing\u00e9rable et ruineux. Toute comp\u00e9tence exerc\u00e9e par les soi-disant \u00ab entit\u00e9s f\u00e9d\u00e9r\u00e9es \u00bb peut \u00eatre assum\u00e9e, d\u2019une part, par l\u2019\u00c9tat national et, d\u2019autre part, par les provinces. Plus que jamais, il est n\u00e9cessaire de r\u00e9tablir la Belgique unitaire \u2013 avec un seul parlement et un seul gouvernement \u2013 apr\u00e8s un r\u00e9f\u00e9rendum sur cette question.<\/strong><\/p>\n\n\n\n<figure class=\"wp-block-image size-large\"><a href=\"https:\/\/www.unionbelge.be\/wp-content\/uploads\/2025\/10\/Flemish_Parliament_Brussels.jpg\"><img loading=\"lazy\" decoding=\"async\" width=\"1024\" height=\"683\" src=\"https:\/\/www.unionbelge.be\/wp-content\/uploads\/2025\/10\/Flemish_Parliament_Brussels-1024x683.jpg\" alt=\"\" class=\"wp-image-15390\" srcset=\"https:\/\/www.unionbelge.be\/wp-content\/uploads\/2025\/10\/Flemish_Parliament_Brussels-1024x683.jpg 1024w, https:\/\/www.unionbelge.be\/wp-content\/uploads\/2025\/10\/Flemish_Parliament_Brussels-300x200.jpg 300w, https:\/\/www.unionbelge.be\/wp-content\/uploads\/2025\/10\/Flemish_Parliament_Brussels-768x512.jpg 768w, https:\/\/www.unionbelge.be\/wp-content\/uploads\/2025\/10\/Flemish_Parliament_Brussels-1536x1024.jpg 1536w, https:\/\/www.unionbelge.be\/wp-content\/uploads\/2025\/10\/Flemish_Parliament_Brussels-1000x667.jpg 1000w, https:\/\/www.unionbelge.be\/wp-content\/uploads\/2025\/10\/Flemish_Parliament_Brussels-230x153.jpg 230w, https:\/\/www.unionbelge.be\/wp-content\/uploads\/2025\/10\/Flemish_Parliament_Brussels-350x233.jpg 350w, https:\/\/www.unionbelge.be\/wp-content\/uploads\/2025\/10\/Flemish_Parliament_Brussels-480x320.jpg 480w, https:\/\/www.unionbelge.be\/wp-content\/uploads\/2025\/10\/Flemish_Parliament_Brussels-420x280.jpg 420w, https:\/\/www.unionbelge.be\/wp-content\/uploads\/2025\/10\/Flemish_Parliament_Brussels-800x533.jpg 800w, https:\/\/www.unionbelge.be\/wp-content\/uploads\/2025\/10\/Flemish_Parliament_Brussels.jpg 1920w\" sizes=\"auto, (max-width: 1024px) 100vw, 1024px\" \/><\/a><\/figure>\n\n\n\n<p>Beeld &#8211; Image &#8211; Bild: De koepelzaal van het overbodige, schadelijke en ongrondwettelijke &#8220;Vlaams&#8221; parlement &#8211; La salle coupole du parlement &#8220;flamand&#8221;, une institution superflue, nuisible et inconstitutionnelle &#8211; Die Kuppelhalle des \u00fcberfl\u00fcssigen, sch\u00e4dlichen und verfassungswidrigen \u201efl\u00e4mischen\u201c Parlaments<\/p>\n\n\n\n<p>Bron &#8211; Source &#8211; Quelle: wikipedia<\/p>\n\n\n\n<p><strong>ER IS GELD GENOEG!<\/strong><\/p>\n\n\n\n<p><strong>Premier en separatist Bart De Wever (N-VA) verklaarde recent op een gastcollege aan de universiteit van Gent (7 oktober 2025) dat het geld van de Belgische overheden (er zijn er wel wat) op is. Maar wat hij niet zei en u ook niet via de particratische media zal vernemen, is dat de gewesten en de gemeenschappen de Belgen jaarlijks een duizelingwekkende som kosten. Via de \u201cfederale\u201d staat en eigen belastinginkomsten verkrijgen deze ongrondwettelijke, polariserende en overbodige entiteiten jaarlijks zo\u2019n 100 miljard EUR. Dit bedrag wordt niet gecontroleerd: het betreft een blanco cheque.<\/strong><\/p>\n\n\n\n<p>De gewesten en de gemeenschappen hebben in Belgi\u00eb drie grote bronnen van inkomsten. Allereerst gaat het \u2013 voornamelijk voor wat de gewesten betreft \u2013 om rechtstreeks ge\u00efnde eigen belastingen (bv. registratierechten of onroerende voorheffing). Vervolgens om een som die hen jaarlijks toegekend wordt door \u201cfederale\u201d dotaties. Ten derde innen de gewesten inkomsten via opcentiemen op de \u201cfederale\u201d personenbelasting.<\/p>\n\n\n\n<p>We kunnen zo per entiteit bekijken hoeveel geld deze overbodige entiteiten de Belgen jaarlijks kosten.<\/p>\n\n\n\n<p><strong>1.<\/strong><strong>&nbsp;&nbsp;&nbsp; <\/strong><strong><u>De gemeenschappen<\/u><\/strong><\/p>\n\n\n\n<p><strong>De \u201cVlaamse\u201d gemeenschap<\/strong> int jaarlijks een klein deel eigen belastingen (ca. 200 miljoen EUR per jaar). Ze verkrijgt voorts 5 miljard euro aan jaarlijkse \u201cfederale\u201d dotaties (waarvan 250 miljoen EUR naar de <strong>VGC<\/strong> \u2013 de \u201cVlaamse\u201d gemeenschapscommissie \u2013 in het Brussels gewest gaan). <strong>De \u201cFranse\u201d gemeenschap<\/strong> verkrijgt jaarlijks 8 miljard EUR aan \u201cfederale\u201d dotaties, waarvan 400 miljoen EUR naar de Brusselse <strong>FGC<\/strong> \u2013 de \u201cFranse\u201d gemeenschapscommissie \u2013 gaan. Daarenboven int ze jaarlijks 250 miljoen EUR aan eigen belastingen. De <strong>GGC<\/strong> in het Brussels gewest verkrijgt jaarlijks voor 1 miljard EUR aan \u201cfederale\u201d transfers. De overige 200 miljoen EUR die deze entiteit elk jaar ontvangt, komt uit de Brusselse begroting. Ten slotte heft de <strong>Duitstalige gemeenschap<\/strong> elk jaar 10 miljoen euro aan eigen belastingen. Ze verkrijgt 90 miljoen euro aan jaarlijkse dotaties van de staat.<\/p>\n\n\n\n<p><strong>Kortom, de drie gemeenschappen verkrijgen krijgen elk jaar samen ca. <u>13 miljard EUR<\/u> van de Belgische staat. De drie gemeenschapscommissies in het Brussels gewest verkrijgen jaarlijks liefst <u>ca. 2 miljard euro<\/u>, onrechtstreeks (via de begroting van de gemeenschappen of die van het Brussels gewest) of rechtstreeks betaald via de centrale staat.<\/strong><\/p>\n\n\n\n<figure class=\"wp-block-image size-large\"><a href=\"https:\/\/www.unionbelge.be\/wp-content\/uploads\/2025\/10\/1920px-Brussels_Parliament_building_2.jpg\"><img loading=\"lazy\" decoding=\"async\" width=\"1024\" height=\"768\" src=\"https:\/\/www.unionbelge.be\/wp-content\/uploads\/2025\/10\/1920px-Brussels_Parliament_building_2-1024x768.jpg\" alt=\"\" class=\"wp-image-15392\" srcset=\"https:\/\/www.unionbelge.be\/wp-content\/uploads\/2025\/10\/1920px-Brussels_Parliament_building_2-1024x768.jpg 1024w, https:\/\/www.unionbelge.be\/wp-content\/uploads\/2025\/10\/1920px-Brussels_Parliament_building_2-300x225.jpg 300w, https:\/\/www.unionbelge.be\/wp-content\/uploads\/2025\/10\/1920px-Brussels_Parliament_building_2-768x576.jpg 768w, https:\/\/www.unionbelge.be\/wp-content\/uploads\/2025\/10\/1920px-Brussels_Parliament_building_2-1536x1152.jpg 1536w, https:\/\/www.unionbelge.be\/wp-content\/uploads\/2025\/10\/1920px-Brussels_Parliament_building_2-1000x750.jpg 1000w, https:\/\/www.unionbelge.be\/wp-content\/uploads\/2025\/10\/1920px-Brussels_Parliament_building_2-230x173.jpg 230w, https:\/\/www.unionbelge.be\/wp-content\/uploads\/2025\/10\/1920px-Brussels_Parliament_building_2-350x263.jpg 350w, https:\/\/www.unionbelge.be\/wp-content\/uploads\/2025\/10\/1920px-Brussels_Parliament_building_2-480x360.jpg 480w, https:\/\/www.unionbelge.be\/wp-content\/uploads\/2025\/10\/1920px-Brussels_Parliament_building_2-420x315.jpg 420w, https:\/\/www.unionbelge.be\/wp-content\/uploads\/2025\/10\/1920px-Brussels_Parliament_building_2-800x600.jpg 800w, https:\/\/www.unionbelge.be\/wp-content\/uploads\/2025\/10\/1920px-Brussels_Parliament_building_2.jpg 1920w\" sizes=\"auto, (max-width: 1024px) 100vw, 1024px\" \/><\/a><\/figure>\n\n\n\n<p>Beeld &#8211; Image &#8211; Foto: Het Brussels parlement, een zoveelste peperdure instelling in het federale Belgi\u00eb &#8211; Le parlement bruxellois, une \u00e9ni\u00e8me institution dispendieuse dans la Belgique f\u00e9d\u00e9rale.- Das Br\u00fcsseler Parlament, eine weitere \u00fcberteuerte Institution im f\u00f6deralen Belgien<\/p>\n\n\n\n<p>Bron &#8211; Source &#8211; Quelle: wikipedia<\/p>\n\n\n\n<p><strong>2)<\/strong><strong>&nbsp;&nbsp;&nbsp; <\/strong><strong><u>De gewesten<\/u><\/strong><\/p>\n\n\n\n<p>Sedert de zesde \u201cstaatshervorming\u201d komt een deel van de inkomsten van de gewesten uit opcentiemen op de \u201cfederale\u201d personenbelasting. Voor het <strong>\u201cVlaams\u201d gewest <\/strong>gaat het om 18 miljard EUR per jaar. Dat gewest verkrijgt daarenboven 19 miljard EUR aan rechtstreekse, \u201cfederale\u201d dotaties. Alsof dat nog niet genoeg is, heft het voor 10 miljard EUR aan eigen belastingen. Het <strong>\u201cWaals\u201d gewest<\/strong> heft 5 miljard aan eigen belastingen en verkrijgt 11 miljard EUR aan \u201cfederale\u201d dotaties. Daar komen nog 10 miljard EUR bij die het gewest verkrijgt via jaarlijkse opcentiemen op de nationale personenbelasting. Dat laatste bedrag bedraagt voor het <strong>Brussels gewest<\/strong> 3 miljard EUR. Eenzelfde bedrag krijgt die entiteit jaarlijks via rechtstreekse dotaties. Het gewest int ten slotte jaarlijks rechtstreeks 2 miljard EUR aan rechtstreekse belastingen.<\/p>\n\n\n\n<p><strong>De drie gewesten verkrijgen elk jaar samen ca. <u>64 miljard EUR<\/u> van de Belgische staat. Een zeer klein deel daarvan wordt doorgestort naar de GGC.<\/strong><\/p>\n\n\n\n<p><strong>3.<\/strong><strong>&nbsp;&nbsp;&nbsp; <\/strong><strong><u>Andere kosten<\/u><\/strong><\/p>\n\n\n\n<p>Los van de genoemde en astronomische jaarlijkse sommen, kent de \u201cfederale\u201d overheid jaarlijks ca. <strong><u>1 miljard EUR<\/u><\/strong> toe aan de gewesten en de gemeenschappen om gedeelde bevoegdheden te financieren, voor samenwerkingsakkoorden, saneringen of <em>ad hoc<\/em>-steun.<\/p>\n\n\n\n<p><strong><u>Kortom, zo\u2019n 79 miljard EUR gaat jaarlijks naar de gewesten en de gemeenschappen. Die heffen bovendien m\u00e9\u00e9r dan 17 miljard EUR aan rechtstreekse belastingen. Dat is natuurlijk een duizelingwekkende som geld (ca. 100 miljard EUR).<\/u><\/strong><\/p>\n\n\n\n<p><strong>Jaarlijks int de centrale staat 127 miljard EUR aan inkomsten, waarvan dus 79 miljard EUR naar de \u201cdeelstaten\u201d gaat. Die houdt dus 48 miljard EUR over. Het grootste deel daarvan dient om de sociale zekerheid te bekostigen (door RSZ-bijdragen en andere inkomsten loopt het bedrag dat gespendeerd wordt aan de nationale takken van de sociale zekerheid op tot ca. 100 miljard EUR). Met de rest van het geld moeten alle andere departementen gefinancierd worden.<\/strong><\/p>\n\n\n\n<p><strong><u>In tegenstelling tot wat De Wever huichelachtig of uit onwetendheid (?) verklaarde, is er dus geld genoeg in Belgi\u00eb. Het wordt alleen op schaamteloze wijze verspild.<\/u><\/strong><strong> Het is schandalig dat er jaarlijks zo\u2019n 100 miljard EUR verkwist wordt aan totaal nutteloze entiteiten die niet eens door een hogere overheid gecontroleerd kunnen worden. <u>Minstens 10 miljard euro daarvan is overtollig, verspild belastinggeld (<a href=\"https:\/\/www.unionbelge.be\/?p=15294\" target=\"_blank\" rel=\"noreferrer noopener\">zie onze studie<\/a>).<\/u><\/strong><\/p>\n\n\n\n<p><strong>Ter vergelijking: de Belgische overheid wordt door de EU gecontroleerd. Van dat bedrag wordt 80% (alle niet-rechtstreeks ge\u00efnde inkomsten) overigens betaald door \u00e0lle Belgen, van Aarlen tot Oostende. Zij worden geacht decennia te betalen om een onwerkbaar en peperduur taalfederalistisch labyrint in stand te houden. Elke bevoegdheid die door de zogenaamde \u201cdeelstaten\u201d wordt uitgeoefend kan enerzijds door de nationale staat en anderzijds door de provincies worden uitgeoefend. Meer dan ooit is het nodig om het unitaire Belgi\u00eb \u2013 met een enkel parlement en een enkele regering \u2013 te herstellen na een referendum over deze kwestie.<\/strong><\/p>\n\n\n\n<figure class=\"wp-block-image size-large\"><a href=\"https:\/\/www.unionbelge.be\/wp-content\/uploads\/2025\/10\/Eupen_das_Parlamentsgebaude_der_Deutschsprachigen_Gemeinschaft_Belgiens.jpg\"><img loading=\"lazy\" decoding=\"async\" width=\"1024\" height=\"576\" src=\"https:\/\/www.unionbelge.be\/wp-content\/uploads\/2025\/10\/Eupen_das_Parlamentsgebaude_der_Deutschsprachigen_Gemeinschaft_Belgiens-1024x576.jpg\" alt=\"\" class=\"wp-image-15391\" srcset=\"https:\/\/www.unionbelge.be\/wp-content\/uploads\/2025\/10\/Eupen_das_Parlamentsgebaude_der_Deutschsprachigen_Gemeinschaft_Belgiens-1024x576.jpg 1024w, https:\/\/www.unionbelge.be\/wp-content\/uploads\/2025\/10\/Eupen_das_Parlamentsgebaude_der_Deutschsprachigen_Gemeinschaft_Belgiens-300x169.jpg 300w, https:\/\/www.unionbelge.be\/wp-content\/uploads\/2025\/10\/Eupen_das_Parlamentsgebaude_der_Deutschsprachigen_Gemeinschaft_Belgiens-768x432.jpg 768w, https:\/\/www.unionbelge.be\/wp-content\/uploads\/2025\/10\/Eupen_das_Parlamentsgebaude_der_Deutschsprachigen_Gemeinschaft_Belgiens-1536x864.jpg 1536w, https:\/\/www.unionbelge.be\/wp-content\/uploads\/2025\/10\/Eupen_das_Parlamentsgebaude_der_Deutschsprachigen_Gemeinschaft_Belgiens-1000x562.jpg 1000w, https:\/\/www.unionbelge.be\/wp-content\/uploads\/2025\/10\/Eupen_das_Parlamentsgebaude_der_Deutschsprachigen_Gemeinschaft_Belgiens-230x129.jpg 230w, https:\/\/www.unionbelge.be\/wp-content\/uploads\/2025\/10\/Eupen_das_Parlamentsgebaude_der_Deutschsprachigen_Gemeinschaft_Belgiens-350x197.jpg 350w, https:\/\/www.unionbelge.be\/wp-content\/uploads\/2025\/10\/Eupen_das_Parlamentsgebaude_der_Deutschsprachigen_Gemeinschaft_Belgiens-480x270.jpg 480w, https:\/\/www.unionbelge.be\/wp-content\/uploads\/2025\/10\/Eupen_das_Parlamentsgebaude_der_Deutschsprachigen_Gemeinschaft_Belgiens-420x236.jpg 420w, https:\/\/www.unionbelge.be\/wp-content\/uploads\/2025\/10\/Eupen_das_Parlamentsgebaude_der_Deutschsprachigen_Gemeinschaft_Belgiens-800x450.jpg 800w, https:\/\/www.unionbelge.be\/wp-content\/uploads\/2025\/10\/Eupen_das_Parlamentsgebaude_der_Deutschsprachigen_Gemeinschaft_Belgiens.jpg 1672w\" sizes=\"auto, (max-width: 1024px) 100vw, 1024px\" \/><\/a><\/figure>\n\n\n\n<p>Beeld &#8211; Image &#8211; Bild: Ook de Duitstalige gemeenschap beschikt over een eigen illegaal en peperduur parlement &#8211; La communaut\u00e9 germanophone dispose elle aussi de son propre parlement ill\u00e9gal et extr\u00eamement co\u00fbteux. &#8211; Auch die deutschsprachige Gemeinschaft verf\u00fcgt \u00fcber ein eigenes illegales und \u00fcberteuertes Parlament.<\/p>\n\n\n\n<p>Bron &#8211; Source &#8211; Quelle: wikipedia<\/p>\n\n\n\n<p><strong>ES GIBT GENUG GELD!<\/strong><\/p>\n\n\n\n<p><strong>Premierminister und Separatist Bart De Wever (N-VA) erkl\u00e4rte k\u00fcrzlich in einer Gastvorlesung an der Universit\u00e4t Gent (am 7. Oktober 2025), dass das Geld der belgischen Beh\u00f6rden (und davon gibt es einige) aufgebraucht sei. Was er jedoch nicht sagte \u2013 und was Sie auch in den parteiengesteuerten Medien nicht erfahren werden \u2013, ist, dass die Regionen und Gemeinschaften die Belgier jedes Jahr eine schwindelerregende Summe kosten. \u00dcber den \u201ef\u00f6deralen\u201c Staat und ihre eigenen Steuereinnahmen erhalten diese verfassungswidrigen, spaltenden und \u00fcberfl\u00fcssigen Gebilde j\u00e4hrlich rund 100 Milliarden Euro. Dieser Betrag wird nicht kontrolliert: Es handelt sich um einen Blankoscheck.<\/strong><\/p>\n\n\n\n<p>Die Regionen und Gemeinschaften verf\u00fcgen in Belgien \u00fcber drei gro\u00dfe Einnahmequellen. Zun\u00e4chst \u2013 vor allem f\u00fcr die Regionen \u2013 handelt es sich um direkt erhobene eigene Steuern (z. B. Registrierungsgeb\u00fchren oder Grundsteuer). Dann erhalten sie j\u00e4hrlich eine Summe durch f\u00f6derale Zuwendungen. Schlie\u00dflich erheben die Regionen Einnahmen \u00fcber Zuschl\u00e4ge auf die f\u00f6derale Einkommensteuer.<\/p>\n\n\n\n<p>So k\u00f6nnen wir f\u00fcr jede einzelne Entit\u00e4t betrachten, wie viel Geld diese \u00fcberfl\u00fcssigen Strukturen die Belgier j\u00e4hrlich kosten.<\/p>\n\n\n\n<p><strong>1)<\/strong><strong>&nbsp; <\/strong><strong><u>Die Gemeinschaften<\/u><\/strong><\/p>\n\n\n\n<p>Die <strong>\u201efl\u00e4mische\u201c Gemeinschaft<\/strong> erhebt j\u00e4hrlich einen kleinen Teil eigener Steuern (etwa 200 Millionen Euro pro Jahr). Au\u00dferdem erh\u00e4lt sie 5 Milliarden Euro an j\u00e4hrlichen \u201ef\u00f6deralen\u201c Zuwendungen (davon gehen 250 Millionen Euro an die <strong>VGC<\/strong> \u2013 die \u201eFl\u00e4mische Gemeinschaftskommission\u201c \u2013 in der Region Br\u00fcssel).<\/p>\n\n\n\n<p>Die <strong>\u201efranz\u00f6sische\u201c Gemeinschaft<\/strong> erh\u00e4lt j\u00e4hrlich 8 Milliarden Euro an \u201ef\u00f6deralen\u201c Zuwendungen, von denen 400 Millionen Euro an die <strong>FGC<\/strong> \u2013 die \u201eFranz\u00f6sische Gemeinschaftskommission\u201c \u2013 in Br\u00fcssel gehen. Dar\u00fcber hinaus erhebt sie j\u00e4hrlich 250 Millionen Euro an eigenen Steuern. Die <strong>GGC<\/strong> in der Region Br\u00fcssel-Hauptstadt erh\u00e4lt j\u00e4hrlich 1 Milliarde Euro an \u201ef\u00f6deralen\u201c Transfers. Die \u00fcbrigen 200 Millionen Euro, die diese Einrichtung jedes Jahr erh\u00e4lt, stammen aus dem Br\u00fcsseler Regionalhaushalt. Schlie\u00dflich erhebt die deutschsprachige Gemeinschaft jedes Jahr 10 Millionen Euro an eigenen Steuern. Sie erh\u00e4lt 90 Millionen Euro an j\u00e4hrlichen Zuwendungen vom Staat.<\/p>\n\n\n\n<p><strong>Kurz gesagt, die drei Gemeinschaften erhalten zusammen jedes Jahr etwa <u>13 Milliarden Euro<\/u> vom belgischen Staat. Die drei Gemeinschaftskommissionen in der Region Br\u00fcssel erhalten j\u00e4hrlich rund <u>2 Milliarden Euro<\/u>, entweder indirekt (\u00fcber den Haushalt der Gemeinschaften oder der Region Br\u00fcssel) oder direkt vom Zentralstaat bezahlt.<\/strong><\/p>\n\n\n\n<figure class=\"wp-block-image size-full\"><a href=\"https:\/\/www.unionbelge.be\/wp-content\/uploads\/2025\/10\/money-b-ank-note-euro-banknote-preview.jpg\"><img loading=\"lazy\" decoding=\"async\" width=\"728\" height=\"470\" src=\"https:\/\/www.unionbelge.be\/wp-content\/uploads\/2025\/10\/money-b-ank-note-euro-banknote-preview.jpg\" alt=\"\" class=\"wp-image-15393\" srcset=\"https:\/\/www.unionbelge.be\/wp-content\/uploads\/2025\/10\/money-b-ank-note-euro-banknote-preview.jpg 728w, https:\/\/www.unionbelge.be\/wp-content\/uploads\/2025\/10\/money-b-ank-note-euro-banknote-preview-300x194.jpg 300w, https:\/\/www.unionbelge.be\/wp-content\/uploads\/2025\/10\/money-b-ank-note-euro-banknote-preview-230x148.jpg 230w, https:\/\/www.unionbelge.be\/wp-content\/uploads\/2025\/10\/money-b-ank-note-euro-banknote-preview-350x226.jpg 350w, https:\/\/www.unionbelge.be\/wp-content\/uploads\/2025\/10\/money-b-ank-note-euro-banknote-preview-480x310.jpg 480w, https:\/\/www.unionbelge.be\/wp-content\/uploads\/2025\/10\/money-b-ank-note-euro-banknote-preview-420x271.jpg 420w\" sizes=\"auto, (max-width: 728px) 100vw, 728px\" \/><\/a><\/figure>\n\n\n\n<p>De federalistische geldverspilling \u2013 Le gaspillage d\u2019argent f\u00e9d\u00e9raliste \u2013 Die f\u00f6deralistische Geldverschwendung<\/p>\n\n\n\n<p>Bron \u2013 Source \u2013 Quelle: <a href=\"https:\/\/i2.pickpik.com\/photos\/988\/1006\/437\/money-bank-note-euro-banknote-preview.jpg\">https:\/\/i2.pickpik.com\/photos\/988\/1006\/437\/money-bank-note-euro-banknote-preview.jpg<\/a><\/p>\n\n\n\n<p><strong>2)<\/strong><strong>&nbsp; <\/strong><strong><u>Die Regionen<\/u><\/strong><\/p>\n\n\n\n<p>Seit der sechsten \u201cStaatsreform\u201d stammt ein Teil der Einnahmen der Regionen aus Zuschl\u00e4gen auf die \u201ef\u00f6derale\u201c Einkommensteuer. F\u00fcr die <strong>\u201efl\u00e4mische\u201c Region<\/strong> bel\u00e4uft sich dies auf 18 Milliarden Euro pro Jahr. Diese Region erh\u00e4lt dar\u00fcber hinaus 19 Milliarden Euro an direkten \u201ef\u00f6deralen\u201c Zuwendungen. Als w\u00e4re das nicht genug, erhebt sie zus\u00e4tzlich 10 Milliarden Euro an eigenen Steuern. Die <strong>\u201ewallonische\u201c Region<\/strong> erhebt 5 Milliarden Euro an eigenen Steuern und erh\u00e4lt 11 Milliarden Euro an \u201ef\u00f6deralen\u201c Zuwendungen. Hinzu kommen weitere 10 Milliarden Euro, die die Region j\u00e4hrlich \u00fcber Zuschl\u00e4ge auf die nationale Einkommensteuer erh\u00e4lt. Dieser letztgenannte Betrag bel\u00e4uft sich f\u00fcr die <strong>Region Br\u00fcssel<\/strong> auf 3 Milliarden Euro. Dieselbe Summe erh\u00e4lt diese Entit\u00e4t j\u00e4hrlich \u00fcber direkte Zuwendungen. Schlie\u00dflich erhebt die Region jedes Jahr direkt 2 Milliarden Euro an direkten Steuern.<\/p>\n\n\n\n<p><strong>Die drei Regionen erhalten zusammen jedes Jahr etwa <u>64 Milliarden Euro<\/u> vom belgischen Staat. Ein sehr kleiner Teil davon wird an die GGC (Gemeinsame Gemeinschaftskommission) weitergeleitet.<\/strong><\/p>\n\n\n\n<p><strong>3)<\/strong><strong>&nbsp; <\/strong><strong><u>Andere Ausgaben<\/u><\/strong><\/p>\n\n\n\n<p>Unabh\u00e4ngig von den genannten und astronomischen j\u00e4hrlichen Summen gew\u00e4hrt der \u201ef\u00f6derale\u201c Staat den Regionen und Gemeinschaften jedes Jahr rund <strong><u>1 Milliarde Euro<\/u><\/strong> zur Finanzierung gemeinsamer Zust\u00e4ndigkeiten, f\u00fcr Kooperationsabkommen, Sanierungen oder ad-hoc-Hilfen.<\/p>\n\n\n\n<p><strong><u>Kurz gesagt, etwa 79 Milliarden Euro flie\u00dfen j\u00e4hrlich an die Regionen und Gemeinschaften. Diese erheben dar\u00fcber hinaus mehr als 17 Milliarden Euro an direkten Steuern. Das ist nat\u00fcrlich eine schwindelerregende Summe (rund 100 Milliarden Euro).<\/u><\/strong><\/p>\n\n\n\n<p><strong>J\u00e4hrlich nimmt der Zentralstaat 127 Milliarden Euro an Einnahmen ein, wovon also 79 Milliarden Euro an die \u201eTeilstaaten\u201c gehen. Ihm verbleiben somit 48 Milliarden Euro. Der gr\u00f6\u00dfte Teil davon dient zur Finanzierung der Sozialversicherung (durch Sozialversicherungsbeitr\u00e4ge und andere Einnahmen steigt der Betrag, der f\u00fcr die nationalen Zweige der Sozialversicherung ausgegeben wird, auf etwa 100 Milliarden Euro). Mit dem verbleibenden Geld m\u00fcssen alle anderen Ressorts finanziert werden.<\/strong><\/p>\n\n\n\n<p><strong><u>Im Gegensatz zu dem, was De Wever heuchlerisch oder aus Unwissenheit (?) erkl\u00e4rte, gibt es in Belgien also durchaus genug Geld<\/u><\/strong><strong>. Es wird nur auf schamlose Weise verschwendet. Es ist emp\u00f6rend, dass jedes Jahr rund 100 Milliarden Euro f\u00fcr v\u00f6llig nutzlose Einheiten vergeudet werden, die nicht einmal von einer h\u00f6heren Beh\u00f6rde kontrolliert werden k\u00f6nnen. <u>Mindestens 10 Milliarden Euro davon sind \u00fcberfl\u00fcssige, verschwendete Steuergelder (<a href=\"https:\/\/www.unionbelge.be\/?p=15294\" target=\"_blank\" rel=\"noreferrer noopener\">siehe unsere Studie<\/a>).<\/u><\/strong><\/p>\n\n\n\n<p><strong>Zum Vergleich: Der belgische Staat wird von der EU kontrolliert. 80 % dieses Betrags (alle nicht direkt erhobenen Einnahmen) werden \u00fcbrigens von allen Belgiern bezahlt \u2013 von Arlon bis Ostende. Sie sollen jahrzehntelang zahlen, um ein unpraktikables und s\u00fcndhaft teures sprachf\u00f6deralistisches Labyrinth aufrechtzuerhalten. Jede Zust\u00e4ndigkeit, die von den sogenannten \u201eTeilstaaten\u201c ausge\u00fcbt wird, kann einerseits vom Nationalstaat und andererseits von den Provinzen wahrgenommen werden. Mehr denn je ist es notwendig, das unitarische Belgien \u2013 mit einem einzigen Parlament und einer einzigen Regierung \u2013 nach einem Referendum \u00fcber diese Frage wiederherzustellen.<\/strong><\/p>\n","protected":false},"excerpt":{"rendered":"<p>Le Premier ministre et s\u00e9paratiste Bart De Wever (N-VA) a r\u00e9cemment d\u00e9clar\u00e9 comme invit\u00e9 \u00e0 un cours \u00e0 l\u2019universit\u00e9 de Gand (le 7 octobre 2025), que l\u2019argent des autorit\u00e9s belges (et il y en a beaucoup) \u00e9tait \u00e9puis\u00e9. Mais ce qu\u2019il n\u2019a pas dit \u2013 et que vous n\u2019apprendrez pas non plus par les m\u00e9dias particratiques \u2013 c\u2019est que les r\u00e9gions et les communaut\u00e9s co\u00fbtent chaque ann\u00e9e une somme vertigineuse aux Belges &#8211; Premier en separatist Bart De Wever (N-VA) verklaarde recent op een gastcollege aan de universiteit van Gent (7 oktober 2025) dat het geld van de Belgische overheden (er zijn er wel wat) op is. Maar wat hij niet zei en u ook niet via de particratische media zal vernemen, is dat de gewesten en de gemeenschappen de Belgen jaarlijks een duizelingwekkende som kosten &#8211; Premierminister und Separatist Bart De Wever (N-VA) erkl\u00e4rte k\u00fcrzlich in einer Gastvorlesung an der Universit\u00e4t Gent (am 7. Oktober 2025), dass das Geld der belgischen Beh\u00f6rden (und davon gibt es einige) aufgebraucht sei. Was er jedoch nicht sagte \u2013 und was Sie auch in den parteiengesteuerten Medien nicht erfahren werden \u2013, ist, dass die Regionen und Gemeinschaften die Belgier jedes Jahr eine schwindelerregende Summe kosten<\/p>\n","protected":false},"author":2,"featured_media":15389,"comment_status":"closed","ping_status":"closed","sticky":false,"template":"","format":"standard","meta":{"ngg_post_thumbnail":0,"jetpack_post_was_ever_published":false,"_jetpack_newsletter_access":"","_jetpack_dont_email_post_to_subs":false,"_jetpack_newsletter_tier_id":0,"_jetpack_memberships_contains_paywalled_content":false,"powered_cache_disable_cache":false,"_jetpack_memberships_contains_paid_content":false,"footnotes":"","jetpack_publicize_message":"","jetpack_publicize_feature_enabled":true,"jetpack_social_post_already_shared":true,"jetpack_social_options":{"image_generator_settings":{"template":"highway","default_image_id":0,"font":"","enabled":false},"version":2}},"categories":[1,5],"tags":[],"class_list":["post-15388","post","type-post","status-publish","format-standard","has-post-thumbnail","hentry","category-news0","category-opinions"],"jetpack_publicize_connections":[],"jetpack_featured_media_url":"https:\/\/www.unionbelge.be\/wp-content\/uploads\/2025\/10\/wapa.jpg","jetpack_sharing_enabled":true,"jetpack_shortlink":"https:\/\/wp.me\/p6Y7u0-40c","jetpack_likes_enabled":false,"_links":{"self":[{"href":"https:\/\/www.unionbelge.be\/index.php?rest_route=\/wp\/v2\/posts\/15388","targetHints":{"allow":["GET"]}}],"collection":[{"href":"https:\/\/www.unionbelge.be\/index.php?rest_route=\/wp\/v2\/posts"}],"about":[{"href":"https:\/\/www.unionbelge.be\/index.php?rest_route=\/wp\/v2\/types\/post"}],"author":[{"embeddable":true,"href":"https:\/\/www.unionbelge.be\/index.php?rest_route=\/wp\/v2\/users\/2"}],"replies":[{"embeddable":true,"href":"https:\/\/www.unionbelge.be\/index.php?rest_route=%2Fwp%2Fv2%2Fcomments&post=15388"}],"version-history":[{"count":1,"href":"https:\/\/www.unionbelge.be\/index.php?rest_route=\/wp\/v2\/posts\/15388\/revisions"}],"predecessor-version":[{"id":15394,"href":"https:\/\/www.unionbelge.be\/index.php?rest_route=\/wp\/v2\/posts\/15388\/revisions\/15394"}],"wp:featuredmedia":[{"embeddable":true,"href":"https:\/\/www.unionbelge.be\/index.php?rest_route=\/wp\/v2\/media\/15389"}],"wp:attachment":[{"href":"https:\/\/www.unionbelge.be\/index.php?rest_route=%2Fwp%2Fv2%2Fmedia&parent=15388"}],"wp:term":[{"taxonomy":"category","embeddable":true,"href":"https:\/\/www.unionbelge.be\/index.php?rest_route=%2Fwp%2Fv2%2Fcategories&post=15388"},{"taxonomy":"post_tag","embeddable":true,"href":"https:\/\/www.unionbelge.be\/index.php?rest_route=%2Fwp%2Fv2%2Ftags&post=15388"}],"curies":[{"name":"wp","href":"https:\/\/api.w.org\/{rel}","templated":true}]}}