{"id":15303,"date":"2025-07-18T22:24:01","date_gmt":"2025-07-18T21:24:01","guid":{"rendered":"https:\/\/www.unionbelge.be\/?p=15303"},"modified":"2025-07-18T22:25:42","modified_gmt":"2025-07-18T21:25:42","slug":"stand-du-b-u-b-du-21-juillet-2025-stand-b-u-b-op-21-juli-2025-stand-der-b-u-b-vom-21-juli-2025","status":"publish","type":"post","link":"https:\/\/www.unionbelge.be\/?p=15303","title":{"rendered":"STAND DU B.U.B. DU 21 JUILLET 2025 &#8211; STAND B.U.B. OP 21 JULI 2025 &#8211; STAND DER B.U.B. VOM 21. JULI 2025"},"content":{"rendered":"\n<p><a href=\"https:\/\/www.unionbelge.be\/?p=15287\" target=\"_blank\" rel=\"noreferrer noopener\"><strong>STAND DU B.U.B. DU 21 JUILLET 2025<\/strong><\/a><\/p>\n\n\n\n<p>Vous trouverez <strong>le stand du B.U.B.<\/strong> en face de l\u2019Eglise du Sablon, rue de la R\u00e9gence \u00e0 Bruxelles de 10 \u00e0 18 h. <\/p>\n\n\n\n<p>Nous vous y accueillerons avec plaisir et nous vous souhaitons une joyeuse F\u00eate nationale belge\u00a0!<\/p>\n\n\n\n<p><a href=\"https:\/\/www.unionbelge.be\/?p=15287\" target=\"_blank\" rel=\"noreferrer noopener\"><strong>STAND B.U.B. OP 21 JULI 2025<\/strong><\/a><\/p>\n\n\n\n<p>U vindt <strong>de stand van de B.U.B. <\/strong>tegenover de Zavelkerk in de Regentschapsstraat in Brussel van 10 tot 18 u. <\/p>\n\n\n\n<p>Wij heten u daar welkom en wensen u een fijne Belgische nationale feestdag !<\/p>\n\n\n\n<p><a href=\"https:\/\/www.unionbelge.be\/?p=15287\" target=\"_blank\" rel=\"noreferrer noopener\"><strong>STAND DER B.U.B. VOM 21. JULI 2025<\/strong><\/a><\/p>\n\n\n\n<p>Sie finden <strong>den Stand der B.U.B. <\/strong>gegen\u00fcber der Zavelkirche, Rue de la R\u00e9gence in Br\u00fcssel von 10 bis 18 Uhr. <\/p>\n\n\n\n<p>Wir freuen uns, Sie dort begr\u00fc\u00dfen zu d\u00fcrfen und w\u00fcnschen Ihnen einen fr\u00f6hlichen belgischen Nationalfeiertag !<\/p>\n","protected":false},"excerpt":{"rendered":"<p>Vous trouverez le stand du B.U.B. en face de l\u2019Eglise du Sablon, rue de la R\u00e9gence \u00e0 Bruxelles de 10 \u00e0 18 h &#8211; U vindt de stand van de B.U.B. tegenover de Zavelkerk in de Regentschapsstraat in Brussel van 10 tot 18 u &#8211; Sie finden den Stand der B.U.B. gegen\u00fcber der Zavelkirche, Rue de la R\u00e9gence in Br\u00fcssel von 10 bis 18 Uhr<\/p>\n","protected":false},"author":2,"featured_media":15304,"comment_status":"closed","ping_status":"closed","sticky":false,"template":"","format":"standard","meta":{"ngg_post_thumbnail":0,"jetpack_post_was_ever_published":false,"_jetpack_newsletter_access":"","_jetpack_dont_email_post_to_subs":false,"_jetpack_newsletter_tier_id":0,"_jetpack_memberships_contains_paywalled_content":false,"powered_cache_disable_cache":false,"_jetpack_memberships_contains_paid_content":false,"footnotes":"","jetpack_publicize_message":"","jetpack_publicize_feature_enabled":true,"jetpack_social_post_already_shared":true,"jetpack_social_options":{"image_generator_settings":{"template":"highway","default_image_id":0,"font":"","enabled":false},"version":2}},"categories":[1,5,4],"tags":[],"class_list":["post-15303","post","type-post","status-publish","format-standard","has-post-thumbnail","hentry","category-news0","category-opinions","category-info"],"jetpack_publicize_connections":[],"jetpack_featured_media_url":"https:\/\/www.unionbelge.be\/wp-content\/uploads\/2025\/07\/image001.jpg","jetpack_sharing_enabled":true,"jetpack_shortlink":"https:\/\/wp.me\/p6Y7u0-3YP","jetpack_likes_enabled":false,"_links":{"self":[{"href":"https:\/\/www.unionbelge.be\/index.php?rest_route=\/wp\/v2\/posts\/15303","targetHints":{"allow":["GET"]}}],"collection":[{"href":"https:\/\/www.unionbelge.be\/index.php?rest_route=\/wp\/v2\/posts"}],"about":[{"href":"https:\/\/www.unionbelge.be\/index.php?rest_route=\/wp\/v2\/types\/post"}],"author":[{"embeddable":true,"href":"https:\/\/www.unionbelge.be\/index.php?rest_route=\/wp\/v2\/users\/2"}],"replies":[{"embeddable":true,"href":"https:\/\/www.unionbelge.be\/index.php?rest_route=%2Fwp%2Fv2%2Fcomments&post=15303"}],"version-history":[{"count":2,"href":"https:\/\/www.unionbelge.be\/index.php?rest_route=\/wp\/v2\/posts\/15303\/revisions"}],"predecessor-version":[{"id":15306,"href":"https:\/\/www.unionbelge.be\/index.php?rest_route=\/wp\/v2\/posts\/15303\/revisions\/15306"}],"wp:featuredmedia":[{"embeddable":true,"href":"https:\/\/www.unionbelge.be\/index.php?rest_route=\/wp\/v2\/media\/15304"}],"wp:attachment":[{"href":"https:\/\/www.unionbelge.be\/index.php?rest_route=%2Fwp%2Fv2%2Fmedia&parent=15303"}],"wp:term":[{"taxonomy":"category","embeddable":true,"href":"https:\/\/www.unionbelge.be\/index.php?rest_route=%2Fwp%2Fv2%2Fcategories&post=15303"},{"taxonomy":"post_tag","embeddable":true,"href":"https:\/\/www.unionbelge.be\/index.php?rest_route=%2Fwp%2Fv2%2Ftags&post=15303"}],"curies":[{"name":"wp","href":"https:\/\/api.w.org\/{rel}","templated":true}]}}