{"id":15294,"date":"2025-07-07T17:30:10","date_gmt":"2025-07-07T16:30:10","guid":{"rendered":"https:\/\/www.unionbelge.be\/?p=15294"},"modified":"2025-07-08T16:20:15","modified_gmt":"2025-07-08T15:20:15","slug":"kost-federalisme-10-miljard-euro-per-jaar-cout-du-federalisme-10-milliards-deuros-par-an-2","status":"publish","type":"post","link":"https:\/\/www.unionbelge.be\/?p=15294","title":{"rendered":"KOST FEDERALISME: 10 MILJARD EURO PER JAAR \u2013 COUT DU FEDERALISME: 10 MILLIARDS D\u2019EUROS PAR AN &#8211; KOSTEN DES F\u00d6DERALISMUS: 10 MILLIARDEN EURO PRO JAHR"},"content":{"rendered":"\n<p><strong><a href=\"https:\/\/www.unionbelge.be\/wp-content\/uploads\/2010\/document\/De%20kost%20van%20het%20Belgisch%20federalisme%202009.pdf\">BESPAREN ? FEDERALISME AFSCHAFFEN !<\/a><\/strong><\/p>\n\n\n\n<p><strong>Waar de media nooit over spreken, is de kost van het taalfederalisme. Nochtans kan op deze post heel wat geld bespaard worden om de begroting recht te trekken. De B.U.B. heeft reeds in februari 2007 de kost van het federalisme op 10 miljard euro per jaar berekend. In 2009 werd de studie verfijnd en hier vindt u een samenvatting.&nbsp;<\/strong><\/p>\n\n\n\n<p><strong>Vijftien jaar&nbsp;later&nbsp;is&nbsp;er&nbsp;niets&nbsp;veranderd,&nbsp;integendeel\u2026<\/strong><\/p>\n\n\n\n<ul class=\"wp-block-list\">\n<li><strong>De directe kosten<\/strong><\/li>\n<\/ul>\n\n\n\n<p><strong>De vijf gewest- en gemeenschapsregeringen en \u2013parlementen<\/strong> cre\u00ebren natuurlijk een directe kost: 313 parlementari\u00ebrs en 39\u00a0 ministers, die samen een twintigtal gebouwen nodig hebben. Daarbij komen nog de parlementaire werkingskosten en bedienden alsook de kabinetskosten en -medewerkers, zodat men op minstens 300 miljoen euro per jaar komt.<\/p>\n\n\n\n<p>Bovendien zijn er in Belgi\u00eb ongeveer een miljoen <strong>ambtenaren<\/strong>, waarvan de meeste zeer nuttig zijn en goed werk leveren, bijv. politieagenten, leraars, provinciaal en gemeentelijk personeel en federale ambtenaren. De meeste gewest- en gemeenschapsambtenaren zullen uiteraard ook in een nieuw unitair Belgi\u00eb noodzakelijk blijven. Een aantal posten zal echter overbodig worden als men de ambtenaren tweetalig maakt en hen samenzet. Die synergie zal toelaten de diensten af te slanken zodat 10% van de ambtenaren kunnen uitgespaard worden. Aangezien een ambtenaar gemiddeld 50.000 \u20ac per jaar kost, kan zo ongeveer 5 miljard euro op jaarbasis bespaard worden.<\/p>\n\n\n\n<p>Bijgevolg levert de afschaffing van het federalisme in totaal ongeveer <strong>5,3 miljard euro<\/strong> per jaar op vlak van de directe kosten.<\/p>\n\n\n\n<ul class=\"wp-block-list\">\n<li><strong>De indirecte kosten<\/strong><\/li>\n<\/ul>\n\n\n\n<p>De indirecte kosten van het Belgisch federalisme zijn abstracter en dus moeilijker te berekenen.<\/p>\n\n\n\n<p>Allereerst is er een <strong>gebrek aan synergie<\/strong> door de vele splitsingen van overheidsdiensten sinds 1980. Op vlak van openbare werken heeft elk gewest nu zijn eigen ingenieurs terwijl die, als ze samenwerkten, noodzakelijkerwijze meer expertise zouden verenigen en minder dubbel of driedubbel werk zouden verrichten.<\/p>\n\n\n\n<p>Het verlies aan synergie kan bescheiden op <strong>500 miljoen euro<\/strong> per jaar worden geschat.<\/p>\n\n\n\n<p>Bovendien verliest Belgi\u00eb heel wat <strong>buitenlandse investeringen <\/strong>door de opsplitsing van nationale bevoegdheden zoals economie, ruimtelijke ordening, milieu en buitenlandse handel. Welk bedrijf wil graag investeren in een staat waar drie wetgevingen bestaan voor ruimtelijke ordening, milieu, werkgelegenheid enz.? Deze redenering geldt des te meer in periodes van institutionele en economische crisis, zoals Belgi\u00eb die nu kent sinds 2007 en 2008. Het aantal buitenlandse investeringen in Belgi\u00eb is in de jaren 2007 tot 2010 overigens flink gedaald (en vooral in het \u201cVlaams\u201d gewest).<\/p>\n\n\n\n<p>We schatten het verlies aan investeringen door de ingewikkeldheid van het taalfederalisme, de rechtsonzekerheid en de bijkomende kost voor de bedrijven die deze factoren met zich meebrengen op <strong>3 miljard euro <\/strong>per jaar.<\/p>\n\n\n\n<p>Ook <strong>op toeristisch vlak<\/strong> verliest Belgi\u00eb heel wat inkomsten door een gebrek aan een nationaal geco\u00f6rdineerd toeristisch beleid. In 2010 bezochten ongeveer 7 miljoen buitenlandse toeristen Belgi\u00eb. In ons buurland Frankrijk, het meest bezochte land van de wereld met Parijs als meest bezochte stad van de wereld \u2013 op nauwelijks 300 km van Brussel -, bedroeg dit aantal in 2009 76 miljoen, dus meer dan 10 keer zoveel. Frankrijk telt nochtans maar 58 miljoen inwoners, maar heeft \u00e9\u00e9n toeristisch beleid. Belgi\u00eb trekt daarentegen aanzienlijk minder buitenlandse toeristen aan dan het inwoners heeft hoewel Brussel de hoofdstad van Europa is. Als we jaarlijks 10 miljoen toeristen m\u00e9\u00e9r aantrekken, levert dit (a rato van 200 euro per overnachting) <strong>2 miljard euro<\/strong> op.<\/p>\n\n\n\n<p>In totaal bedragen de indirecte kosten van het taalfederalisme dus ongeveer <strong>5,5 miljard euro<\/strong> per jaar.<\/p>\n\n\n\n<p><strong>Besluit<\/strong><\/p>\n\n\n\n<p><strong>De berekening van de B.U.B. toont aan dat het federalisme de Belgen jaarlijks minstens 10 miljard euro kost (10,8 miljard euro om precies te zijn).<\/strong> <strong>Deze cijfers stemmen tot nadenken, zeker wanneer men weet dat Belgi\u00eb \u00e9\u00e9n van de landen is met de hoogste belastingsdruk van de wereld, vooral voor de middenklasse.<\/strong><\/p>\n\n\n\n<p><strong>Bovendien heeft al dat politieke gebakkelei rond politiek-communautaire problemen en staatshervormingen een prijs: de politici kunnen zich minder met de echte problemen bezighouden zoals de terugdringing van de staatsschuld. Ook dat is de prijs van het taalfederalisme.<\/strong><\/p>\n\n\n\n<p><strong>Besparen is niet moeilijk, maar de politici moeten wel eerst begrijpen waar ze moeten besparen\u2026<\/strong><\/p>\n\n\n\n<p><\/p>\n\n\n\n<p><strong><a href=\"https:\/\/www.unionbelge.be\/wp-content\/uploads\/2010\/document\/De%20kost%20van%20het%20Belgisch%20federalisme%202009.pdf\">ECONOMISER? SUPPRIMER LE FEDERALISME !<\/a><\/strong><\/p>\n\n\n\n<p><strong>Ce dont les m\u00e9dias ne parlent jamais est le co\u00fbt du f\u00e9d\u00e9ralisme linguistique. Il est pourtant possible de r\u00e9aliser d\u2019importantes \u00e9conomies \u00e0 ce niveau afin d\u2019assainir le budget de l\u2019Etat. D\u00e9j\u00e0 en f\u00e9vrier 2007, le B.U.B. a calcul\u00e9 le co\u00fbt du f\u00e9d\u00e9ralisme \u00e0 10 milliards d\u2019euros par an. En 2009, l\u2019\u00e9tude a \u00e9t\u00e9 affin\u00e9e et ci-dessous, nous vous donnons un r\u00e9sum\u00e9. Quinze ans&nbsp;plus&nbsp;tard,&nbsp;rien n\u2019a&nbsp;chang\u00e9,&nbsp;bien&nbsp;au&nbsp;contraire\u2026<\/strong><\/p>\n\n\n\n<ul class=\"wp-block-list\">\n<li><strong>Les co\u00fbts directs<\/strong><\/li>\n<\/ul>\n\n\n\n<p><strong>Les cinq gouvernements et parlements r\u00e9gionaux et communautaires<\/strong> engendrent \u00e9videmment un co\u00fbt direct : 313 parlementaires et 39 ministres, qui utilisent ensemble une vingtaine de b\u00e2timents. Il s\u2019y ajoutent les frais de fonctionnement et employ\u00e9s parlementaires ainsi que les frais de fonctionnement et les collaborateurs des cabinets, ce qui co\u00fbte au total 300 millions d\u2019euros par an.<\/p>\n\n\n\n<p>En outre, il y a en Belgique environ un million de <strong>fonctionnaires<\/strong>, dont la plupart sont tr\u00e8s utiles et font tr\u00e8s bien leur travail, par exemple les agents de police, les enseignants, le personnel communal et provincial et les fonctionnaires f\u00e9d\u00e9raux. La plupart des fonctionnaires r\u00e9gionaux et communautaires ne perdront pas leur job dans une nouvelle Belgique unitaire parce qu\u2019ils resteront n\u00e9cessaires. Un certain nombre de postes deviendront en revanche superflus lorsqu\u2019on rend les fonctionnaires bilingues et les met ensemble. Cette synergie permettra de d\u00e9graisser les services de sorte que 10% des fonctionnaires peuvent \u00eatre \u00e9conomis\u00e9s. Vu qu\u2019un fonctionnaire co\u00fbte en moyenne 50.000 euros par an, on peut ainsi \u00e9conomiser 5 milliards d\u2019euros sur base annuelle.<\/p>\n\n\n\n<p>Par cons\u00e9quent, la suppression du f\u00e9d\u00e9ralisme rapporte au total environ <strong>5,3 milliards d\u2019euros<\/strong> par an au niveau du co\u00fbt direct.<\/p>\n\n\n\n<ul class=\"wp-block-list\">\n<li><strong>Les co\u00fbts indirects<\/strong><\/li>\n<\/ul>\n\n\n\n<p>Les co\u00fbts indirects du f\u00e9d\u00e9ralisme belge sont plus abstraits et donc plus difficiles \u00e0 calculer.<\/p>\n\n\n\n<p>Tout d\u2019abord, il y a <strong>le manque de synergie<\/strong> en raison du grand nombre de scissions de d\u00e9partements publics depuis 1980. Sur le plan des travaux publics par exemple, chaque r\u00e9gion dispose de ses propres ing\u00e9nieurs tandis qu\u2019ils pouvaient rassembler plus d\u2019expertise s\u2019ils travaillaient ensemble. De m\u00eame, on \u00e9viterait les doublons et les triplons.<\/p>\n\n\n\n<p>La perte de synergie peut \u00eatre \u00e9valu\u00e9e modestement \u00e0 une somme de <strong>500 millions d\u2019euros.<\/strong><\/p>\n\n\n\n<p>En outre, la Belgique perd \u00e9norm\u00e9ment d\u2019<strong>investissements \u00e9trangers<\/strong> par la scission de comp\u00e9tences nationales comme l\u2019\u00e9conomie, l\u2019am\u00e9nagement du territoire, l\u2019environnement et le commerce ext\u00e9rieur. Quelle entreprise aime bien investir dans un pays o\u00f9 il existe trois l\u00e9gislations en mati\u00e8re d\u2019urbanisme, d\u2019environnement, d\u2019emploi etc. ? Ce raisonnement vaut d\u2019autant plus en p\u00e9riodes de crise institutionnelle et \u00e9conomique, comme la Belgique les conna\u00eet depuis 2007 et 2008. Le nombre d\u2019investissements \u00e9trangers a d\u2019ailleurs fort baiss\u00e9 dans la p\u00e9riode de 2007 \u00e0 2010 (et surtout en r\u00e9gion \u00ab flamande \u00bb).<\/p>\n\n\n\n<p>Nous estimons la perte d\u2019investissements en raison de la complexit\u00e9 du f\u00e9d\u00e9ralisme linguistique, l\u2019ins\u00e9curit\u00e9 juridique et le co\u00fbt suppl\u00e9mentaire que ces facteurs engendrent pour les entreprises \u00e0 <strong>3 milliards d\u2019euros<\/strong> par an.<\/p>\n\n\n\n<p>Aussi sur le plan du <strong>tourisme<\/strong>, la Belgique perd des rentr\u00e9es importantes en raison de l\u2019absence d\u2019une politique touristique coordonn\u00e9e au niveau national. En 2010, pr\u00e8s de 7 millions de touristes \u00e9trangers ont visit\u00e9 la Belgique. Notre voisin du sud, la France, le pays le plus visit\u00e9 du monde avec Paris comme la ville la plus visit\u00e9e du monde \u2013 \u00e0 \u00e0 peine 300 km de Bruxelles \u2013 attirait 76 millions de touristes \u00e9trangers en 2009, donc plus de 10 fois que le chiffre belge. La France ne compte pourtant que 58 millions d\u2019habitants, mais m\u00e8ne une politique touristique unique. En revanche, la Belgique attire bien moins de touristes qu\u2019elle compte d\u2019habitants malgr\u00e9 le fait que Bruxelles soit la capitale de l\u2019Europe. Si nous attirons chaque ann\u00e9e 10 millions de touristes en plus, cela rapportera (\u00e0 concurrence de 200 euros par nuit\u00e9e) <strong>2 milliards d\u2019euros<\/strong>.<\/p>\n\n\n\n<p>Au total, les co\u00fbts indirects du f\u00e9d\u00e9ralisme linguistique s\u2019\u00e9l\u00e8vent donc \u00e0 environ 5,5 milliards d\u2019euros par an.<\/p>\n\n\n\n<p><strong>Conclusion<\/strong><\/p>\n\n\n\n<p><strong>Le calcul du B.U.B. d\u00e9montre que le f\u00e9d\u00e9ralisme co\u00fbte annuellement au moins 10 milliards d\u2019euros par an (10,8 milliards d\u2019euros pour \u00eatre pr\u00e9cis). Ces chiffres invitent \u00e0 la r\u00e9flexion, surtout en sachant que la Belgique est l\u2019un des pays avec la plus grande charge fiscale du monde, surtout pour la classe moyenne.<\/strong><\/p>\n\n\n\n<p><strong>En outre, toutes ces querelles politiques sur des questions politico-communautaires et les r\u00e9formes de l\u2019Etat ont un co\u00fbt. En effet, les politiciens disposent de moins de temps pour s\u2019occuper des vrais probl\u00e8mes comme la diminution de la dette publique. <\/strong><strong>Cela aussi est le co\u00fbt du f\u00e9d\u00e9ralisme\u2026<\/strong><\/p>\n\n\n\n<p><strong>Economiser n\u2019est pas difficile, mais les politiciens doivent d\u2019abord comprendre o\u00f9 ils doivent le faire\u2026<\/strong><\/p>\n\n\n\n<p><\/p>\n\n\n\n<p><strong><a href=\"https:\/\/www.unionbelge.be\/wp-content\/uploads\/2010\/document\/De%20kost%20van%20het%20Belgisch%20federalisme%202009.pdf\">SPAREN? F\u00d6DERALISMUS ABSCHAFFEN!<\/a><\/strong><\/p>\n\n\n\n<p><strong>Wor\u00fcber die Medien nie sprechen, sind die Kosten des Sprachf\u00f6deralismus. Dabei k\u00f6nnte man an dieser Stelle eine Menge Geld einsparen, um den Haushalt auszugleichen. Die B.U.B. hat bereits im Februar 2007 die Kosten des F\u00f6deralismus auf 10 Milliarden Euro pro Jahr berechnet. Im Jahr 2009 wurde die Studie verfeinert, und hier finden Sie eine Zusammenfassung. <\/strong><strong>F\u00fcnfzehn<\/strong> <strong>Jahre sp\u00e4ter hat sich nichts ge\u00e4ndert, im Gegenteil\u2026<\/strong><\/p>\n\n\n\n<p>\u00b7&nbsp;&nbsp;&nbsp;&nbsp;&nbsp; <strong>Die direkten Kosten<\/strong><\/p>\n\n\n\n<p>Die f\u00fcnf Regional- und Gemeinschaftsregierungen und -parlamente verursachen nat\u00fcrlich direkte Kosten: 313 Parlamentarier und 39 Minister, die zusammen etwa zwanzig Geb\u00e4ude ben\u00f6tigen. Dazu kommen noch die parlamentarischen Betriebskosten und Bediensteten sowie die Kabinettskosten und Mitarbeiter, so dass man auf mindestens 300 Millionen Euro pro Jahr kommt.<\/p>\n\n\n\n<p>Au\u00dferdem gibt es in Belgien ungef\u00e4hr eine Million Beamte, von denen die meisten sehr n\u00fctzlich sind und gute Arbeit leisten, z.B. Polizisten, Lehrer, Provinz- und Gemeindepersonal sowie f\u00f6derale Beamte. Die meisten Regional- und Gemeinschaftsbeamten werden nat\u00fcrlich auch in einem neuen einheitlichen Belgien weiterhin notwendig sein. Einige Stellen w\u00fcrden jedoch \u00fcberfl\u00fcssig, wenn man die Beamten zweisprachig macht und zusammenlegt. Diese Synergie w\u00fcrde es erm\u00f6glichen, die Dienste zu verschlanken, so dass 10 % der Beamten eingespart werden k\u00f6nnen. Da ein Beamter durchschnittlich 50.000 \u20ac pro Jahr kostet, k\u00f6nnen so etwa 5 Milliarden Euro pro Jahr eingespart werden.<\/p>\n\n\n\n<p>Folglich bringt die Abschaffung des F\u00f6deralismus insgesamt etwa 5,3 Milliarden Euro pro Jahr an direkten Kostenersparnissen.<\/p>\n\n\n\n<p>\u00b7&nbsp;&nbsp;&nbsp;&nbsp;&nbsp; <strong>Die indirekten Kosten<\/strong><\/p>\n\n\n\n<p>Die indirekten Kosten des belgischen F\u00f6deralismus sind abstrakter und daher schwerer zu berechnen.<\/p>\n\n\n\n<p>Zun\u00e4chst gibt es einen Mangel an Synergien durch die zahlreichen Aufspaltungen der Regierungsdienste seit 1980. Im Bereich der \u00f6ffentlichen Arbeiten hat jede Region jetzt eigene Ingenieure, die zusammenarbeiten m\u00fcssten, um notwendigerweise mehr Expertise zu b\u00fcndeln und weniger doppelte oder dreifache Arbeit zu leisten.<\/p>\n\n\n\n<p>Der Verlust an Synergien kann bescheiden auf 500 Millionen Euro pro Jahr gesch\u00e4tzt werden.<\/p>\n\n\n\n<p>Au\u00dferdem verliert Belgien viele ausl\u00e4ndische Investitionen aufgrund der Aufteilung nationaler Kompetenzen wie Wirtschaft, Raumordnung, Umwelt und Au\u00dfenhandel. Welches Unternehmen m\u00f6chte schon in einem Staat investieren, in dem drei verschiedene Gesetze f\u00fcr Raumordnung, Umwelt, Besch\u00e4ftigung usw. gelten? Diese Argumentation gilt umso mehr in Zeiten institutioneller und wirtschaftlicher Krisen, wie sie Belgien seit 2007 und 2008 erlebt. Die Anzahl der ausl\u00e4ndischen Investitionen in Belgien ist zwischen 2007 und 2010 deutlich gesunken (vor allem in der \u201efl\u00e4mischen\u201c Region).<\/p>\n\n\n\n<p>Wir sch\u00e4tzen den Verlust an Investitionen aufgrund der Komplexit\u00e4t des Sprachf\u00f6deralismus, der Rechtunsicherheit und der zus\u00e4tzlichen Kosten f\u00fcr Unternehmen, die durch diese Faktoren entstehen, auf 3 Milliarden Euro pro Jahr.<\/p>\n\n\n\n<p>Auch im Tourismus verliert Belgien viele Einnahmen aufgrund des Mangels an einer national koordinierten Tourismuspolitik. Im Jahr 2010 besuchten etwa 7 Millionen ausl\u00e4ndische Touristen Belgien. In unserem Nachbarland Frankreich, dem meistbesuchten Land der Welt mit Paris als meistbesuchter Stadt der Welt \u2013 nur knapp 300 km von Br\u00fcssel entfernt \u2013, betrug diese Zahl im Jahr 2009 76 Millionen, also mehr als das Zehnfache. Frankreich hat immerhin nur 58 Millionen Einwohner, aber eine einheitliche Tourismuspolitik. Belgien zieht hingegen deutlich weniger ausl\u00e4ndische Touristen an als Einwohner, obwohl Br\u00fcssel die Hauptstadt Europas ist. Wenn wir j\u00e4hrlich 10 Millionen Touristen mehr anziehen k\u00f6nnten, w\u00fcrde dies (bei 200 Euro pro \u00dcbernachtung) 2 Milliarden Euro einbringen.<\/p>\n\n\n\n<p>Insgesamt betragen die indirekten Kosten des Sprachf\u00f6deralismus also etwa 5,5 Milliarden Euro pro Jahr.<\/p>\n\n\n\n<p><strong>Fazit<\/strong><\/p>\n\n\n\n<p><strong>Die Berechnung der B.U.B. zeigt, dass der F\u00f6deralismus die Belgier j\u00e4hrlich mindestens 10 Milliarden Euro kostet (genau 10,8 Milliarden Euro). Diese Zahlen sind zum Nachdenken anregend, vor allem wenn man wei\u00df, dass Belgien eines der L\u00e4nder mit der h\u00f6chsten Steuerbelastung der Welt ist, besonders f\u00fcr die Mittelschicht.<\/strong><\/p>\n\n\n\n<p><strong>Au\u00dferdem hat das ganze politische Gez\u00e4nk um politik-kommunaut\u00e4re Probleme und Staatsreformen seinen Preis: Die Politiker k\u00f6nnen sich weniger mit den echten Problemen besch\u00e4ftigen, wie der Verringerung der Staatsverschuldung. Auch das ist der Preis des Sprachf\u00f6deralismus.<\/strong><\/p>\n\n\n\n<p><strong>Sparen ist nicht schwer, aber die Politiker m\u00fcssen erst verstehen, wo sie sparen m\u00fcssen\u2026<\/strong><\/p>\n","protected":false},"excerpt":{"rendered":"<p>Waar de media nooit over spreken, is de kost van het taalfederalisme. Nochtans kan op deze post heel wat geld bespaard worden om de begroting recht te trekken. De B.U.B. heeft reeds in februari 2007 de kost van het federalisme op 10 miljard euro per jaar berekend. In 2009 werd de studie verfijnd  &#8211; Ce dont les m\u00e9dias ne parlent jamais est le co\u00fbt du f\u00e9d\u00e9ralisme linguistique. Il est pourtant possible de r\u00e9aliser d\u2019importantes \u00e9conomies \u00e0 ce niveau afin d\u2019assainir le budget de l\u2019Etat. D\u00e9j\u00e0 en f\u00e9vrier 2007, le B.U.B. a calcul\u00e9 le co\u00fbt du f\u00e9d\u00e9ralisme \u00e0 10 milliards d\u2019euros par an. En 2009, l\u2019\u00e9tude a \u00e9t\u00e9 affin\u00e9e  &#8211; Wor\u00fcber die Medien nie sprechen, sind die Kosten des Sprachf\u00f6deralismus. Dabei k\u00f6nnte man an dieser Stelle eine Menge Geld einsparen, um den Haushalt auszugleichen. Die B.U.B. hat bereits im Februar 2007 die Kosten des F\u00f6deralismus auf 10 Milliarden Euro pro Jahr berechnet. Im Jahr 2009 wurde die Studie verfeinert<\/p>\n","protected":false},"author":2,"featured_media":14270,"comment_status":"closed","ping_status":"closed","sticky":false,"template":"","format":"standard","meta":{"ngg_post_thumbnail":0,"jetpack_post_was_ever_published":false,"_jetpack_newsletter_access":"","_jetpack_dont_email_post_to_subs":false,"_jetpack_newsletter_tier_id":0,"_jetpack_memberships_contains_paywalled_content":false,"powered_cache_disable_cache":false,"_jetpack_memberships_contains_paid_content":false,"footnotes":"","jetpack_publicize_message":"","jetpack_publicize_feature_enabled":true,"jetpack_social_post_already_shared":true,"jetpack_social_options":{"image_generator_settings":{"template":"highway","default_image_id":0,"font":"","enabled":false},"version":2}},"categories":[1,5],"tags":[],"class_list":["post-15294","post","type-post","status-publish","format-standard","has-post-thumbnail","hentry","category-news0","category-opinions"],"jetpack_publicize_connections":[],"jetpack_featured_media_url":"https:\/\/www.unionbelge.be\/wp-content\/uploads\/2023\/08\/Communities_of_Belgium.svg_.png","jetpack_sharing_enabled":true,"jetpack_shortlink":"https:\/\/wp.me\/p6Y7u0-3YG","jetpack_likes_enabled":false,"_links":{"self":[{"href":"https:\/\/www.unionbelge.be\/index.php?rest_route=\/wp\/v2\/posts\/15294","targetHints":{"allow":["GET"]}}],"collection":[{"href":"https:\/\/www.unionbelge.be\/index.php?rest_route=\/wp\/v2\/posts"}],"about":[{"href":"https:\/\/www.unionbelge.be\/index.php?rest_route=\/wp\/v2\/types\/post"}],"author":[{"embeddable":true,"href":"https:\/\/www.unionbelge.be\/index.php?rest_route=\/wp\/v2\/users\/2"}],"replies":[{"embeddable":true,"href":"https:\/\/www.unionbelge.be\/index.php?rest_route=%2Fwp%2Fv2%2Fcomments&post=15294"}],"version-history":[{"count":3,"href":"https:\/\/www.unionbelge.be\/index.php?rest_route=\/wp\/v2\/posts\/15294\/revisions"}],"predecessor-version":[{"id":15297,"href":"https:\/\/www.unionbelge.be\/index.php?rest_route=\/wp\/v2\/posts\/15294\/revisions\/15297"}],"wp:featuredmedia":[{"embeddable":true,"href":"https:\/\/www.unionbelge.be\/index.php?rest_route=\/wp\/v2\/media\/14270"}],"wp:attachment":[{"href":"https:\/\/www.unionbelge.be\/index.php?rest_route=%2Fwp%2Fv2%2Fmedia&parent=15294"}],"wp:term":[{"taxonomy":"category","embeddable":true,"href":"https:\/\/www.unionbelge.be\/index.php?rest_route=%2Fwp%2Fv2%2Fcategories&post=15294"},{"taxonomy":"post_tag","embeddable":true,"href":"https:\/\/www.unionbelge.be\/index.php?rest_route=%2Fwp%2Fv2%2Ftags&post=15294"}],"curies":[{"name":"wp","href":"https:\/\/api.w.org\/{rel}","templated":true}]}}