{"id":1529,"date":"2010-09-12T11:19:44","date_gmt":"2010-09-12T09:19:44","guid":{"rendered":"http:\/\/www.unionbelge.be\/?p=1529"},"modified":"2010-09-12T11:21:02","modified_gmt":"2010-09-12T09:21:02","slug":"om-na-te-denken-mediter","status":"publish","type":"post","link":"https:\/\/www.unionbelge.be\/?p=1529","title":{"rendered":"OM OVER NA TE DENKEN &#8211; A MEDITER"},"content":{"rendered":"<p><a href=\"https:\/\/www.unionbelge.be\/wp-content\/uploads\/2010\/09\/1pixel.jpg\"><img loading=\"lazy\" decoding=\"async\" src=\"https:\/\/www.unionbelge.be\/wp-content\/uploads\/2010\/09\/1pixel.jpg\" alt=\"\" title=\"1pixel\" width=\"1\" height=\"1\" class=\"alignright size-full wp-image-1429\" \/><\/a><object width=\"480\" height=\"385\"><param name=\"movie\" value=\"http:\/\/www.youtube.com\/v\/k2FUoB6Altw?fs=1&amp;hl=en_US\"><\/param><param name=\"allowFullScreen\" value=\"true\"><\/param><param name=\"allowscriptaccess\" value=\"always\"><\/param><\/object><\/p>\n<p>Le B.U.B. rejette la dichotomie artificielle &#8220;Flandre-Wallonie&#8221;, mais ce que cet homme dit est tout \u00e0 fait correct: la Belgique du nord a \u00e9t\u00e9 enrichi par la Belgique du sud dans la p\u00e9riode unitaire de 1830 \u00e0 1970.<\/p>\n<p>De B.U.B. verwerpt het kunstmatige dualisme &#8220;Vlaanderen-Walloni\u00eb&#8221;, maar wat deze man zegt, is volledig correct: Noord-Belgi\u00eb werd door Zuid-Belgi\u00eb rijk gemaakt in de periode van 1830 tot 1970.<\/p>\n","protected":false},"excerpt":{"rendered":"<p><object width=\"480\" height=\"385\"><param name=\"movie\" value=\"http:\/\/www.youtube.com\/v\/k2FUoB6Altw?fs=1&amp;hl=en_US\"><\/param><param name=\"allowFullScreen\" value=\"true\"><\/param><param name=\"allowscriptaccess\" value=\"always\"><\/param><embed src=\"http:\/\/www.youtube.com\/v\/k2FUoB6Altw?fs=1&amp;hl=en_US\" type=\"application\/x-shockwave-flash\" allowscriptaccess=\"always\" allowfullscreen=\"true\" width=\"480\" height=\"385\"><\/embed><\/object><\/p>\n","protected":false},"author":2,"featured_media":0,"comment_status":"closed","ping_status":"open","sticky":false,"template":"","format":"standard","meta":{"ngg_post_thumbnail":0,"jetpack_post_was_ever_published":false,"_jetpack_newsletter_access":"","_jetpack_dont_email_post_to_subs":false,"_jetpack_newsletter_tier_id":0,"_jetpack_memberships_contains_paywalled_content":false,"powered_cache_disable_cache":false,"_jetpack_memberships_contains_paid_content":false,"footnotes":"","jetpack_publicize_message":"","jetpack_publicize_feature_enabled":true,"jetpack_social_post_already_shared":false,"jetpack_social_options":{"image_generator_settings":{"template":"highway","default_image_id":0,"font":"","enabled":false},"version":2}},"categories":[5],"tags":[],"class_list":["post-1529","post","type-post","status-publish","format-standard","hentry","category-opinions"],"jetpack_publicize_connections":[],"jetpack_featured_media_url":"","jetpack_sharing_enabled":true,"jetpack_shortlink":"https:\/\/wp.me\/p6Y7u0-oF","jetpack_likes_enabled":false,"_links":{"self":[{"href":"https:\/\/www.unionbelge.be\/index.php?rest_route=\/wp\/v2\/posts\/1529","targetHints":{"allow":["GET"]}}],"collection":[{"href":"https:\/\/www.unionbelge.be\/index.php?rest_route=\/wp\/v2\/posts"}],"about":[{"href":"https:\/\/www.unionbelge.be\/index.php?rest_route=\/wp\/v2\/types\/post"}],"author":[{"embeddable":true,"href":"https:\/\/www.unionbelge.be\/index.php?rest_route=\/wp\/v2\/users\/2"}],"replies":[{"embeddable":true,"href":"https:\/\/www.unionbelge.be\/index.php?rest_route=%2Fwp%2Fv2%2Fcomments&post=1529"}],"version-history":[{"count":4,"href":"https:\/\/www.unionbelge.be\/index.php?rest_route=\/wp\/v2\/posts\/1529\/revisions"}],"predecessor-version":[{"id":1533,"href":"https:\/\/www.unionbelge.be\/index.php?rest_route=\/wp\/v2\/posts\/1529\/revisions\/1533"}],"wp:attachment":[{"href":"https:\/\/www.unionbelge.be\/index.php?rest_route=%2Fwp%2Fv2%2Fmedia&parent=1529"}],"wp:term":[{"taxonomy":"category","embeddable":true,"href":"https:\/\/www.unionbelge.be\/index.php?rest_route=%2Fwp%2Fv2%2Fcategories&post=1529"},{"taxonomy":"post_tag","embeddable":true,"href":"https:\/\/www.unionbelge.be\/index.php?rest_route=%2Fwp%2Fv2%2Ftags&post=1529"}],"curies":[{"name":"wp","href":"https:\/\/api.w.org\/{rel}","templated":true}]}}