{"id":15287,"date":"2025-07-02T18:23:38","date_gmt":"2025-07-02T17:23:38","guid":{"rendered":"https:\/\/www.unionbelge.be\/?p=15287"},"modified":"2025-07-03T20:02:43","modified_gmt":"2025-07-03T19:02:43","slug":"le-stand-du-b-u-b-du-21-juillet-2025-de-b-u-b-stand-van-21-juli-2025-stand-der-b-u-b-vom-21-juli-2025","status":"publish","type":"post","link":"https:\/\/www.unionbelge.be\/?p=15287","title":{"rendered":"LE STAND DU B.U.B. DU 21 JUILLET 2025 &#8211; DE B.U.B.-STAND\u00a0VAN 21 JULI 2025 &#8211; STAND DER B.U.B. VOM 21. JULI 2025"},"content":{"rendered":"\n<p>Foto &#8211; Image &#8211; Bild: De B.U.B.-stand enkele jaren geleden &#8211; Le stand du B.U.B. il y a quelques ann\u00e9es &#8211; Stand der B.U.B. vor einigen Jahren<\/p>\n\n\n\n<p>Bron &#8211; Source &#8211; Quelle: B.U.B.<\/p>\n\n\n\n<p><strong>PLUS QUE JAMAIS, UNE BELGIQUE UNITAIRE S\u2019IMPOSE!<\/strong><\/p>\n\n\n\n<p><strong>Comme chaque ann\u00e9e, le B.U.B. aura un stand dans la Rue de la R\u00e9gence \u00e0 l\u2019\u00e9glise Notre<em>\u2013<\/em>Dame des Victoires du Sablon \u00e0 Bruxelles le 21 juillet 2025. Le parti y expliquera notre parti et mouvement unitariste et centriste unique et vendra des articles tricolores comme des drapeaux belges. Il sera \u00e9galement possible de commander le livre unitariste de notre fondateur et pr\u00e9sident, Hans Van de Cauter. <\/strong><a href=\"https:\/\/www.unionbelge.be\/wp-content\/uploads\/2023\/07\/POUR-UNE-NOUVELLE-BELGIQUE-UNITAIRE-13.07.2023.pdf\" target=\"_blank\" rel=\"noreferrer noopener\"><strong>Ce livre est aussi publi\u00e9 sur notre site web.<\/strong><\/a><\/p>\n\n\n\n<p>Ce livre d\u00e9cortique scientifiquement les probl\u00e8mes politico-communautaires qui agitent la Belgique depuis un demi-si\u00e8cle. La cause de ces probl\u00e8mes est le nationalisme linguistique et, en particulier, le nationalisme \u201cflamand\u201d et \u201cwallon\u201d. Le principal catalyseur de ce ph\u00e9nom\u00e8ne est le f\u00e9d\u00e9ralisme linguistique dispendieux, inefficace, \u00e9parpillant et polarisant qui a divis\u00e9 la Belgique en communaut\u00e9s et en r\u00e9gions. Celles-ci se comportent comme de petits Etats au sein de l\u2019Etat, chacun ayant son propre parlement, son propre gouvernement et son propre symbolisme. Ces institutions ont \u00e9t\u00e9 cr\u00e9\u00e9es par diverses \u201cr\u00e9formes\u201d de l\u2019\u00c9tat mises en \u0153uvre par la particratie. Cette particratie a un quasi-monopole sur le pouvoir et \u00e9rode la d\u00e9mocratie belge. Cette oligarchie de partis parvient \u00e0 son tour \u00e0 perp\u00e9tuer son pouvoir par le biais de la m\u00e9diacratie.<\/p>\n\n\n\n<p>Parce qu\u2019il n\u2019y a pas de libre circulation des id\u00e9es en Belgique et que seuls les discours f\u00e9d\u00e9ralistes, s\u00e9paratistes et conf\u00e9d\u00e9ralistes (les deux derniers \u00e9tant plus ou moins synonymes) sont repris dans les m\u00e9dias audiovisuels, toute solution structurelle reste exclue. Et pourtant, celle-ci est simple: le r\u00e9tablissement de la Belgique unitaire telle qu\u2019elle existait jusqu\u2019en 1970. Dans notre mod\u00e8le, les r\u00e9gions et les communaut\u00e9s seront remplac\u00e9es par les neuf provinces historiques. L&#8217;\u00c9tat national \u00e9dicte les lois, les provinces les appliquent. Simple, efficace et peu co\u00fbteux.<\/p>\n\n\n\n<p>Chaque ann\u00e9e, le B.U.B. remarque que la plupart des Belges souhaitent au plus vite le retour \u00e0 cette Belgique unitaire. Plusieurs \u00e9tudes le confirment d\u2019ailleurs.<\/p>\n\n\n\n<p>Le nombre de s\u00e9paratistes est inversement proportionnel \u00e0 l\u2019attention que les m\u00e9dias leur accordent. Cela est d\u00fb au fait que la plupart des m\u00e9dias sont&nbsp;aux mains de flamingants au nord du pays ou de wallingants (voire de flamingants) ou de d\u00e9faitistes au sud de la Belgique. On le remarque dans la couverture m\u00e9diatique extravagante de partis relativement petits mais s\u00e9paratistes tels que la N-VA (14 % des voix belges) et le VB (11 % des voix belges).<\/p>\n\n\n\n<p>Cela se voit \u00e9galement au niveau de la couverture m\u00e9diatique de la F\u00eate nationale. Les journalistes n\u2019en parlent pas avant, mais seulement la veille pour r\u00e9sumer le discours royal et le jour m\u00eame pour mentionner le d\u00e9fil\u00e9 militaire, sans enthousiasme et tout cela souvent dans un sens particratique, sensationnel et antimonarchique.<\/p>\n\n\n\n<p>En revanche, on n\u2019entend pas un mot sur la foule incroyable qu\u2019attirent les festivit\u00e9s chaque ann\u00e9e et encore moins sur l\u2019esprit unitariste de cette foule. La presse nous cache la v\u00e9rit\u00e9 sur ordre de ses patrons particratiques et s\u00e9paratistes.<\/p>\n\n\n\n<p>Par ailleurs, plus personne ne croit encore au f\u00e9d\u00e9ralisme linguistique, \u00e0 l\u2019exception de quelques originaux ou de citoyens tout simplement tr\u00e8s mal inform\u00e9s. Et c\u2019est bien normal, car le f\u00e9d\u00e9ralisme a \u00e9t\u00e9 instaur\u00e9 en Belgique pour diviser le pays, non pour l\u2019unir comme aux \u00c9tats-Unis ou en Suisse. Pour ceux qui en doutent, il suffit de se r\u00e9f\u00e9rer aux six \u00ab r\u00e9formes de l\u2019\u00c9tat \u00bb qui, depuis 1970, ont progressivement d\u00e9mantel\u00e9 la Belgique sur le plan politique.<\/p>\n\n\n\n<p>Ou tout simplement au fait que Bart De Wever du parti s\u00e9paratiste la N-VA, qui hait pathologiquement la Belgique, est aujourd\u2019hui Premier ministre de la Belgique et a d\u00e9clar\u00e9, tout r\u00e9cemment lors du sommet de l\u2019OTAN de fin juin 2025, que la s\u00e9paration des Pays-Bas constituait la plus grande catastrophe de notre histoire nationale. Vous avez bien lu: pas les nombreuses guerres qui ont ravag\u00e9 nos r\u00e9gions, pas m\u00eame l\u2019occupation par le r\u00e9gime le plus g\u00e9nocidaire de l\u2019histoire mondiale (1940-1944), mais bien <em>l\u2019existence<\/em> <em>m\u00eame<\/em> ( ! ) de la Belgique serait, selon le Premier ministre, la plus grande trag\u00e9die de notre pass\u00e9. Le seul point \u201cpositif\u201d, c\u2019est qu\u2019il semble d\u00e9sormais plaider pour la r\u00e9unification de l\u2019ensemble des Pays-Bas, et non plus seulement pour le rattachement \u2013 ou faudrait-il plut\u00f4t parler d\u2019une annexion? \u2013 de la partie nord de la Belgique aux Pays-Bas (<a href=\"https:\/\/www.unionbelge.be\/?p=13702\" target=\"_blank\" rel=\"noreferrer noopener\">Lisez \u00e9galement notre texte pr\u00e9c\u00e9dent \u00e0 ce sujet<\/a>).<\/p>\n\n\n\n<p>La Belgique ne pourra jamais tenir cette promesse si le f\u00e9d\u00e9ralisme n\u2019est pas abrog\u00e9, car la dette nationale s\u2019\u00e9l\u00e8ve d\u00e9j\u00e0 \u00e0 plus que 500 milliards d\u2019euros en 2025 et le d\u00e9ficit budg\u00e9taire pour cette seule ann\u00e9e s\u2019\u00e9l\u00e8ve \u00e0 30 milliards d&#8217;euros.<\/p>\n\n\n\n<p><strong>Il n\u2019y a qu\u2019une Union Belge (B.U.B.) forte qui puisse remettre notre pays \u00e0 nouveau sur le droit chemin. Celui-ci doit garantir l\u2019organisation d\u2019un r\u00e9f\u00e9rendum sur la structure \u00e9tatique souhait\u00e9e, ce qu\u2019aucun autre parti n\u2019ose faire. Sinon, ce ne sont pas le conf\u00e9d\u00e9ralisme ou le s\u00e9paratisme qui menacent, mais des ann\u00e9es de discussions inutiles et le d\u00e9clin \u00e9conomique. Nous voulons un avenir positif et unitaire pour notre petit mais beau pays! Nous vous souhaitons une bonne f\u00eate nationale et nous esp\u00e9rons vous voir \u00e0 notre stand dans la Rue de la R\u00e9gence. Toute aide financi\u00e8re est aussi la bienvenue car contrairement aux partis politiques traditionnels, le B.U.B. ne re\u00e7oit aucun subside de l\u2019Etat.<\/strong><\/p>\n\n\n\n<p><strong>Voici le num\u00e9ro de compte du B.U.B.: BE91 068-2417677-76 BIC : GKCCBEBB<\/strong><\/p>\n\n\n\n<p><\/p>\n\n\n\n<p><strong>MEER DAN OOIT IS EEN UNITAIR BELGI\u00cb NOODZAKELIJK!<\/strong><\/p>\n\n\n\n<p><strong>Op 21 juli 2025 houdt de B.U.B. in de Regentschapsstraat aan de Zavelkerk te Brussel zijn jaarlijkse stand. Vanaf 10 uur \u2018s morgens zijn we aanwezig. De partij<\/strong><strong> zal er uitleg geven over onze unieke unitaristische centrumpartij en -beweging en tricolore artikelen zoals Belgische vlaggen uitdelen en verkopen. Ook het unitaristische boek van onze stichter en voorzitter, Hans Van de Cauter, zal er gekocht of besteld kunnen worden (25 euro).&nbsp;<\/strong><a href=\"https:\/\/www.unionbelge.be\/wp-content\/uploads\/2023\/07\/VOOR-EEN-NIEUW-UNITAIR-BELGIE-13.07.2023.pdf\" target=\"_blank\" rel=\"noreferrer noopener\"><strong>Dit boek staat ook op onze website gepubliceerd<\/strong><\/a><strong>.<\/strong><\/p>\n\n\n\n<p>In dat boek wordt de politiek-communautaire problematiek die Belgi\u00eb sedert een halve eeuw in de ban houdt op een wetenschappelijke wijze ontleed. De oorzaak van die problemen is het taalnationalisme en met name het \u2018Vlaams-&#8216; en het \u2018Waals\u2019-nationalisme. De belangrijkste versterker hiervan is het peperdure, ineffici\u00ebnte, versnipperende en polariserende taalfederalisme waardoor Belgi\u00eb opgedeeld is in gemeenschappen en gewesten. Die gedragen zich als staatjes binnen de staat, elk met hun eigen parlement, regering en symboliek. Deze instellingen werden gecre\u00eberd&nbsp;door verschillende \u2018staatshervormingen\u2019 die door de taalgesplitste particratie werden doorgevoerd. Deze particratie heeft het quasi-monopolie op de macht en holt de Belgische democratie uit. Die partijenoligarchie weet op haar beurt haar macht te bestendigen via de mediacratie.<\/p>\n\n\n\n<p>Aangezien er in Belgi\u00eb geen vrij verkeer van idee\u00ebn bestaat en enkel federalistische, separatistische en confederalistische opinies (de laatste twee zijn ongeveer synoniemen) in de audiovisuele media aan bod komen, blijft elke structurele oplossing uit. En die is nochtans simpel: het herstel van het unitaire Belgi\u00eb zoals dat tot 1970 bestond. De gewesten en de gemeenschappen worden in ons model vervangen door de negen historische provincies. De nationale staat vaardigt de wetten uit, de provincies voeren ze uit. Simpel, effici\u00ebnt en goedkoop.<\/p>\n\n\n\n<p>Elk jaar merkt de B.U.B. opnieuw dat de meeste Belgen zo spoedig mogelijk naar dat unitaire Belgi\u00eb willen terugkeren. Meerdere studies bevestigen dit trouwens.<\/p>\n\n\n\n<p>Het aantal separatisten is omgekeerd evenredig aan de media-aandacht die ze krijgen. En dat komt omdat de meeste media in handen zijn van flaminganten in het noorden van het land of in handen van wallinganten (en soms zelfs flaminganten) of defaitisten in het zuiden van het land. Dat merkt men aan de buitenissige media-aandacht voor relatief kleine, maar separatistische partijen zoals de N-VA (14 procent van de Belgische stemmen) en het VB (11 procent van de Belgische stemmen).<\/p>\n\n\n\n<p>Men merkt dit ook aan de media-aandacht voor de Nationale Feestdag. De journalisten spreken er tevoren niet over, maar alleen de avond tevoren om de koninklijke toespraak samen te vatten en de dag zelf om te berichten over het militair d\u00e9fil\u00e9, zonder enthousiasme en dikwijls op een particratische, sensationele en anti-monarchistische wijze.&nbsp;<\/p>\n\n\n\n<p>Men rept daarentegen met geen woord over de ongelooflijke mensenmassa\u2019s die de festiviteiten jaarlijks aantrekken en nog minder over de unitaristische gezindheid van die mensen. Een groot deel van de pers verbergt de waarheid in opdracht van haar particratische en separatistische broodheren.<\/p>\n\n\n\n<p>Anderzijds gelooft niemand nog in het taalfederalisme,&nbsp;enkele zonderlinge of gewoon erg slecht ge\u00efnformeerde burgers niet te na gesproken. En dat is ook normaal want het federalisme werd in Belgi\u00eb ingevoerd om het land te splitsen, niet om het te verenigen zoals in de Verenigde Staten of Zwitserland. Voor wie dat niet gelooft, verwijzen we naar de zes \u2018staatshervormingen\u2019 die Belgi\u00eb sedert 1970 politiek ontrafelden.<\/p>\n\n\n\n<p>Of gewoon naar het feit dat de pathologische Belgi\u00eb-hater, Bart De Wever van de separatistische&nbsp;N-VA, vandaag premier is van Belgi\u00eb en zonet nog op de NAVO-top van eind juni 2025 heeft verklaard dat de scheiding van de Nederlanden de grootste ramp uit onze nationale geschiedenis zou zijn. U leest het goed: niet de talrijke oorlogen die onze gewesten teisterden, zelfs niet de bezetting door het meest genocidaire regime uit de wereldgeschiedenis (1940-1944), maar wel <em>het bestaan<\/em> ( ! ) van Belgi\u00eb is volgens de premier de grootste ramp uit onze geschiedenis. Het enige \u201clichtpunt\u201d is dat hij nu schijnt te pleiten voor de hereniging van de hele Nederlanden en niet alleen meer voor het noordelijk deel van Belgi\u00eb met Nederland. Of moeten we niet eerder over een aanhechting spreken? (<a href=\"https:\/\/www.unionbelge.be\/?p=13702\" target=\"_blank\" rel=\"noreferrer noopener\">lees ook onze eerdere tekst hieromtrent<\/a>).<\/p>\n\n\n\n<p>We wijzen er ook op dat de Belgische staat zich tijdens de laatste NAVO-top ertoe heeft verbonden om zijn militaire uitgaven drastisch te verhogen tot 5% van het BBP (terwijl de staat niet eens de eerder door de NAVO vereiste 2% haalt). Belgi\u00eb zal deze belofte nooit kunnen nakomen als het federalisme niet wordt afgeschaft, aangezien de nationale schuld in 2025 al m\u00e9\u00e9r dan 500 miljard euro bedraagt en het begrotingstekort voor dit jaar alleen al op 30 miljard euro ligt.<\/p>\n\n\n\n<p><strong>Alleen een sterke Belgische Unie (B.U.B.) kan ons land weer op het juiste spoor brengen. Die moet zorgen voor de organisatie van een referendum over de gewenste staatsstructuur, iets wat geen enkele andere partij aandurft. Anders dreigen niet het confederalisme of het separatisme, maar jaren van nutteloze discussies en economisch verval. Dat wil de B.U.B. niet! Wij willen een positieve en unitaire toekomst voor ons kleine, maar prachtige land! We wensen u een fijne Nationale Feestdag en we verwachten u op onze stand in de Regentschapsstraat. Elke financi\u00eble bijdrage is ook welkom want in tegenstelling tot de traditionele politieke partijen ontvangt de B.U.B. geen enkele toelage van de staat.<\/strong><\/p>\n\n\n\n<p><strong>Dit is het rekeningnummer van de B.U.B.: BE91 068-2417677-76 BIC: GKCCBEBB)<\/strong>.<\/p>\n\n\n\n<p><\/p>\n\n\n\n<p><strong>MEHR DENN JE IST EIN EINHEITLICHES BELGIEN NOTWENDIG !<\/strong><\/p>\n\n\n\n<p><strong>Wie jedes Jahr wird die B.U.B. am 21. <\/strong><strong>Juli 2025 mit einem Stand in der Rue de la R\u00e9gence bei der Kirche Notre-Dame des Victoires am Sablon in Br\u00fcssel vertreten sein. Die Partei wird dort unsere einzigartige unitaristische und zentristische Partei und Bewegung vorstellen und trikolore Artikel wie belgische Flaggen verkaufen. Es wird auch m\u00f6glich sein, das unitaristische Buch unseres Gr\u00fcnders und Pr\u00e4sidenten Hans Van de Cauter zu bestellen.<\/strong> <a href=\"https:\/\/www.unionbelge.be\/wp-content\/uploads\/2023\/07\/POUR-UNE-NOUVELLE-BELGIQUE-UNITAIRE-13.07.2023.pdf\" target=\"_blank\" rel=\"noreferrer noopener\"><strong>Dieses Buch wird auch auf unserer Website ver\u00f6ffentlicht.<\/strong><\/a><\/p>\n\n\n\n<p>Dieses Buch zerlegt auf wissenschaftliche Weise die politisch-gemeinschaftlichen Probleme, die Belgien seit einem halben Jahrhundert bewegen. Die Ursache dieser Probleme ist der sprachliche Nationalismus, insbesondere der \u201cfl\u00e4mische\u201d und der \u201cwallonische\u201d Nationalismus. Der wichtigste Verst\u00e4rker dieses Ph\u00e4nomens ist der kostspielige, ineffiziente, zersplitternde und polarisierende Sprachf\u00f6deralismus, der Belgien in Gemeinschaften und Regionen aufgeteilt hat. Diese verhalten sich wie kleine Staaten innerhalb des Staates, jeder mit seinem eigenen Parlament, seiner eigenen Regierung und seiner eigenen Symbolik. Diese Institutionen wurden durch verschiedene \u201cReformen\u201d des Staates geschaffen, die von der Parkratie umgesetzt wurden. Diese Partikratie hat ein Quasi-Monopol auf die Macht und erodiert die belgische Demokratie. Diese Parteienoligarchie schafft es wiederum, ihre Macht durch die Mediakratie zu verewigen.<\/p>\n\n\n\n<p>Da es in Belgien keine freie Zirkulation von Ideen gibt und in den audiovisuellen Medien nur f\u00f6deralistische, separatistische und konf\u00f6deralistische (wobei die beiden letzteren mehr oder weniger synonym sind) Diskurse wiedergegeben werden, ist eine strukturelle L\u00f6sung ausgeschlossen. Dabei ist die strukturelle L\u00f6sung ganz einfach: die Wiederherstellung des einheitlichen Belgiens, wie es bis 1970 bestand. In unserem Modell werden die Regionen und Gemeinschaften durch die neun historischen Provinzen ersetzt.&nbsp;Der Nationalstaat erl\u00e4sst die Gesetze, die Provinzen f\u00fchren sie aus. Einfach, effizient und kosteng\u00fcnstig.<\/p>\n\n\n\n<p>Jedes Jahr stellt der B.U.B. fest, dass die meisten Belgier so schnell wie m\u00f6glich zu diesem unit\u00e4rische Belgien zur\u00fcckkehren m\u00f6chten. Dies wird auch durch mehrere Studien belegt.<\/p>\n\n\n\n<p>Die Zahl der Separatisten ist umgekehrt proportional zur Aufmerksamkeit, die ihnen die Medien widmen. Das liegt daran, dass die meisten Medien im Norden des Landes in der Hand von Flaminganten sind und im S\u00fcden Belgiens in der Hand von Wallinganten (oder sogar Flaminganten) oder Def\u00e4tisten. Das merkt man an der extravaganten Berichterstattung \u00fcber relativ kleine, aber separatistische Parteien wie die N-VA (14 Prozent der belgischen Stimmen) und den VB (11 Prozent der belgischen Stimmen).<\/p>\n\n\n\n<p>Dies zeigt sich vor allem in der Berichterstattung \u00fcber den Nationalfeiertag. Die Journalisten berichten nicht vorher, sondern nur am Vortag, um die k\u00f6nigliche Rede zusammenzufassen, und am selben Tag, um die Milit\u00e4rparade zu erw\u00e4hnen, ohne Begeisterung und alles oft in einem partikratischen, sensationellen und antimonarchischen Sinne. Im Gegensatz dazu h\u00f6rt man kein Wort \u00fcber die unglaubliche Menschenmenge, die die Feierlichkeiten jedes Jahr anziehen, und noch weniger \u00fcber den unitaristischen Geist dieser Menschenmenge. Die Presse verschweigt uns auf Befehl ihrer partikratischen und separatistischen W\u00e4chter die Wahrheit.<\/p>\n\n\n\n<p>Andererseits glaubt niemand mehr an den Sprachf\u00f6deralismus, abgesehen von einigen Sonderlingen oder einfach sehr schlecht informierten B\u00fcrgern. Und das ist auch normal, denn der F\u00f6deralismus wurde in Belgien eingef\u00fchrt, um das Land zu spalten, nicht um es wie in den USA oder der Schweiz zu vereinen. Wer das nicht glaubt, sei auf die sechs \u201eStaatsreformen\u201c verwiesen, die Belgien seit 1970 politisch auseinandergenommen haben.<\/p>\n\n\n\n<p>Oder ganz einfach die Tatsache, dass der pathologische Belgien-Hasser Bart De Wever von der separatistischen N-VA heute Premierminister Belgiens ist und erst k\u00fcrzlich auf dem NATO-Gipfel Ende Juni 2025 erkl\u00e4rt hat, die Trennung der Niederlande sei die gr\u00f6\u00dfte Katastrophe in unserer nationalen Geschichte.<strong> <\/strong>Sie haben richtig gelesen: nicht die zahlreichen Kriege, die unsere Regionen verw\u00fcstet haben, nicht einmal die Besetzung durch das wohl grausamste, v\u00f6lkerm\u00f6rderischste Regime der Weltgeschichte (1940\u20131944), sondern <em>die blo\u00dfe Existenz<\/em> ( ! ) Belgiens selbst sei laut dem Premierminister die gr\u00f6\u00dfte Trag\u00f6die unserer Vergangenheit. Der einzige \u201cLichtblick\u201d ist, dass er jetzt offenbar f\u00fcr die Wiedervereinigung der gesamten Niederlande eintritt und nicht mehr nur f\u00fcr den n\u00f6rdlichen Teil Belgiens mit den Niederlanden. Oder sollten wir nicht eher von einer Annexion sprechen? (<a href=\"http:\/\/Lesen%20Sie%20auch%20unseren%20fr\u00fcheren%20Text%20dazu\" target=\"_blank\" rel=\"noreferrer noopener\">Lesen Sie auch unseren fr\u00fcheren Text dazu<\/a>).<\/p>\n\n\n\n<p>Wir weisen auch darauf hin, dass sich der belgische Staat beim letzten NATO-Gipfel verpflichtet hat, seine Milit\u00e4rausgaben drastisch auf 5 % des BIP zu erh\u00f6hen \u2013 obwohl er zuvor nicht einmal die von der NATO geforderten 2 % erreicht hat. Belgien wird dieses Versprechen niemals einhalten k\u00f6nnen, solange der F\u00f6deralismus nicht abgeschafft wird, da die Staatsverschuldung im Jahr 2025 bereits \u00fcber 500 Milliarden Euro betragen wird und das Haushaltsdefizit allein f\u00fcr dieses Jahr bei 30 Milliarden Euro liegt.<\/p>\n\n\n\n<p><strong>Nur eine starke Belgische Union (B.U.B.) kann unser Land wieder auf den richtigen Weg bringen. Sie muss die Organisation eines Referendums \u00fcber die gew\u00fcnschte Staatsstruktur sicherstellen, was keine andere Partei wagt. Andernfalls drohen nicht Konf\u00f6deralismus oder Separatismus, sondern jahrelange sinnlose Diskussionen und wirtschaftlicher Niedergang. Das will die B.U.B. nicht! Wir wollen eine positive und unitarische Zukunft f\u00fcr unser kleines, aber sch\u00f6nes Land !<\/strong> <strong>Wir w\u00fcnschen Ihnen einen sch\u00f6nen Nationalfeiertag und hoffen, Sie an unserem Stand in der Rue R\u00e9gence begr\u00fc\u00dfen zu d\u00fcrfen. Jeder finanzielle Beitrag ist willkommen, denn im Gegensatz zu den anderen traditionellen politischen Parteien erh\u00e4lt die B.U.B. keine Subvention vom Staat.<\/strong><\/p>\n\n\n\n<p><strong>Hier ist die Kontonummer der B.U.B.: BE91 068-2417677-76 BIC: GKCCBEBB<\/strong>.<\/p>\n","protected":false},"excerpt":{"rendered":"<p>Comme chaque ann\u00e9e, le B.U.B. aura un stand dans la Rue de la R\u00e9gence \u00e0 l\u2019\u00e9glise Notre\u2013Dame des Victoires du Sablon \u00e0 Bruxelles le 21 juillet 2025. Le parti y expliquera notre parti et mouvement unitariste et centriste unique et vendra des articles tricolores comme des drapeaux belges. Il sera \u00e9galement possible de commander le livre unitariste de notre fondateur et pr\u00e9sident, Hans Van de Cauter. Ce livre est aussi publi\u00e9 sur notre site web &#8211; Op 21 juli 2025 houdt de B.U.B. in de Regentschapsstraat aan de Zavelkerk te Brussel zijn jaarlijkse stand. Vanaf 10 uur \u2018s morgens zijn we aanwezig. De partij zal er uitleg geven over onze unieke unitaristische centrumpartij en -beweging en tricolore artikelen zoals Belgische vlaggen uitdelen en verkopen. Ook het unitaristische boek van onze stichter en voorzitter, Hans Van de Cauter, zal er gekocht of besteld kunnen worden (25 euro).\u00a0Dit boek staat ook op onze website gepubliceerd &#8211; Wie jedes Jahr wird die B.U.B. am 21. Juli 2025 mit einem Stand in der Rue de la R\u00e9gence bei der Kirche Notre-Dame des Victoires am Sablon in Br\u00fcssel vertreten sein. Die Partei wird dort unsere einzigartige unitaristische und zentristische Partei und Bewegung vorstellen und trikolore Artikel wie belgische Flaggen verkaufen. Es wird auch m\u00f6glich sein, das unitaristische Buch unseres Gr\u00fcnders und Pr\u00e4sidenten Hans Van de Cauter zu bestellen. Dieses Buch wird auch auf unserer Website ver\u00f6ffentlicht.<\/p>\n","protected":false},"author":2,"featured_media":15289,"comment_status":"closed","ping_status":"closed","sticky":false,"template":"","format":"standard","meta":{"ngg_post_thumbnail":0,"jetpack_post_was_ever_published":false,"_jetpack_newsletter_access":"","_jetpack_dont_email_post_to_subs":false,"_jetpack_newsletter_tier_id":0,"_jetpack_memberships_contains_paywalled_content":false,"powered_cache_disable_cache":false,"_jetpack_memberships_contains_paid_content":false,"footnotes":"","jetpack_publicize_message":"","jetpack_publicize_feature_enabled":true,"jetpack_social_post_already_shared":true,"jetpack_social_options":{"image_generator_settings":{"template":"highway","default_image_id":0,"font":"","enabled":false},"version":2}},"categories":[1],"tags":[],"class_list":["post-15287","post","type-post","status-publish","format-standard","has-post-thumbnail","hentry","category-news0"],"jetpack_publicize_connections":[],"jetpack_featured_media_url":"https:\/\/www.unionbelge.be\/wp-content\/uploads\/2025\/07\/Bic-21.07.2019.jpeg","jetpack_sharing_enabled":true,"jetpack_shortlink":"https:\/\/wp.me\/p6Y7u0-3Yz","jetpack_likes_enabled":false,"_links":{"self":[{"href":"https:\/\/www.unionbelge.be\/index.php?rest_route=\/wp\/v2\/posts\/15287","targetHints":{"allow":["GET"]}}],"collection":[{"href":"https:\/\/www.unionbelge.be\/index.php?rest_route=\/wp\/v2\/posts"}],"about":[{"href":"https:\/\/www.unionbelge.be\/index.php?rest_route=\/wp\/v2\/types\/post"}],"author":[{"embeddable":true,"href":"https:\/\/www.unionbelge.be\/index.php?rest_route=\/wp\/v2\/users\/2"}],"replies":[{"embeddable":true,"href":"https:\/\/www.unionbelge.be\/index.php?rest_route=%2Fwp%2Fv2%2Fcomments&post=15287"}],"version-history":[{"count":2,"href":"https:\/\/www.unionbelge.be\/index.php?rest_route=\/wp\/v2\/posts\/15287\/revisions"}],"predecessor-version":[{"id":15291,"href":"https:\/\/www.unionbelge.be\/index.php?rest_route=\/wp\/v2\/posts\/15287\/revisions\/15291"}],"wp:featuredmedia":[{"embeddable":true,"href":"https:\/\/www.unionbelge.be\/index.php?rest_route=\/wp\/v2\/media\/15289"}],"wp:attachment":[{"href":"https:\/\/www.unionbelge.be\/index.php?rest_route=%2Fwp%2Fv2%2Fmedia&parent=15287"}],"wp:term":[{"taxonomy":"category","embeddable":true,"href":"https:\/\/www.unionbelge.be\/index.php?rest_route=%2Fwp%2Fv2%2Fcategories&post=15287"},{"taxonomy":"post_tag","embeddable":true,"href":"https:\/\/www.unionbelge.be\/index.php?rest_route=%2Fwp%2Fv2%2Ftags&post=15287"}],"curies":[{"name":"wp","href":"https:\/\/api.w.org\/{rel}","templated":true}]}}