{"id":1512,"date":"2003-09-01T01:46:03","date_gmt":"2003-08-31T23:46:03","guid":{"rendered":"http:\/\/www.unionbelge.be\/?p=1512"},"modified":"2010-09-12T01:47:48","modified_gmt":"2010-09-11T23:47:48","slug":"scheiding-der-geesten","status":"publish","type":"post","link":"https:\/\/www.unionbelge.be\/?p=1512","title":{"rendered":"Scheiding der geesten?"},"content":{"rendered":"<p><strong>Het was de kersverse voorzitter van de CD&amp;V die onlangs verklaarde dat we meer en meer in een \u201ctweestromenland\u201d leven. Hiermee doelde hij niet op de \u201c<em>onoverbrugbare kloof tussen noord en zuid<\/em>\u201d, maar wel op de botsing van twee ideologie\u00ebn. Enerzijds is er volgens hem het \u201coranje\u201d verhaal en daartegenover staat \u201cpaars\u201d. Reeds geruime jaren speculeren politologen in Belgi\u00eb over een hertekening van het partijveld in een links en in een rechts blok. Ondanks de toenemende versnippering van het partijpolitieke landschap zien we vandaag deze trend uiterst concrete vormen aannemen. Het kartel SP.a\/Spirit is daar een indicator van, en de \u2013mogelijke- samenwerking CD&amp;V\/N-VA ook.<\/strong><\/p>\n<p>Het lijkt duidelijk dat liberalen en socialisten horizontaal zowel als vertikaal hun lot voor lange tijd aan elkaar geklonken hebben. Horizonaal: SP.a(-Spirit) en VLD &#8211; vertikaal: SP.a-(Spirit)-PS en MR-VLD[1]. In het kader van dit laatste werd trouwens ook nog een tweewekelijks overlegforum opgericht, waarin Frans- en Nederlandstalige liberalen elkaar ontmoeten zullen teneinde de standpunten meer op elkaar af te stemmen. Hoe komt het nu dat beide ideologie\u00ebn elkaar op korte tijd gevonden hebben? Welnu, deze reden is niet moeilijk te achterhalen. Zolang er grote socio-economische problemen waren, en dat is in grote lijnen vanaf 1973[2] (oliecrisis) werden beide stromingen uit elkaar gehouden door fundamenteel andere oplossingen te bieden voor maatschappelijke problemen. Voor de liberalen was dit in grote lijnen: meer kansen geven aan de vrije markt, voor links: meer staatscontrole. Onder andere door deze verdeeldheid is de katholieke en later de Christelijke vleugel meer dan honderd jaar aan de macht kunnen blijven[3]. Deze tweespalt is nu in grote mate weggevallen, de crisis van de jaren \u201970 en \u201980 zijn achter de rug, en door de gebeurtenissen sedert eind jaren \u201980 in Oost-Europa en de Europese eenmaking heeft het socialisme zijn scherpe kanten helemaal verloren.<\/p>\n<p>Men mag nooit vergeten dat liberalisme en socialisme twee levensbeschouwingen zijn die beiden geloven in de essenti\u00eble maakbaarheid \u00e9n redelijkheid van de mens, zodus vinden ze elkaar nu rond deze thematiek terug. Men bekijke hiervoor de euthanasiewet, de wetten op drugs, de staat waarin de burger voor vrij ondernemerschap kiest,de ontzuiling en haar gevolgen etc\u2026<\/p>\n<p>Daartegenover staan de conservatieven aan de rechterkant van het politieke spectrum. Voor hen bestaat de mens maar doorheen de gemeenschap (\u00ab voor mensen en waarden \u00bb) en wordt soms de eigen gemeenschap als hoogste goed ingeschat (\u00ab eigen volk eerst \u00bb)[4].<\/p>\n<p>In ons land behoren enerzijds de VLD (MR), de SP.a en Spirit (PS) tot deze ene strekking en anderzijds de CD&amp;V (CDH of nog rechtser het CDF), de N-VA en het VB (FN) tot de andere[5]. Op Belgisch vlak kunnen we de situatie bijgevolg als volgt inschatten : de CD&amp;V verliest jaar na jaar, de (kleine) CDH eveneens, MR[6] en VLD winnen jaarlijks bij. Sedert 1991 is het rechts-conservatieve VB ook een weerkerende winnaar en, we mogen aannemen sinds 2000 de SP (PS) eveneens. De vraag is nu of het rechtse front nog een toekomst heeft. Het lijkt duidelijk dat de vernieuwing bij de CVP een maat voor niets geweest is. De sterke Vlaamse eisen hebben evenmin iets kunnen veranderen aan de neergang van de partij. Het \u201ccommunautair\u201d kiespubliek is nauwelijks meer bestaand, en wat er van over is stemt of N-VA of VB. De N-VA, erfgenaam van de Volksunie lijkt als autonome partij weinig overlevingskansen te hebben. Ondanks de stoere taal die de partij sprak voor de verkiezingen, over de onmogelijkheid tot samenwerking met de CD&amp;V, lijken de kaders daar nu toch ook meer en meer gewonnen voor een krachtenbundeling met de Vlaamse Christen-democratie.<\/p>\n<p>Maar kan daarmee rood en blauw worden afgestopt ? Verschillende tekenen wijzen eerder op het tegendeel : Ten eerste stemmen steeds minder mensen op een \u00ab Christelijke \u00bb partij, dat heeft te namen met een toenemende ontkerkelijking[7] en ontzuiling[8]. Ten tweede verliest de CD&amp;V die ooit een dam was tegen \u201crood, goddeloosheid, gezinsontbinding, verloedering van morele waarden etc.\u201d op dit punt vele stemmen aan het VB. Voorts is er in Europese context een tendens naar meer autoriteit merkbaar (Berlusconi,Haider,\u2026)[9]<\/p>\n<p>Het succes van het VB kan veel moeilijker worden verklaard. Een complex van de hang naar een maatschappij met \u201claw en order\u201d, xenofobie, verregaand cynisme over de \u201cpolitiekers\u201d\u2026 is een greep uit het ruime gamma waarop men op deze partij stemt. Tenslotte boet de rechterkant ook nog aan kracht in omdat het er niet in slaagt om in tegenstelling tot paars koepels te vormen: de CD&amp;V heeft al een decennium in steeds meerdere mate gebroken met haar zusterpartij, die niet langer \u201cchristelijk\u201d maar \u201chumanistisch\u201d van engagement is. Dat het N-VA en het VB \u00fcberhaupt geen zusterpartij hebben, spreekt voor zich.<\/p>\n<p>Het aansnijden van deze kwestie brengt ons meteen bij het nationalisme in Belgi\u00eb. Hoe nationalistisch zijn beide kampen? Welnu, degenen die geloven in de idealen van \u201cvrijheid-gelijkheid-broederlijkheid\u201d aanvaarden daarmee de gelijkheid van elke burger en de vrije individuele verantwoordelijkheid. Op het eerste gezicht onderschrijven de twee kampen dit principe. Bij nader inzien echter, is de toestand complexer. De CVP, die principieel voor het principe broederlijkheid stond, is zozeer naar de rechterkant verschoven dat ze wel nog \u201cbroederlijkheid\u201d behouden heeft, maar slechts in de eigen \u201cvolksgemeenschap\u201d. De verbondenheid tussen de Vlamingen is ook het uitgangspunt van N-VA en VB, hoewel er bij deze laatsten nog het principe bijkomt dat de gemeenschap enkel is opgebouwd uit \u2018Westerse\u2019 waarden, terwijl de N-VA eerder een gemeenschap van Vlamingen,d.i. Nederlandstaligen in een bepaalde omschreven regio (ge\u00ebnt op de zgn. \u201cpublieke cultuur\u201d) nastreeft.<\/p>\n<p>Socialisten en liberalen zijn van nature uit daarentegen niet zo nationalistisch, de socialisten zelfs normaliter helemaal niet. Voor de liberalen echter kan nationalisme een component vormen in zoverre zij de belangen van de burgerij behartigt. Maar normaliter hebben beide groepen deze reflex niet, omdat het niet in hun ideologie ingeschreven is. Toch werd Lambermont bv. gesloten door paars(groen). Is dit dan geen contradictie? Neen, daar de Franstalige zijde op dat moment in geldnood zat en daardoor de Nederlandstaligen \u201cwat\u201d meer macht verwerven konden. Wanneer de factor m\u00e9\u00e9r Belgi\u00eb echter in het voordeel spelen zou van het progressieve blok, dan zullen allicht zij de eersten zijn om zaken opnieuw te federaliseren. Het was Eddy Boutmans van Agalev die zich verzette tegen splitsing van ontwikkelingssamenwerking en het is de MR die graag buitenlandse handel opnieuw op Belgisch niveau zou zien.<\/p>\n<p>Tenslotte kunnen we concluderen dat de Christelijk-nationalistische stroming tegen de essenti\u00eble omwenteling van <em>Gemeinschaft <\/em>(een mythische gemeenschap van verbondenheid) naar <em>Gesellschaft <\/em>(de moderne maatschappij met vaak harde onderlinge concurrentie en legio eigenbelang) verzet aantekent, in Belgi\u00eb door middel van hard nationalisme en de tweede groep eerder opportunistisch is, maar niet uit zichzelf nationalistisch[10].<\/p>\n<p>Maar het machtsvacu\u00fcm dat in het centrum ontstaat kan opgevuld worden door een federale centrumpartij die verticaal\/horizontale samenwerkingsverbanden nastreeft. Zulke partij is de B.U.B., onze plaats is derhalve links nog rechts te situeren, maar in het centrum. Niet omdat het centrum beter of mooier zou zijn, maar omdat het de breedst mogelijke basis biedt voor het objectief van federale en Europese loyauteit, alsook intern de deconflictualisering van politiek tegengestelde meningen. Zodoende is ons initiatief helemaal niet reactionair-integendeel zelfs- niet alleen omdat het een pleidooi is voor de meertalige samenleving, maar ook omdat het bepaalde scherpe randen in het politieke veld wil verzoenen.<\/p>\n<p>&#8212;&#8212;&#8212;&#8212;&#8212;&#8212;&#8212;&#8212;&#8212;&#8212;&#8212;&#8212;&#8212;&#8212;&#8212;&#8212;&#8212;&#8212;&#8212;&#8212;&#8212;&#8212;&#8212;&#8212;&#8212;&#8212;&#8211;<\/p>\n<p>[1] We hebben in dit artikel Agalev\/Ecolo wegens hun (tijdelijke ?) bijna volledige wegveging uit het Parlement weggelaten.<\/p>\n<p>[2] De Russische econoom Kondratiev onderscheidde een aantal afwisselend opgaande en neergaande cycli vanaf de Industri\u00eble Revolutie : resp. 1789-1815,1815-1848 ;1848-1896 ;1896-1914 ;1914-1945 ;1945-1973 (van opbouwperiode na WO II tot aan de oliecrisis).1973-1998 normaalzou daar een opgaande fase moeten op volgen: 1998-2023.<\/p>\n<p>[3] Met name van 1884 tot 1999, met evenwel een korte onderbreking in de jaren \u201950.<\/p>\n<p>[4] De socialisten hebben deze kentrek ook in zekere mate, maar hier gaat het om de onderschikking van het individu, meer bepaald in zijn extreme uitloper : het communisme, dat vandaag geen factor van betekenis meer is.<\/p>\n<p>[5] Veiligblauw,Liberaal Appel situeren zich aan de (uiterste) rechterkant en leunen daardoor meer aan bij het tweede blok. Vivant bekent zich \u2013bewust-tot geen enkel blok.<\/p>\n<p>[6] Die op zichzelf ook al een coalitie zijn tussen PRL-FDF-MCC. De PRL geeft evenwel ruimschoots de toon aan.<\/p>\n<p>[7] Een partijstelsel zonder een specifiek \u2018religieuze\u2019 partij hoeft echter het geloof ni\u00e9t in de weg te staan: dat bewijst de Amerikaanse samenleving waar er veel minder ontkerkelijking is \u00e9n geen confessionele partij.<\/p>\n<p>[8] Wat ook een verklaring is voor de opgang van de liberale partij : vele kiezers waren de betutteling van de zuilen beu.<\/p>\n<p>[9]<\/p>\n<p>[10] Uitzonderingen daargelaten : Notoire separatisten zoals zitten bij de VLD\/SP.a, bij de VLD zit sowieso een groot deel van de \u201coude\u201d VU. Anderzijds is Spirit (regionalistisch) in kartel met de SP.a<\/p>\n","protected":false},"excerpt":{"rendered":"<p>Het was de kersverse voorzitter van de CD&amp;V die onlangs verklaarde dat we meer en [&hellip;]<\/p>\n","protected":false},"author":2,"featured_media":0,"comment_status":"closed","ping_status":"open","sticky":false,"template":"","format":"standard","meta":{"ngg_post_thumbnail":0,"jetpack_post_was_ever_published":false,"_jetpack_newsletter_access":"","_jetpack_dont_email_post_to_subs":false,"_jetpack_newsletter_tier_id":0,"_jetpack_memberships_contains_paywalled_content":false,"powered_cache_disable_cache":false,"_jetpack_memberships_contains_paid_content":false,"footnotes":"","jetpack_publicize_message":"","jetpack_publicize_feature_enabled":true,"jetpack_social_post_already_shared":false,"jetpack_social_options":{"image_generator_settings":{"template":"highway","default_image_id":0,"font":"","enabled":false},"version":2}},"categories":[5],"tags":[],"class_list":["post-1512","post","type-post","status-publish","format-standard","hentry","category-opinions"],"jetpack_publicize_connections":[],"jetpack_featured_media_url":"","jetpack_sharing_enabled":true,"jetpack_shortlink":"https:\/\/wp.me\/p6Y7u0-oo","jetpack_likes_enabled":false,"_links":{"self":[{"href":"https:\/\/www.unionbelge.be\/index.php?rest_route=\/wp\/v2\/posts\/1512","targetHints":{"allow":["GET"]}}],"collection":[{"href":"https:\/\/www.unionbelge.be\/index.php?rest_route=\/wp\/v2\/posts"}],"about":[{"href":"https:\/\/www.unionbelge.be\/index.php?rest_route=\/wp\/v2\/types\/post"}],"author":[{"embeddable":true,"href":"https:\/\/www.unionbelge.be\/index.php?rest_route=\/wp\/v2\/users\/2"}],"replies":[{"embeddable":true,"href":"https:\/\/www.unionbelge.be\/index.php?rest_route=%2Fwp%2Fv2%2Fcomments&post=1512"}],"version-history":[{"count":1,"href":"https:\/\/www.unionbelge.be\/index.php?rest_route=\/wp\/v2\/posts\/1512\/revisions"}],"predecessor-version":[{"id":1513,"href":"https:\/\/www.unionbelge.be\/index.php?rest_route=\/wp\/v2\/posts\/1512\/revisions\/1513"}],"wp:attachment":[{"href":"https:\/\/www.unionbelge.be\/index.php?rest_route=%2Fwp%2Fv2%2Fmedia&parent=1512"}],"wp:term":[{"taxonomy":"category","embeddable":true,"href":"https:\/\/www.unionbelge.be\/index.php?rest_route=%2Fwp%2Fv2%2Fcategories&post=1512"},{"taxonomy":"post_tag","embeddable":true,"href":"https:\/\/www.unionbelge.be\/index.php?rest_route=%2Fwp%2Fv2%2Ftags&post=1512"}],"curies":[{"name":"wp","href":"https:\/\/api.w.org\/{rel}","templated":true}]}}