{"id":1489,"date":"2003-05-25T01:21:37","date_gmt":"2003-05-24T23:21:37","guid":{"rendered":"http:\/\/www.unionbelge.be\/?p=1489"},"modified":"2010-09-12T01:24:10","modified_gmt":"2010-09-11T23:24:10","slug":"cdv","status":"publish","type":"post","link":"https:\/\/www.unionbelge.be\/?p=1489","title":{"rendered":"CD&#038;V"},"content":{"rendered":"<table border=\"0\" cellpadding=\"0\" width=\"100%\">\n<tbody>\n<tr>\n<td><strong>Publicatie<\/strong><\/td>\n<\/tr>\n<tr>\n<td valign=\"top\"><span style=\"text-decoration: underline;\">Is Cd&amp;v &#8220;pass\u00e9&#8221;? <\/span><\/p>\n<p>De verdere verkiezingsneergang van de Vlaamse Christen-democraten is   bezwaarlijk verrassend te noemen. De ontkerkelijking zet zich door, religie   of religieuze connotaties worden minder en minder in de politiek geduld   etc&#8230; Maar de CD&amp;V is ook kampioen in taalracisme (cf. campagne   Grouwels, publicatie\/persbericht) \u00e9n in inconsistentie.Ter illustratie;<\/p>\n<p>Volgend stukje tekst komt uit het programma van de Vlaamse   Christen-democraten: \u201cCD&amp;V wil een confederaal land. Het zwaartepunt van   de bevoegdheden wordt verlegd naar de twee deelstaten Vlaanderen en Walloni\u00eb.   Zo wint het beleid aan bestuurskracht en beantwoordt het aan de verwachtingen   en noden van de mensen die in Vlaanderen leven en werken. De deelstaten   beslissen, in onderling overleg en met wederzijdse instemming, welke   bevoegdheden, op welke wijze en door welke instellingen op het Belgisch   niveau worden uitgeoefend. <strong>Die confederale aanpak van onderuit zal niet   tot separatisme, maar juist tot meer samenhang in ons land leiden. Aan de   grondwettelijk omschreven rol van de Koning raken we niet.\u201d <\/strong><\/p>\n<p>De twee laatste zinnen zijn op zijn minst merkwaardig te noemen.   Allereerst wil de CD&amp;V Belgi\u00eb splitsen, een confederatie is immers een   bond van staten, i.c. Vlaanderen en Walloni\u00eb die z\u00e9lf beslissen wat ze samen   verder doen, langs de andere kant zegt men dat dit tot meer eenheid zal   leiden. Nochthans heeft geen enkele confederatie zichzelf overleefd. Men   denke hierbij aan het G.O.S. dat van 1991-1992 grote delen van de ex-S.U.   omvatte, aan Oostenrijk-Hongarije, of, recenter, aan Tsjecho-Slovakije. Een   confederatie kan wel tot een federatie uitgroeien, maar dan moet men   vertrekken vanuit verschillende landen die naar het centrum toegroeien.   Voorbeelden hiervan zijn de V.S.A. of Zwitserland. In Belgi\u00eb echter, gebeurt   het omgekeerde proces.<\/p>\n<p>Zo mogelijk nog merkwaardiger is het niet raken aan de grondwettelijke   positie van de Koning. Welk is nu deze positie o.m.? Een voorbeeld:<br \/>\n\u201dArt. 96: De Koning benoemt en ontslaat zijn ministers.<br \/>\nDe federale Regering biedt haar ontslag aan de Koning aan wanneer de Kamer   van volksvertegenwoordigers,(..). De Koning benoemt de voorgedragen opvolger   tot Eerste Minister, die in functie treedt op het ogenblik van de   eedaflegging van de nieuwe federale Regering.\u201d In een confederaal systeem   echter is er geen federale regering meer die wordt samengesteld. Integendeel,   de vertegenwoordigers van de Vergaderingen van de deelstaten duiden de   federale Kamer(s) aan, en als dusdanig de regering. Met andere woorden: de   monarchie wordt zo een holle doos, die net als de volksvertegenwoordigende   organen afhankelijk is van de Gewesten-deelstaten. De volkssoevereiniteit   (vandaag: art. 33 GW) wordt zo ook weggeveegd: Immers, rechtstreekse   verkiezingen maken plaats voor een &#8216;getrapt&#8217; kiessysteem.<\/p>\n<p>Wat erger is, is dat de CD&amp;V de kiezer voor het lapje houdt. Ze   probeert de mensen die voor de monarchie zijn (de meerderheid dus), te   paaien, terwijl ze het land waarvan dezelfde Koning staatshoofd is willen   ontbinden. Dat is op zijn zachtst gezegd unfair te noemen tegenover de   burger. De CD&amp;V die haar positie in het middenveld maar niet vinden kan,   slaat de bal serieus mis. De stembusgang loog er dan ook niet om:   halfslachtigheid (en dit is natuurlijk niet het enige thema, cf. supra) wordt   afgestraft. Men bedenke hier wel bij dat de SP.a in een kartel zit met het   republikeinse Spirit en dat de VLD reeds op haar congres heeft besloten dat   de rol van de Koning ceremonieel moet zijn. Toegegeven, die stoere woorden   zijn in de loop van de verkiezingen wel wijselijk ingeslikt (net als de notie   van confederalisme bij de Vlaamse liberalen), maar de &#8220;dreiging&#8221;   blijft. Enkel de B.U.B. heeft het spel van bij aanvang eerlijk gespeeld: Geen   wijziging van de koninklijke prerogatieven en de echte maatschappelijke   problemen aanpakken.<\/p>\n<p>Tenslotte maakt het hele interne machtsspelletje dat zich nu in de   CD&amp;V voltrekt (het failliet van de als grote hervormer ingehaalde De   Clerck) duidelijk dat de Vlaamse Christen-democraten zich in een bijzonder   ernstige crisis bevinden-al geven ze dat niet toe. Jaar na jaar gaan ze erop   achteruit, en hun harde flamingantisme bespoedigt hun vrije val. Bovendien   maken ze door hun standpunten over het homohuwelijk en abortus de weg vrij   voor het Vlaams Blok die steeds meer rechtse kiezers lokt. <strong>Het is dus niet   ondenkbaar dat de CD&amp;V gewoon verdwijnt, met in haar kielzog haar   zusterpartij (die er lang geen meer is) de CDH.<\/strong> Mensen als Sauwens   (ex-St-Maartensfonds), I. Lowie (ex-VB) en andere extremisten zoals   Vandenbrande zijn de catalysatoren van de ongeloofwaardigheid. Ondertussen   zit pastoor Staf Nimmegeers bij de\u2026SP.a.<\/p>\n<p><strong>In een spraakmakend artikel van 24-05-2003 (\u201c geen toekomst\u201d) gaat Erik   Donckier-bezwaarlijk een Belgischgezinde te noemen- (Het Belang van Limburg)   zelfs zover om te stellen dat: \u201c<span style=\"text-decoration: underline;\"><span style=\"color: #ff0000;\"><em>De CD&amp;V geen toekomst meer heeft, het is   alleen nog wachten op de implosie van de partij, waarna de linksrechts-   opdeling van het politieke landschap ook in Vlaanderen kan worden   afgerond.<\/em><\/span><\/span>&#8220;<\/strong><\/p>\n<p>Heeft Belgi\u00eb dan geen nood meer aan een middenveld? Dat lijkt zeer   ongezond. Er is een non-confessionele brugpartij nodig tussen de twee blokken   (liberalen en progressief-socialisten) die zich steeds meer aftekenen. En   zo\u2019n partij kan alleen maar <strong>federaal<\/strong> zijn, een bindmiddel tussen links   en rechts, noord en zuid\u2026 Een partij die de neerslag is van een   maatschappelijke, sociaal-voelende beweging. Met respect voor alle mensen, te   beginnen met die mensen van andere taalgroepen.<\/p>\n<p>De B.U.B. wil samen met andere positieve krachten bouwen aan dit 21e eeuws   project voor Belgi\u00eb en Europa.<\/p>\n<p>Zo kunnen we samen werk maken van een rechtvaardiger Belgi\u00eb, zonder   ingewikkelde structuren en van een sterke Europese Unie. Want daar worden we   allemaal beter van.<\/td>\n<\/tr>\n<\/tbody>\n<\/table>\n","protected":false},"excerpt":{"rendered":"<p>Publicatie Is Cd&amp;v &#8220;pass\u00e9&#8221;? De verdere verkiezingsneergang van de Vlaamse Christen-democraten is bezwaarlijk verrassend te [&hellip;]<\/p>\n","protected":false},"author":2,"featured_media":0,"comment_status":"closed","ping_status":"open","sticky":false,"template":"","format":"standard","meta":{"ngg_post_thumbnail":0,"jetpack_post_was_ever_published":false,"_jetpack_newsletter_access":"","_jetpack_dont_email_post_to_subs":false,"_jetpack_newsletter_tier_id":0,"_jetpack_memberships_contains_paywalled_content":false,"powered_cache_disable_cache":false,"_jetpack_memberships_contains_paid_content":false,"footnotes":"","jetpack_publicize_message":"","jetpack_publicize_feature_enabled":true,"jetpack_social_post_already_shared":false,"jetpack_social_options":{"image_generator_settings":{"template":"highway","default_image_id":0,"font":"","enabled":false},"version":2}},"categories":[5],"tags":[],"class_list":["post-1489","post","type-post","status-publish","format-standard","hentry","category-opinions"],"jetpack_publicize_connections":[],"jetpack_featured_media_url":"","jetpack_sharing_enabled":true,"jetpack_shortlink":"https:\/\/wp.me\/s6Y7u0-cdv","jetpack_likes_enabled":false,"_links":{"self":[{"href":"https:\/\/www.unionbelge.be\/index.php?rest_route=\/wp\/v2\/posts\/1489","targetHints":{"allow":["GET"]}}],"collection":[{"href":"https:\/\/www.unionbelge.be\/index.php?rest_route=\/wp\/v2\/posts"}],"about":[{"href":"https:\/\/www.unionbelge.be\/index.php?rest_route=\/wp\/v2\/types\/post"}],"author":[{"embeddable":true,"href":"https:\/\/www.unionbelge.be\/index.php?rest_route=\/wp\/v2\/users\/2"}],"replies":[{"embeddable":true,"href":"https:\/\/www.unionbelge.be\/index.php?rest_route=%2Fwp%2Fv2%2Fcomments&post=1489"}],"version-history":[{"count":1,"href":"https:\/\/www.unionbelge.be\/index.php?rest_route=\/wp\/v2\/posts\/1489\/revisions"}],"predecessor-version":[{"id":1490,"href":"https:\/\/www.unionbelge.be\/index.php?rest_route=\/wp\/v2\/posts\/1489\/revisions\/1490"}],"wp:attachment":[{"href":"https:\/\/www.unionbelge.be\/index.php?rest_route=%2Fwp%2Fv2%2Fmedia&parent=1489"}],"wp:term":[{"taxonomy":"category","embeddable":true,"href":"https:\/\/www.unionbelge.be\/index.php?rest_route=%2Fwp%2Fv2%2Fcategories&post=1489"},{"taxonomy":"post_tag","embeddable":true,"href":"https:\/\/www.unionbelge.be\/index.php?rest_route=%2Fwp%2Fv2%2Ftags&post=1489"}],"curies":[{"name":"wp","href":"https:\/\/api.w.org\/{rel}","templated":true}]}}