{"id":14799,"date":"2024-06-05T14:17:23","date_gmt":"2024-06-05T13:17:23","guid":{"rendered":"https:\/\/www.unionbelge.be\/?p=14799"},"modified":"2024-06-07T13:55:48","modified_gmt":"2024-06-07T12:55:48","slug":"wie-dom-of-onwetend-is-stemt-op-de-n-va-of-het-vb-celui-qui-est-stupide-ou-ignorant-vote-pour-la-n-va-ou-le-vb-dumme-und-ignorante-stimmen-fur-die-n-va-oder-vb","status":"publish","type":"post","link":"https:\/\/www.unionbelge.be\/?p=14799","title":{"rendered":"WIE DOM OF ONWETEND IS, STEMT OP DE N-VA OF HET VB &#8211; CELUI QUI EST STUPIDE OU IGNORANT VOTE POUR LA N-VA OU LE VB &#8211; DUMME UND IGNORANTE STIMMEN F\u00dcR DIE N-VA ODER VB"},"content":{"rendered":"\n<p><em>Afbeelding &#8211; Image &#8211; Bild: kopstukken van het &#8220;Vlaams&#8221; Belang kwamen in 2024 in opspraak wegens hun banden met Chinese inlichtingendiensten &#8211; Spitzenfiguren des \u201eVlaams\u201c Belang wurden 2024 wegen ihrer Verbindungen zu chinesischen Geheimdiensten diskreditiert &#8211; Des figures de proue du &#8220;Vlaams&#8221; Belang ont \u00e9t\u00e9 discr\u00e9dit\u00e9s au courant de l&#8217;ann\u00e9e 2024 \u00e0 cause de leurs liens avec les services secrets chinois<\/em><\/p>\n\n\n\n<p>Bron &#8211; Source &#8211; Quelle: Facebook<\/p>\n\n\n\n<p> <\/p>\n\n\n\n<figure class=\"wp-block-image size-large\"><a href=\"https:\/\/www.unionbelge.be\/wp-content\/uploads\/2024\/06\/image001.jpg\"><img loading=\"lazy\" decoding=\"async\" width=\"1024\" height=\"1024\" src=\"https:\/\/www.unionbelge.be\/wp-content\/uploads\/2024\/06\/image001-1024x1024.jpg\" alt=\"\" class=\"wp-image-14819\" srcset=\"https:\/\/www.unionbelge.be\/wp-content\/uploads\/2024\/06\/image001-1024x1024.jpg 1024w, https:\/\/www.unionbelge.be\/wp-content\/uploads\/2024\/06\/image001-300x300.jpg 300w, https:\/\/www.unionbelge.be\/wp-content\/uploads\/2024\/06\/image001-150x150.jpg 150w, https:\/\/www.unionbelge.be\/wp-content\/uploads\/2024\/06\/image001-768x768.jpg 768w, https:\/\/www.unionbelge.be\/wp-content\/uploads\/2024\/06\/image001-1000x1000.jpg 1000w, https:\/\/www.unionbelge.be\/wp-content\/uploads\/2024\/06\/image001-230x230.jpg 230w, https:\/\/www.unionbelge.be\/wp-content\/uploads\/2024\/06\/image001-350x350.jpg 350w, https:\/\/www.unionbelge.be\/wp-content\/uploads\/2024\/06\/image001-480x480.jpg 480w, https:\/\/www.unionbelge.be\/wp-content\/uploads\/2024\/06\/image001-420x420.jpg 420w, https:\/\/www.unionbelge.be\/wp-content\/uploads\/2024\/06\/image001-800x800.jpg 800w, https:\/\/www.unionbelge.be\/wp-content\/uploads\/2024\/06\/image001-100x100.jpg 100w, https:\/\/www.unionbelge.be\/wp-content\/uploads\/2024\/06\/image001.jpg 1200w\" sizes=\"auto, (max-width: 1024px) 100vw, 1024px\" \/><\/a><\/figure>\n\n\n\n<p><p><strong><em>Op 9 juni 2024 kan u, voor de Kamer van Volksvertegenwoordigers, bijna overal in Belgi\u00eb voor onze partij en beweging stemmen. Hieronder vindt u de lijsten met onze kandidaten.<\/em><\/strong><\/p>   <p><strong><em>Le 9 juin 2024 vous pouvez voter, pour la Chambre de Repr\u00e9sentants, presque partout en Belgique pour notre parti et movement. Ci-dessous vous trouvez les listes avec nos candidats.<\/em><\/strong><\/p>   <p><strong><em>Am 9. Juni 2024 k\u00f6nnen Sie f\u00fcr die Abgeordnetenkammer fast \u00fcberall in Belgien f\u00fcr unsere Partei und Bewegung stimmen. Nachstehend finden Sie die Listen unserer Kandidaten.<\/em><\/strong><\/p>   <p><strong>ANTWERPEN \u2013 ANVERS \u2013 ANTWERPEN<\/strong><\/p>   <p><strong><u>LIJST \u2013 LISTE \u2013 LISTE:<\/u><\/strong><\/p>   <p>Kandidaat-titularissen \u2013 Candidats-titulaires \u2013 Ordentlicher Kandidaten<\/p>   <p>1. Frederik Voets<\/p>   <p>Kandidaat-opvolgers \u2013 Candidats-suppl\u00e9ants \u2013 Ersatzkandidaten<\/p>   <p>1. Jeanine Magermans<br>2. Jean-Luc Hautier<br>3. Erna Van den Broeck<br>4. Jelle Sophie<br>5. Christine Philippe<br>6 Leorat Berisha<\/p>   <p><strong><em>BRABANT<\/em><\/strong><\/p>   <p><strong>\u201cVLAAMS\u201d-BRABANT \u2013 BRABANT \u201cFLAMAND\u201d \u2013 \u201cFL\u00c4MISCH\u201d-BRABANT<\/strong><\/p>   <p><strong><u>LIJST \u2013 LISTE \u2013 LISTE:<\/u><\/strong><\/p>   <p>Kandidaat-titularissen \u2013 Candidats-titulaires \u2013 Ordentlicher Kandidaten<\/p>   <p>1. Hans Van de Cauter<br>2. Ine Devos<br>3. Tim Hottelet<br><br>Kandidaat-opvolgers \u2013 Candidats-suppl\u00e9ants \u2013 Ersatzkandidaten<\/p>   <p>1. Magy Maenhoudt<br>2. William Maghiels<br>3. Agnes Van Bael<br>4. Frank Ramaekers<br>5. Edoxie Ketcha Batchamen<br>6. William De Witte<\/p>   <p><strong>\u201cWAALS\u201d-BRABANT \u2013 BRABANT \u201cWALLON\u201d<\/strong> <strong>\u2013 \u201cWALLONISCH\u201d-BRABANT<\/strong><\/p>   <p><strong><u>LIJST \u2013 LISTE \u2013 LISTE:<\/u><\/strong><\/p>   <p>Kandidaat-titularissen \u2013 Candidats-titulaires \u2013 Ordentlicher Kandidaten<\/p>   <p>1. Fabian Choffray<\/p>   <p>Kandidaat-opvolgers \u2013 Candidats-suppl\u00e9ants \u2013 Ersatzkandidaten<\/p>   <p>1. Monique Brel<br>2. Yves Pels<br>3. Corine Claerhout<br>4. Marc Delouvroy<br>5. Ekodi Wa-Nyamangombe<br>6. Martin Michelet<\/p>   <p><strong>BRUSSEL \u2013 BRUXELLES \u2013 BR\u00dcSSEL<\/strong><\/p>   <p><strong><u>LIJST \u2013 LISTE \u2013 LISTE:<\/u><\/strong><\/p>   <p>Kandidaat-titularissen \u2013 Candidats-titulaires \u2013 Ordentlicher Kandidaten<\/p>   <p>1. Cathy Allaert<br>2. J\u00e9r\u00e9my Charlier<br><br>Kandidaat-opvolgers \u2013 Candidats-suppl\u00e9ants \u2013 Ersatzkandidaten<\/p>   <p>1. Alice Janss<br>2. Brandi Cecere<br>3. Val\u00e9rie Claerhout<br>4. Jean Stevens<br>5. Marie-H\u00e9l\u00e8ne Linster<br>6. Giuseppe Baudewyns<\/p>   <p><strong>HENEGOUWEN \u2013 HAINAUT \u2013 HENNEGAU<\/strong><\/p>   <p><strong><u>LIJST \u2013 LISTE \u2013 LISTE:<\/u><\/strong><\/p>   <p>Kandidaat-titularissen \u2013 Candidats-titulaires \u2013 Ordentlicher Kandidaten<\/p>   <p>1.\u00a0\u00a0\u00a0Nicolas Barrault<\/p>   <p>Kandidaat-opvolgers \u2013 Candidats-suppl\u00e9ants \u2013 Ersatzkandidaten<\/p>   <p>1. Rachida Rabbani<br>2. Valentin Vanhelleputte<br>3. Marie Merchez<br>4. C\u00e9dric Lionnet<br>5. Maria Papageorgiou<br>6. Patrick Vanovertveldt<\/p>   <p><strong>LIMBURG \u2013 LIMBOURG \u2013 LIMBURG<\/strong><\/p>   <p><strong><u>LIJST \u2013 LISTE \u2013 LISTE:<\/u><\/strong><\/p>   <p>Kandidaat-titularissen \u2013 Candidats-titulaires \u2013 Ordentlicher Kandidaten<\/p>   <p>1. Fran\u00e7ois Breyssem<\/p>   <p>Kandidaat-opvolgers \u2013 Candidats-suppl\u00e9ants \u2013 Ersatzkandidaten<\/p>   <p>1. Leah De Paepe<br>2. Jean-Marc Vriamont<br>3. Sandra Cuyvers<br>4. Guido Loix<br>5. Joelle Boone<br>6. Bruno Yammine<\/p>   <p><strong>LUIK \u2013 LIEGE \u2013 L\u00dcTTICH<\/strong><\/p>   <p><strong><u>LIJST \u2013 LISTE \u2013 LISTE:<\/u><\/strong><\/p>   <p>Kandidaat-titularissen \u2013 Candidats-titulaires<\/p>   <p>1. Karim Bencheikh<\/p>   <p>Kandidaat-opvolgers \u2013 Candidats-suppl\u00e9ants \u2013 Ersatzkandidaten<\/p>   <p>1. Thi Luong<br>2. Baudouin Huben\u00e9<br>3. Caroline Hanskens<br>4. Marnic Torcque<br>5. C\u00e9cile Pottiez<br>6. Ruben Cottenj\u00e9 de Dauphin<\/p>   <p><strong>NAMEN \u2013 NAMUR<\/strong> <strong>\u2013 NAM\u00dcR<\/strong><\/p>   <p><strong><u>LIJST \u2013 LISTE \u2013 LISTE:<\/u><\/strong><\/p>   <p>Kandidaat-titularissen \u2013 Candidats-titulaires \u2013 Ordentlicher Kandidaten<\/p>   <p>1. Claude Heyman<\/p>   <p>Kandidaat-opvolgers \u2013 Candidats-suppl\u00e9ants \u2013 Ersatzkandidaten<\/p>   <p>1. Pascale Marlier<br>2. Constant Maes<br>3. Karine Michiels<br>4. Thierry Dubuisson<br>5. Wivine Matthys<br>6. Eddy Desmet<\/p>   <p><strong>OOST-VLAANDEREN \u2013 FLANDRE ORIENTALE \u2013 OSTFLANDERN<\/strong><\/p>   <p><strong><u>LIJST \u2013 LISTE \u2013 LISTE:<\/u><\/strong><\/p>   <p>Kandidaat-titularissen \u2013 Candidats-titulaires \u2013 Ordentlicher Kandidaten<\/p>   <p>1. Benedict Verbiest<\/p>   <p>Kandidaat-opvolgers \u2013 Candidats-suppl\u00e9ants \u2013 Ersatzkandidaten<\/p>   <p>1. Elisabeth Roberti<br>2. Philippe Nicolas<br>3. Marianna Vanlaeken<br>4. Erik Van der Eedt<br>5. Daisy Hutsebaut<br>6. Rudiger Rombauts<\/p><\/p>\n\n\n\n<figure class=\"wp-block-image size-large\"><a href=\"https:\/\/www.unionbelge.be\/wp-content\/uploads\/2024\/06\/447634688_800123585595778_350990438256235253_n-2.jpg\"><img loading=\"lazy\" decoding=\"async\" width=\"1024\" height=\"1024\" src=\"https:\/\/www.unionbelge.be\/wp-content\/uploads\/2024\/06\/447634688_800123585595778_350990438256235253_n-2-1024x1024.jpg\" alt=\"\" class=\"wp-image-14818\" srcset=\"https:\/\/www.unionbelge.be\/wp-content\/uploads\/2024\/06\/447634688_800123585595778_350990438256235253_n-2-1024x1024.jpg 1024w, https:\/\/www.unionbelge.be\/wp-content\/uploads\/2024\/06\/447634688_800123585595778_350990438256235253_n-2-300x300.jpg 300w, https:\/\/www.unionbelge.be\/wp-content\/uploads\/2024\/06\/447634688_800123585595778_350990438256235253_n-2-150x150.jpg 150w, https:\/\/www.unionbelge.be\/wp-content\/uploads\/2024\/06\/447634688_800123585595778_350990438256235253_n-2-768x768.jpg 768w, https:\/\/www.unionbelge.be\/wp-content\/uploads\/2024\/06\/447634688_800123585595778_350990438256235253_n-2-1000x1000.jpg 1000w, https:\/\/www.unionbelge.be\/wp-content\/uploads\/2024\/06\/447634688_800123585595778_350990438256235253_n-2-230x230.jpg 230w, https:\/\/www.unionbelge.be\/wp-content\/uploads\/2024\/06\/447634688_800123585595778_350990438256235253_n-2-350x350.jpg 350w, https:\/\/www.unionbelge.be\/wp-content\/uploads\/2024\/06\/447634688_800123585595778_350990438256235253_n-2-480x480.jpg 480w, https:\/\/www.unionbelge.be\/wp-content\/uploads\/2024\/06\/447634688_800123585595778_350990438256235253_n-2-420x420.jpg 420w, https:\/\/www.unionbelge.be\/wp-content\/uploads\/2024\/06\/447634688_800123585595778_350990438256235253_n-2-800x800.jpg 800w, https:\/\/www.unionbelge.be\/wp-content\/uploads\/2024\/06\/447634688_800123585595778_350990438256235253_n-2-100x100.jpg 100w, https:\/\/www.unionbelge.be\/wp-content\/uploads\/2024\/06\/447634688_800123585595778_350990438256235253_n-2.jpg 1080w\" sizes=\"auto, (max-width: 1024px) 100vw, 1024px\" \/><\/a><\/figure>\n\n\n\n<p><strong>DE B.U.B. WIL EEN DAM OPWERPEN TEGEN HET SEPARATISME!<\/strong> <\/p>\n\n\n\n<p><strong>Tijdens de afgelopen electorale campagne werd vooral, maar zeker niet uitsluitend, in het noorden van Belgi\u00eb een enorme media-aandacht toebedeeld aan de separatisten van het \u201cVlaams\u201d Belang en van de N-VA. Niet alleen zijn deze twee rabiaat anti-Belgische partijen overbelicht in de media, maar ook baden ze in de overheidssubsidies. Die worden betaald door elke Belg van Oostende tot Aarlen. Samen bezitten ze de kolossale som van 51 miljoen euro, ongeveer 1\/3 van het gezamenlijke kapitaal van alle Belgische partijen (<a rel=\"noreferrer noopener\" href=\"https:\/\/www.standaard.be\/cnt\/dmf20230706_96206205\" target=\"_blank\">link<\/a>). Sterker nog: de N-VA is rijker dan alle Nederlandse partijen samen (<a rel=\"noreferrer noopener\" href=\"https:\/\/radio1.be\/lees\/n-va-is-rijker-dan-alle-partijen-in-nederland-bij-elkaar\" target=\"_blank\">link<\/a>). Deze waanzin moet stoppen.<\/strong><\/p>\n\n\n\n<p>De B.U.B. vindt het hallucinant dat de media het \u201cVlaams\u201d Belang, een partij die amper vijftien jaar geleden nog werd weggezet als een bende doorgedraaide extremisten (wat zelfs klopt) een heldenstatus toebedelen. En dat ze de al even extreme N-VA, die voortdurend chantage pleegt door te suggereren of zelfs te verklaren met het \u201cVlaams\u201d Belang op het zogenaamde \u201cVlaams\u201d niveau te willen samenwerken, als een normale partij blijven beschouwen. <br><\/p>\n\n\n\n<p>De politiek van traditionele partijen die vandaag vertellen met de N-VA te willen regeren, is beschamend. In geen enkel land ter wereld zouden traditionele partijen ook maar durven te suggereren dat een separatist als Bart De Wever, de voorzitter van de N-VA, een ernstige kandidaat-premier is. Behalve in Belgi\u00eb. Door hun gedoogbeleid t.o.v. de separatisten, zijn de particraten en hun dociele media de voornaamste gangmakers van de relatieve opmars van die stroming.<\/p>\n\n\n\n<p><strong>Een flamingantische \u201ctsunami\u201d?<\/strong><\/p>\n\n\n\n<p>Inderdaad moeten we die opmars relativeren. We brengen even in herinnering dat separatistische partijen al in 2010 samen 40 zetels in de Kamer van Volksvertegenwoordigers behaalden. Als we de peilingen mogen geloven, zou dit aantal vandaag \u2013 in het voor hen meest gunstige geval \u2013 stijgen tot 46 zetels. Met andere woorden, een winst van zes zetels op 15 jaar. Tegenover de vorige verkiezingen gaat het om een winst van drie zetels. Dat is bezwaarlijk een \u201ctsunami\u201d te noemen. Dat die partijen samen winnen komt niet omdat de N-VA, een partij die sedert 2014 elke verkiezing heeft verloren, erop vooruitgaat, maar wel omdat het \u201cVlaams\u201d Belang groter wordt. Beide partijen zijn immers grotendeels <strong>communicerende vaten<\/strong>. Hoe meer het VB wint, hoe meer de N-VA verliest. En <em>vice versa<\/em>. <a rel=\"noreferrer noopener\" href=\"https:\/\/www.unionbelge.be\/?p=14318\" target=\"_blank\">Eerder al wijdde de B.U.B. een publicatie aan dit fenomeen<\/a>.<\/p>\n\n\n\n<p><strong>De zielige stem van de minderheid<\/strong><\/p>\n\n\n\n<p>Ondanks het enorme fortuin en de doorlopende media-aandacht waarvan deze clubs genieten, stemden in 2019 maar 23% van de kiesgerechtigde Belgen op een van deze twee partijen. Zelfs in het noorden van Belgi\u00eb stemde slechts 38% van het electoraat op deze taalnationalistische onruststokers. Kortom, noch de N-VA, noch het VB halen 50% van de stemmen. Zelfs hun opgetelde scores komen niet in de buurt van dit aantal en dit noch op het nationale, noch op het regionale en communautaire bestuursniveau.<\/p>\n\n\n\n<p><strong><u>Dat is beschamend gelet op de buitenissige media-aandacht en buitensporige middelen waarop deze fascisto\u00efde organisaties zich kunnen beroepen.<\/u><\/strong><\/p>\n\n\n\n<p><strong>Niemand staat boven de wet&nbsp;<\/strong><\/p>\n\n\n\n<p><strong>De B.U.B. wijst erop dat deze partijen staatsgevaarlijke organisaties zijn. <\/strong>De activiteiten van de mandatarissen van deze overgesubsidieerde sektes zijn in flagrante overtreding met artikel 233 van het Belgisch Strafwetboek. Dat bepaalt dat personen en organisaties die het openbaar gezag uitoefenen geen maatregelen mogen bedisselen die strijdig zijn met wetten of Koninklijke Besluiten. Nochtans beraamt het VB een eenzijdige uitroeping van de \u201cVlaamse\u201d onafhankelijkheid en wil de N-VA de Grondwet negeren om het \u201cconfederalisme\u201d \u2013 een verdrag tussen twee of meer onafhankelijke staten \u2013 in te voeren.<\/p>\n\n\n\n<p>Sterker nog, als de N-VA zijn separatistische staatsgreep niet krijgt, sluit de partij zelfs geweld niet uit. Bij monde van haar voorzitter, Bart De Wever, riep de organisatie hier al meermaals im- of expliciet toe op. We citeren:<\/p>\n\n\n\n<p>\u201c<em>Als we na 2024 opnieuw een onherkenbare bestuursbrei krijgen zoals Vivaldi, dan voorspel ik een implosie van het systeem<\/em>&nbsp;[\u2026]&nbsp;<em>Ik sluit zelfs burgerlijke onlusten niet uit. Dat mensen elkaar te lijf gaan op straat<\/em>\u201d (<em>Krant van West-Vlaanderen<\/em>, 9 juli 2021). Of nog: \u201c<em>Kijk naar<\/em> [\u2026] <em>de bestorming van het Capitool in Amerika. Is het dan zo raar te denken dat het protest ook in ons land militante vormen kan aannemen? <\/em>[\u2026] <em>als er straks een tweede Vivaldi komt <\/em>[\u2026]<em> dan zou ik dat niet uitsluiten. Er komt een dag dat de mensen het niet meer gaan verdragen. Dan volgt de implosie<\/em>\u201d (<em><a rel=\"noreferrer noopener\" href=\"https:\/\/www.dezondag.be\/actua\/politiek\/bart-de-wever-voorzitter-van-n-va-voor-wat-ik-wil-doen-is-het-nu-of-nooit\/\" target=\"_blank\">De Zondag<\/a><\/em>, 26 mei 2024).<\/p>\n\n\n\n<p>Deze woorden vertonen een opvallende gelijkenis met wat Slobodan Milosevic, de voormalige president van Servi\u00eb, die later wegens oorlogsmisdaden voor het Joegoslavi\u00eb-tribunaal moest verschijnen, op 28 juni 1989, twee jaar v\u00f3\u00f3r de Joegoslavische burgeroorlog, verklaarde: \u201c<em>We moeten opnieuw strijd voeren.&nbsp;Geen gewapende strijd weliswaar, al mogen we die niet uitsluiten<\/em>\u201d (<a rel=\"noreferrer noopener\" href=\"https:\/\/www.unionbelge.be\/?p=13674\" target=\"_blank\">link<\/a>).<\/p>\n\n\n\n<p>Er is meer. Immers, uit een onderzoek van de Orde van \u201cVlaamse\u201d Balies blijkt dat geen enkele partij meer voorstellen heeft die de rechtsstaat bedreigen dat de N-VA. Ze wordt daarin op de voet gevolgd door het \u201cVlaams\u201d Belang (<a href=\"https:\/\/www.ordevanvlaamsebalies.be\/nl\/fetch-asset?path=files\/Advocaat.be-documenten\/Rapport-rechtstaat.pdf\" target=\"_blank\" rel=\"noreferrer noopener\">link<\/a>).<\/p>\n\n\n\n<p>Twintig jaar geleden werd het toenmalige \u201cVlaams\u201d Blok trouwens al eens veroordeeld voor racisme. Maar blijkbaar &#8211; we herhalen het &#8211; is het vandaag geen probleem voor de media om een partij die toen (en tot voor kort) werd weggezet als een stelletje radicale marginalen vandaag te omarmen als ware helden.<\/p>\n\n\n\n<p><strong>Voor de B.U.B. is noch de wet, noch de Grondwet een vodje papier, wat sommige politici daar ook mogen van denken. <\/strong>&nbsp;<\/p>\n\n\n\n<p><strong>Geen enkele partij staat boven de wet. Men kan niet vragen aan de burgers de rechtsstaat te respecteren en tegelijk partijen rijkelijk subsidi\u00ebren om het tegendeel te doen. &nbsp;<u>Enkel domme of onwetende burgers stemmen op separatistische partijen. Dat klinkt hard, maar het is de waarheid.<\/u><\/strong><\/p>\n\n\n\n<p><strong>Medeplichtige particratie<\/strong><\/p>\n\n\n\n<p>Daarbij moet opgemerkt worden dat alle andere partijen die niet meertalig, noch Belgisch zijn en niet ijveren voor de eenheid van Belgi\u00eb de opkomst van deze radicaal-rechtse idioten mogelijk maken. De hele particratie, van links tot rechts, is dus schuldig. Geen enkele machtspartij gaat vrijuit. Ze hebben trouwens allemaal met minstens een van de twee partijen geregeerd en dit op elk beleidsniveau.<\/p>\n\n\n\n<p><strong>Onwerkbaar taalfederalisme<\/strong><\/p>\n\n\n\n<p>Wat meer is, ze hebben een verdelend, peperduur, ineffici\u00ebnt, <a href=\"https:\/\/www.unionbelge.be\/?p=5421\">ongrondwettelijk<\/a> en onwerkbaar systeem ontworpen \u2013 het taalfederalisme \u2013 dat ze t\u00e9gen de wil van de meerderheid van de Belgen in stand houden. Geheel in overeenstemming met het programma van de separatistische dwazen en gesteund door de volgzame media wordt Belgi\u00eb sedert 1970 in zes ( ! ) \u201cstaatshervormingen\u201d stap voor stap ontmanteld door liberalen, socialisten, groenen, centristen en christendemocraten. <br><br><strong>De traditionele partijen, die allemaal het overgrote deel van de bestaande splitsingen willen behouden en waarvan een deel zelfs nieuwe splitsingen van Belgische bevoegdheden verdedigt, kunnen noch de N-VA, noch het VB bestrijden zonder deels hun eigen programma aan te vallen. Dat is hun fatale zwakte.<\/strong><\/p>\n\n\n\n<p>Deze partijen zouden niet alleen hun welgemeende excuses aan de Belgen moeten aanbieden voor de puinhoop die ze veroorzaakt hebben, maar ook hun eigen taalnationalisme op de vuilnisbelt van de geschiedenis, waar het thuishoort, moeten gooien. Het is dat of in de volstrekte irrelevantie wegdeemsteren.<\/p>\n\n\n\n<p><strong>Indien Belgi\u00eb een bedrijf was met aandeelhouders, dan was de incompetente en machtswellustige directie al lang collectief ontslagen. Gelukkig kan u op 9 juni 2024 bijna overal in ons mooie Belgi\u00eb op de unitaristische B.U.B. stemmen.<\/strong><\/p>\n\n\n\n<p><\/p>\n\n\n\n<p><strong>LE B.U.B. VEUT CONSTITUER UN REMPART CONTRE LE SEPARATISME<\/strong><\/p>\n\n\n\n<p><strong>Au cours de la derni\u00e8re campagne \u00e9lectorale, les s\u00e9paratistes du \u00ab Vlaams \u00bb Belang et de la N-VA ont b\u00e9n\u00e9fici\u00e9 d&#8217;une attention m\u00e9diatique \u00e9norme, surtout, mais certainement pas exclusivement, dans le nord de la Belgique. Non seulement ces deux partis violemment anti-belges sont surexpos\u00e9s dans les m\u00e9dias, mais ils b\u00e9n\u00e9ficient \u00e9galement de subventions publiques. Celles-ci sont pay\u00e9es par chaque Belge d&#8217;Ostende \u00e0 Arlon. Ensemble, ils poss\u00e8dent la somme colossale de 51 millions d&#8217;euros, soit environ 1\/3 du capital de tous les partis belges r\u00e9unis (<a rel=\"noreferrer noopener\" href=\"https:\/\/www.standaard.be\/cnt\/dmf20230706_96206205\" target=\"_blank\">lien<\/a>). En effet, la N-VA est plus riche que tous les partis n\u00e9erlandais r\u00e9unis (<u><a href=\"https:\/\/www.vrt.be\/vrtnws\/nl\/2017\/11\/23\/n-va-is-rijker-dan-alle-partijen-in-nederland-bij-elkaar\/\">lien<\/a><\/u>). Cette folie doit cesser.<\/strong><\/p>\n\n\n\n<p>Selon le B.U.B., il est hallucinant que les m\u00e9dias attribuent un statut h\u00e9ro\u00efque au &#8220;Vlaams&#8221; Belang, un parti qui, il y a \u00e0 peine 15 ans, \u00e9tait encore consid\u00e9r\u00e9 comme une bande d&#8217;extr\u00e9mistes malades (ce qui est m\u00eame vrai). Il est \u00e9galement hallucinant que la N-VA, tout aussi extr\u00e9miste, qui fait constamment du chantage en sugg\u00e9rant ou m\u00eame en disant qu&#8217;elle veut coop\u00e9rer avec le \u00ab Vlaams \u00bb Belang au niveau dit \u00ab flamand \u00bb, continue \u00e0 \u00eatre consid\u00e9r\u00e9e comme un parti normal. La politique des partis traditionnels qui disent aujourd&#8217;hui qu&#8217;ils veulent gouverner avec la N-VA est honteuse. <br><\/p>\n\n\n\n<p>Dans aucun pays au monde, les partis traditionnels n&#8217;oseraient m\u00eame sugg\u00e9rer qu\u2019un s\u00e9paratiste comme Bart De Wever, le pr\u00e9sident de la N-VA, soit un candidat s\u00e9rieux au poste de premier ministre. Sauf en Belgique. Par leur complicit\u00e9 avec les s\u00e9paratistes, les particrates et leurs m\u00e9dias dociles sont les principaux animateurs de l&#8217;avanc\u00e9e relative de ce courant.<\/p>\n\n\n\n<p><strong>Un \u00ab tsunami \u00bb flamingant?<\/strong><\/p>\n\n\n\n<p>Il faut en effet mettre cette avanc\u00e9e en perspective. Rappelons bri\u00e8vement que d\u00e9j\u00e0 en 2010, les partis s\u00e9paratistes avaient obtenu ensemble 40 si\u00e8ges \u00e0 la Chambre des Repr\u00e9sentants. Si l&#8217;on en croit les sondages, ce chiffre passerait aujourd&#8217;hui &#8211; dans le meilleur des cas pour eux &#8211; \u00e0 46 si\u00e8ges. En d&#8217;autres termes, un gain de six si\u00e8ges. Par rapport aux derni\u00e8res \u00e9lections, cela repr\u00e9sente un gain de trois si\u00e8ges. On peut difficilement qualifier cela de \u00ab tsunami \u00bb. Si ces partis gagnent ensemble, ce n&#8217;est pas parce que la N-VA, qui a perdu toutes les \u00e9lections depuis 2014, progresse, mais parce que le \u201cVlaams\u201d Belang prend de l&#8217;ampleur. En effet, les deux partis sont en grande partie des <strong>vases communicants<\/strong>. Plus le VB gagne, plus la N-VA perd. Et vice versa. <a href=\"https:\/\/www.unionbelge.be\/?p=14318\">Le B.U.B. a d\u00e9j\u00e0 consacr\u00e9 une publication \u00e0 ce ph\u00e9nom\u00e8ne<\/a>.<\/p>\n\n\n\n<p><strong>La voix path\u00e9tique d\u2019une minorit\u00e9<\/strong><\/p>\n\n\n\n<p>Malgr\u00e9 l\u2019\u00e9norme fortune et l\u2019attention m\u00e9diatique permanente dont b\u00e9n\u00e9ficient ces clubs, seuls 23 % des Belges \u00e9ligibles ont vot\u00e9 pour l&#8217;un de ces deux partis en 2019. M\u00eame dans le nord de la Belgique, seuls 38 % des \u00e9lecteurs ont vot\u00e9 pour ces agitateurs linguistico-nationalistes. Bref, ni la N-VA ni le VB n&#8217;atteignent 50 % des voix et m\u00eame leurs scores cumul\u00e9s ne s&#8217;approchent pas de ce chiffre et ce, ni au niveau national, ni au niveau des gouvernements r\u00e9gionaux et communautaires.<\/p>\n\n\n\n<p><strong><u>Il s\u2019agit d\u2019une honte si l&#8217;on consid\u00e8re la couverture m\u00e9diatique extravagante et les ressources excessives sur lesquelles ces organisations fascistes peuvent compter.<\/u><\/strong><\/p>\n\n\n\n<p><strong>Personne n\u2019est au-dessus de la loi<\/strong><\/p>\n\n\n\n<p><strong>Le B.U.B. rappelle que ces partis constituent un danger pour l\u2019Etat<\/strong>. Les activit\u00e9s des mandataires de ces sectes sursubventionn\u00e9es sont notamment en violation flagrante de l\u2019article 233 du Code p\u00e9nal belge. Celui-ci stipule que les personnes et les organisations exer\u00e7ant l&#8217;autorit\u00e9 publique ne peuvent planifier des mesures contraires aux lois et aux Arr\u00eat\u00e9s Royaux. Pourtant, le VB veut declarer de mani\u00e8re unilat\u00e9rale l\u2019ind\u00e9pendance de la \u201cFlandre\u201d, tandis que la N-VA souhaite mettre de c\u00f4t\u00e9 la Constitution pour introduire le \u00ab conf\u00e9d\u00e9ralisme \u00bb &#8211; un trait\u00e9 entre deux ou plusieurs \u00c9tats ind\u00e9pendants.<\/p>\n\n\n\n<p>Si la N-VA n&#8217;obtient pas son coup de force s\u00e9paratiste, le parti n&#8217;exclut m\u00eame pas la violence. Par l&#8217;interm\u00e9diaire de son pr\u00e9sident, Bart De Wever, l&#8217;organisation y a appel\u00e9 im- ou explicitement \u00e0 plusieurs reprises. Nous citons :<\/p>\n\n\n\n<p>\u00ab <em>Si apr\u00e8s 2024, nous aurons de nouveau un imbroglio gouvernemental m\u00e9connaissable comme la Vivaldi, alors je pr\u00e9dis une implosion du syst\u00e8me<\/em> [\u2026] <em>Je n\u2019exclus m\u00eame pas des troubles civils. Que les gens s\u2019attaquent les uns les autres en rue<\/em>&nbsp;\u00bb. &nbsp;(<em>Krant van West-Vlaanderen<\/em>, 9 juli 2021).<\/p>\n\n\n\n<p>Ou encore: \u00ab <em>Regardez<\/em> [&#8230;] <em>la prise d&#8217;assaut du Capitole en Am\u00e9rique. Est-il si \u00e9trange de penser que la protestation pourrait prendre des formes militantes chez nous aussi?<\/em> [&#8230;] <em>s&#8217;il y a bient\u00f4t un deuxi\u00e8me Vivaldi<\/em> [&#8230;] <em>je ne l&#8217;exclus pas. Il y aura un jour o\u00f9 les gens ne le supporteront plus. L&#8217;implosion suivra<\/em> \u00bb (<em><a href=\"https:\/\/www.dezondag.be\/actua\/politiek\/bart-de-wever-voorzitter-van-n-va-voor-wat-ik-wil-doen-is-het-nu-of-nooit\/\" target=\"_blank\" rel=\"noreferrer noopener\">De Zondag<\/a><\/em>, 26 mei 2024).<\/p>\n\n\n\n<p>Ces propos sont similaires \u00e0 ceux tenus par Slobodan Milosevic, l\u2019ancien pr\u00e9sident de la Serbie, jug\u00e9 pour crimes de guerre devant le Tribunal P\u00e9nal international. Le 28 juin 1989, deux ans avant la guerre civile en Yougoslavie, il d\u00e9clarait : \u00ab&nbsp;<em>nous nous trouvons de nouveau en lutte, de nouveau nous devons nous battre. Bien s\u00fbr, il ne s\u2019agit pas d\u2019une lutte arm\u00e9e, mais on ne peut l\u2019exclure<\/em>&nbsp;\u00bb (<a rel=\"noreferrer noopener\" href=\"https:\/\/www.unionbelge.be\/?p=13674\" target=\"_blank\">lien<\/a>).<\/p>\n\n\n\n<p>Par ailleurs, une enqu\u00eate de l&#8217;Ordre des barreaux \u201cflamands\u201d d\u00e9montre que la N-VA est le parti qui a le plus de propositions mena\u00e7ant l&#8217;\u00c9tat de droit. Elle est suivie de pr\u00e8s par le Vlaams Belang (<a href=\"https:\/\/www.ordevanvlaamsebalies.be\/nl\/fetch-asset?path=files\/Advocaat.be-documenten\/Rapport-rechtstaat.pdf\" target=\"_blank\" rel=\"noreferrer noopener\">lien<\/a>).<\/p>\n\n\n\n<p>Il y a vingt ans, d&#8217;ailleurs, le \u201cVlaams\u201d Blok de l&#8217;\u00e9poque \u00e9tait d\u00e9j\u00e0 condamn\u00e9 pour racisme. Mais aujourd&#8217;hui, r\u00e9p\u00e9tons-le, les m\u00e9dias n&#8217;ont apparemment aucun probl\u00e8me \u00e0 consid\u00e9rer comme de v\u00e9ritables h\u00e9ros un parti qui, \u00e0 l&#8217;\u00e9poque (et jusqu&#8217;\u00e0 r\u00e9cemment), \u00e9tait consid\u00e9r\u00e9 comme une bande de marginaux radicaux.<\/p>\n\n\n\n<p><strong>Pour le B.U.B., ni la loi, ni la Constitution ne sont des chiffons de papier, quoi qu&#8217;en pensent certains politiciens.&nbsp;<\/strong><\/p>\n\n\n\n<p><strong>Aucun parti n&#8217;est au-dessus de la loi. On ne peut pas demander aux citoyens de respecter l&#8217;Etat de droit tout en subventionnant g\u00e9n\u00e9reusement des partis qui font le contraire.&nbsp; <\/strong><strong><u>Seuls les citoyens stupides ou ignorants votent pour des partis s\u00e9paratistes. Cela semble dur, mais c&#8217;est la v\u00e9rit\u00e9.<\/u><\/strong><\/p>\n\n\n\n<p><strong>Une particratie complice<\/strong><\/p>\n\n\n\n<p>Il est \u00e0 noter que tous les autres partis qui ne sont ni multilingues, ni belges et qui n&#8217;\u0153uvrent pas pour l&#8217;unit\u00e9 de la Belgique permettent la mont\u00e9e de ces idiots de la droite radicale. C&#8217;est donc toute la particratie, de gauche \u00e0 droite, qui est coupable. Aucun parti au pouvoir s\u2019en sort \u00e0 bon compte. Ils ont tous gouvern\u00e9 avec au moins un des deux partis et ce, \u00e0 tous les niveaux politiques.<\/p>\n\n\n\n<p><strong>Un f\u00e9d\u00e9ralisme linguistique impraticable<\/strong><\/p>\n\n\n\n<p>En outre, ils ont con\u00e7u un syst\u00e8me diviseur, extr\u00eamement dispendieux, <a href=\"https:\/\/www.unionbelge.be\/?p=5421\">inconstitutionnel<\/a>, inefficace et inapplicable \u2013 le f\u00e9d\u00e9ralisme linguistique \u2013 qu&#8217;ils maintiennent contre la volont\u00e9 de la majorit\u00e9 des Belges. Conform\u00e9ment au programme des imb\u00e9ciles s\u00e9paratistes et avec le soutien des m\u00e9dias complaisants, la Belgique a \u00e9t\u00e9 d\u00e9mantel\u00e9e en six ( ! ) \u00ab r\u00e9formes de l&#8217;\u00c9tat \u00bb, \u00e9tape par \u00e9tape, depuis 1970, par les lib\u00e9raux, les socialistes, les verts, les centristes et les d\u00e9mocrates-chr\u00e9tiens. <br><\/p>\n\n\n\n<p><strong>Les partis traditionnels, qui veulent tous conserver la grande majorit\u00e9 des scissions existantes et dont certains d\u00e9fendent m\u00eame les nouvelles scissions de comp\u00e9tences belges, ne peuvent ni combattre la N-VA ni le VB sans s&#8217;attaquer en partie \u00e0 leur propre programme. C&#8217;est l\u00e0 leur faiblesse fatale.<\/strong><\/p>\n\n\n\n<p>Ces partis devraient non seulement pr\u00e9senter leurs excuses sinc\u00e8res aux Belges pour le g\u00e2chis qu&#8217;ils ont caus\u00e9, mais aussi renvoier leur nationalisme linguistique aux obliettes de l&#8217;histoire, l\u00e0 o\u00f9 il devrait \u00eatre. C&#8217;est soit cela, soit s&#8217;\u00e9teindre dans l&#8217;insignifiance la plus totale.<\/p>\n\n\n\n<p><strong>Si la Belgique \u00e9tait une entreprise avec des actionnaires, les dirigeants incomp\u00e9tents et avides de pouvoir auraient \u00e9t\u00e9 collectivement licenci\u00e9s depuis longtemps. Heureusement, vous pouvez voter pour le B.U.B. unitariste presque partout dans notre belle Belgique le 9 juin 2024.<\/strong><\/p>\n\n\n\n<p><strong>DIE B.U.B. WILL EIN SCHUTZ GEGEN SEPARATISMUS SEIN<\/strong><\/p>\n\n\n\n<p><strong>W\u00e4hrend des letzten Wahlkampfs haben die Separatisten des \u201eVlaams\u201c Belang und der N-VA enorme mediale Aufmerksamkeit genossen, vor allem, aber sicherlich nicht ausschlie\u00dflich, im Norden Belgiens. Diese beiden fanatischen antibelgischen Parteien sind nicht nur in den Medien \u00fcberpr\u00e4sent, sondern profitieren auch von staatlichen Subventionen. Diese werden von jedem Belgier von Ostende bis Arel bezahlt. Zusammen besitzen sie die gigantische Summe von 51 Millionen Euro, was etwa 1\/3 des Kapitals aller belgischen Parteien zusammen entspricht <\/strong><strong>(<a href=\"https:\/\/www.standaard.be\/cnt\/dmf20230706_96206205\" target=\"_blank\" rel=\"noreferrer noopener\">Link<\/a>)<\/strong><strong>. Tats\u00e4chlich ist die N-VA reicher als alle niederl\u00e4ndischen Parteien zusammen (<\/strong><strong><a href=\"https:\/\/radio1.be\/lees\/n-va-is-rijker-dan-alle-partijen-in-nederland-bij-elkaar\" target=\"_blank\" rel=\"noreferrer noopener\">Link<\/a><\/strong><strong>). Dieser Wahnsinn muss stoppen.<\/strong><\/p>\n\n\n\n<p>Die B.U.B. findet es halluzinatorisch, dass die Medien dem \u201eVlaams\u201d Belang Heldenstatus zuschreiben, einer Partei, die vor kaum 15 Jahren als eine Bande von verr\u00fcckt gewordenen Extremisten abgetan wurde (was auch noch stimmt). Es ist ebenfalls halluzinatorisch, dass die ebenso extreme N-VA, die st\u00e4ndig erpresst, indem sie andeutet oder sogar erl\u00e4utert, sie wolle mit dem \u2018Vlaams\u2019 Belang auf der so genannten \u201efl\u00e4mischen\u201c Ebene zusammenarbeiten, weiterhin als normale Partei gilt. <br><\/p>\n\n\n\n<p>Die Politik der traditionellen Parteien, die heute sagen, dass sie mit der N-VA regieren wollen, ist besch\u00e4mend. In keinem Land der Welt w\u00fcrden es die traditionellen Parteien auch nur wagen, einen Separatisten wie Bart De Wever, der Pr\u00e4sident der N-VA, als ernsthaften Kandidaten f\u00fcr das Amt des Premiers vorzuschlagen. Au\u00dfer in Belgien. Durch ihre Toleranzpolitik versus der Separatisten sind die Partikraten und ihre willf\u00e4hrigen Medien die Hauptverantwortlichen f\u00fcr den relativen Vormarsch dieser Str\u00f6mung.<\/p>\n\n\n\n<p><strong>Ein flamingantischer \u201eTsunami\u201c?<\/strong><\/p>\n\n\n\n<p>In der Tat m\u00fcssen wir diesen Vorsto\u00df in die richtige Perspektive r\u00fccken. Erinnern wir uns kurz daran, dass die separatistischen Parteien jetzt im Jahr 2010 zusammen 40 Sitze in der Repr\u00e4sentantenkammer errungen haben. Glaubt man den Umfragen, so w\u00fcrde diese Zahl heute \u2013 im besten Fall f\u00fcr sie \u2013 auf 46 Sitze steigen. Mit anderen Worten: ein Zugewinn von sechs Sitzen. Im Vergleich zu den letzten Wahlen ist das ein Zugewinn von drei Sitzen. Das kann man kaum als \u201eTsunami\u201c bezeichnen. Dass diese Parteien zusammen gewinnen, liegt nicht daran, dass die N-VA, die seit 2014 jede Wahl verloren hat, zulegt, sondern daran, dass der \u201eVlaams Belang\u201c gr\u00f6\u00dfer wird. Schlie\u00dflich sind die beiden Parteien weitgehend kommunizierende Gef\u00e4\u00dfe. Je mehr der VB gewinnt, desto mehr verliert die N-VA. Und vice versa. <a href=\"https:\/\/www.unionbelge.be\/?p=14318\">Die B.U.B. hat diesem Ph\u00e4nomen bereits eine Ver\u00f6ffentlichung gewidmet.<\/a><\/p>\n\n\n\n<p><strong>Die erb\u00e4rmliche Stimme einer Minderheit<\/strong><\/p>\n\n\n\n<p>Trotz ein enormen Verm\u00f6gens und der st\u00e4ndigen medialen Aufmerksamkeit, die diese Vereine genie\u00dfen, haben 2019 nur 23 Prozent der wahlberechtigten Belgier f\u00fcr eine dieser beiden Parteien gestimmt. Selbst im Norden Belgiens stimmten nur 38 Prozent der W\u00e4hler f\u00fcr diese sprachlich-nationalistischen Agitatoren. Kurzum: Weder die N-VA noch die VB erreichen 50 % der Stimmen und selbst ihre kumulierten Ergebnisse kommen nicht einmal in die N\u00e4he dieser Zahl, und zwar weder auf nationaler Ebene noch auf Ebene der Regional- und Gemeinschaftsebene.<\/p>\n\n\n\n<p><strong><u>Dies ist besch\u00e4mend, wenn man bedenkt, dass diese faschisto\u00efden Organisationen auf eine umfangreiche Medienberichterstattung und Ressourcen zur\u00fcckgreifen k\u00f6nnen.<\/u><\/strong><\/p>\n\n\n\n<p><strong>Keiner steht \u00fcber dem Gesetz<\/strong><\/p>\n\n\n\n<p>Die B.U.B. weist darauf hin, dass diese Parteien <strong>staatsfeindliche Organisationen sind<\/strong>. Die Aktivit\u00e4ten der Mandatare dieser \u00fcbersubventionierten Sekten stellen einen eklatanten Versto\u00df gegen Artikel 233 des belgischen Strafgesetzbuches dar. Darin hei\u00dft es, dass Personen und Organisationen, die \u00f6ffentliche Gewalt aus\u00fcben, keine Ma\u00dfnahmen planen d\u00fcrfen, die gegen Gesetze oder k\u00f6nigliche Erlasse versto\u00dfen. Trotzdem plant das VB eine einseitige Erkl\u00e4rung der \u201efl\u00e4mischen\u201c Unabh\u00e4ngigkeit oder wollt die N-VA die Verfassung verdr\u00e4ngen, um den \u201eKonf\u00f6deralismus\u201c einzuf\u00fchren \u2013 einen Vertrag zwischen zwei oder mehreren unabh\u00e4ngigen Staaten.<\/p>\n\n\n\n<p>Wenn die N-VA ihren separatistischen Kraftakt nicht durchf\u00fchren kann, schlie\u00dft die Partei Gewalt nicht aus. Durch ihren Vorsitzenden Bart De Wever hat die Organisation mehrfach im- oder explizit dazu aufgerufen. Wir zitieren:<\/p>\n\n\n\n<p>\u201e<em>Wenn wir nach 2024 wieder ein Regierungswirrwarr haben, das nicht wiederzuerkennen ist wie die Vivaldi, dann sage ich eine Implosion des Systems voraus<\/em> [&#8230;] <em>Ich schlie\u00dfe nicht einmal zivile Unruhen aus. Dass die Leute sich gegenseitig auf der Stra\u00dfe angreifen<\/em>\u201c.&nbsp; (<em>Krant van West-Vlaanderen<\/em>, 9. Juli 2021).<\/p>\n\n\n\n<p>Oder: \u201e<em>Schauen Sie sich<\/em> [&#8230;] <em>den Sturm auf das Kapitol in Amerika an. Ist es so fremd zu denken, dass der Protest auch bei uns militante Formen annehmen k\u00f6nnte?<\/em> [&#8230;] <em>Wenn es bald einen zweiten Vivaldi geben wird<\/em> [&#8230;] <em>schlie\u00dfe ich das nicht aus. Es wird der Tag kommen, an dem die Leute es nicht mehr ertragen k\u00f6nnen. Die Implosion wird folgen<\/em>\u201c (<em><a href=\"https:\/\/www.dezondag.be\/actua\/politiek\/bart-de-wever-voorzitter-van-n-va-voor-wat-ik-wil-doen-is-het-nu-of-nooit\/\" target=\"_blank\" rel=\"noreferrer noopener\">De Zondag<\/a><\/em>, 26 mei 2024).<\/p>\n\n\n\n<p>Diese \u00c4u\u00dferungen \u00e4hneln denen von Slobodan Milosevic, dem ehemaligen Pr\u00e4sidenten Serbiens, der wegen Kriegsverbrechen vor dem Internationalen Strafgerichtshof angeklagt ist. Am 28. Juni 1989, zwei Jahre vor dem  Jugoslawischen B\u00fcrgerkrieg, erkl\u00e4rte er: \u201e<em>Wir befinden uns wieder im Kampf, wieder m\u00fcssen wir k\u00e4mpfen. Nat\u00fcrlich handelt es sich nicht um einen bewaffneten Kampf, aber man kann ihn nicht ausschlie\u00dfen<\/em>\u201c (<a rel=\"noreferrer noopener\" href=\"https:\/\/www.unionbelge.be\/?p=13674\" target=\"_blank\">Link<\/a>).<\/p>\n\n\n\n<p>\u00dcbrigens zeigt eine Umfrage des Ordens der \u201efl\u00e4mischen\u201c Anwaltskammern, dass keine Partei mehr Vorschl\u00e4ge hat, die den Rechtsstaat bedrohen, als die N-VA. Dicht gefolgt vom \u201eVlaams\u201c Belang (<a href=\"https:\/\/www.ordevanvlaamsebalies.be\/nl\/fetch-asset?path=files\/Advocaat.be-documenten\/Rapport-rechtstaat.pdf\" target=\"_blank\" rel=\"noreferrer noopener\">Link<\/a>).<\/p>\n\n\n\n<p>Vor zwanzig Jahren wurde der damalige \u201eVlaams\u201c Blok \u00fcbrigens bereits wegen Rassismus verurteilt. Aber anscheinend ist es &#8211; wil wiederholen es &#8211; f\u00fcr die Medien heute kein Problem, eine Partei, die damals (und bis vor kurzem) als ein Haufen radikaler Randst\u00e4ndiger abgetan wurde, als wahre Helden zu feiern.<\/p>\n\n\n\n<p><strong>F\u00fcr die B.U.B. sind weder das Gesetz noch die Verfassung ein St\u00fcck Papier, egal was manche Politiker dar\u00fcber denken.&nbsp;<\/strong><\/p>\n\n\n\n<p><strong>Keine Partei steht \u00fcber dem Gesetz. Man kann nicht von den B\u00fcrgern verlangen, die Rechtsstaatlichkeit zu respektieren, und gleichzeitig Parteien, die das Gegenteil tun, gro\u00dfz\u00fcgig subventionieren.&nbsp; <u>Nur dumme oder unwissende B\u00fcrger w\u00e4hlen separatistische Parteien. Das klingt hart, ist aber die Wahrheit.<\/u><\/strong><\/p>\n\n\n\n<p><strong>Eine komplizenhafte Partikratie<\/strong><\/p>\n\n\n\n<p>Es ist anzumerken, dass alle anderen Parteien, die weder mehrsprachig noch belgisch sind und sich nicht f\u00fcr die Einheit Belgiens einsetzen, den Aufstieg dieser rechtsradikalen Idioten erm\u00f6glichen. Es ist also die gesamte Partikratie, von links bis rechts, die schuldig ist. Keine der regierenden Parteien kommt ungeschoren davon. Sie alle haben mit mindestens einer der beiden Parteien regiert und das auf allen politischen Ebenen.<\/p>\n\n\n\n<p><strong>Ein unbrauchbares Sprachf\u00f6deralismus<\/strong><\/p>\n\n\n\n<p>Dar\u00fcber hinaus haben sie ein spaltendes, extrem teures, <a href=\"http:\/\/verfassungswidriges\">verfassungswidriges<\/a>, ineffizientes und nicht brauchbares System \u2013 den Sprachf\u00f6deralismus \u2013 entworfen, das sie gegen den Willen der Mehrheit der Belgier aufrechterhalten. Gem\u00e4\u00df dem Programm der separatistischen Dummk\u00f6pfe und mit der Unterst\u00fctzung der willf\u00e4hrigen Medien wurde Belgien in sechs ( ! ) \u201eStaatsreformen\u201c Schritt f\u00fcr Schritt seit 1970 von den Liberalen, Sozialisten, Gr\u00fcnen, Zentristen und Christdemokraten zerlegt. <br><\/p>\n\n\n\n<p><strong>Die traditionellen Parteien, die alle die gro\u00dfe Mehrheit der bestehenden Spaltungen beibehalten wollen und von denen einige sogar neue Spaltungen von belgischen Kompetenzen verteidigen, k\u00f6nnen weder die N-VA noch den VB bek\u00e4mpfen, ohne teilweise ihr eigenes Programm anzugreifen. Darin liegt ihre verh\u00e4ngnisvolle Schw\u00e4che.<\/strong><\/p>\n\n\n\n<p>Diese Parteien sollten sich nicht nur bei den Belgiern f\u00fcr das von ihnen verursachte Chaos entschuldigen, sondern auch ihren eigenen Sprachnationalismus auf den M\u00fcllhaufen der Geschichte werfen, wo er hingeh\u00f6rt. Entweder das oder sie verschwinden in der v\u00f6lligen Bedeutungslosigkeit.<\/p>\n\n\n\n<p><strong>W\u00e4re Belgien ein Unternehmen mit Aktion\u00e4ren, w\u00e4ren die inkompetenten und machtgierigen F\u00fchrungskr\u00e4fte l\u00e4ngst kollektiv entlassen worden. Gl\u00fccklicherweise k\u00f6nnen Sie am 9. Juni 2024 fast \u00fcberall in unserem sch\u00f6nen Belgien f\u00fcr die unitaristische B.U.B. stimmen.<\/strong><\/p>\n\n\n\n<p><\/p>\n","protected":false},"excerpt":{"rendered":"<p>Indien Belgi\u00eb een bedrijf was met aandeelhouders, dan was de incompetente en machtswellustige directie al lang collectief ontslagen. Gelukkig kan u op 9 juni 2024 bijna overal in ons mooie Belgi\u00eb op de unitaristische B.U.B. stemmen.-<br \/>\nSi la Belgique \u00e9tait une entreprise avec des actionnaires, les dirigeants incomp\u00e9tents et avides de pouvoir auraient \u00e9t\u00e9 collectivement licenci\u00e9s depuis longtemps. Heureusement, vous pouvez voter pour le B.U.B. unitaire presque partout dans notre belle Belgique le 9 juin 2024 &#8211;<\/p>\n<p>W\u00e4re Belgien ein Unternehmen mit Aktion\u00e4ren, w\u00e4ren die inkompetenten und machtgierigen F\u00fchrungskr\u00e4fte l\u00e4ngst kollektiv entlassen worden. Gl\u00fccklicherweise k\u00f6nnen Sie am 9. Juni 2024 fast \u00fcberall in unserem sch\u00f6nen Belgien f\u00fcr die unitaristische B.U.B. stimmen.<\/p>\n","protected":false},"author":2,"featured_media":14801,"comment_status":"closed","ping_status":"closed","sticky":false,"template":"","format":"standard","meta":{"ngg_post_thumbnail":0,"jetpack_post_was_ever_published":false,"_jetpack_newsletter_access":"","_jetpack_dont_email_post_to_subs":false,"_jetpack_newsletter_tier_id":0,"_jetpack_memberships_contains_paywalled_content":false,"powered_cache_disable_cache":false,"_jetpack_memberships_contains_paid_content":false,"footnotes":"","jetpack_publicize_message":"","jetpack_publicize_feature_enabled":true,"jetpack_social_post_already_shared":true,"jetpack_social_options":{"image_generator_settings":{"template":"highway","default_image_id":0,"font":"","enabled":false},"version":2}},"categories":[64,1,5],"tags":[],"class_list":["post-14799","post","type-post","status-publish","format-standard","has-post-thumbnail","hentry","category-elections-2024","category-news0","category-opinions"],"jetpack_publicize_connections":[],"jetpack_featured_media_url":"https:\/\/www.unionbelge.be\/wp-content\/uploads\/2024\/06\/447306806_800089018932568_8497447353602264758_n.jpg","jetpack_sharing_enabled":true,"jetpack_shortlink":"https:\/\/wp.me\/p6Y7u0-3QH","jetpack_likes_enabled":false,"_links":{"self":[{"href":"https:\/\/www.unionbelge.be\/index.php?rest_route=\/wp\/v2\/posts\/14799","targetHints":{"allow":["GET"]}}],"collection":[{"href":"https:\/\/www.unionbelge.be\/index.php?rest_route=\/wp\/v2\/posts"}],"about":[{"href":"https:\/\/www.unionbelge.be\/index.php?rest_route=\/wp\/v2\/types\/post"}],"author":[{"embeddable":true,"href":"https:\/\/www.unionbelge.be\/index.php?rest_route=\/wp\/v2\/users\/2"}],"replies":[{"embeddable":true,"href":"https:\/\/www.unionbelge.be\/index.php?rest_route=%2Fwp%2Fv2%2Fcomments&post=14799"}],"version-history":[{"count":9,"href":"https:\/\/www.unionbelge.be\/index.php?rest_route=\/wp\/v2\/posts\/14799\/revisions"}],"predecessor-version":[{"id":14820,"href":"https:\/\/www.unionbelge.be\/index.php?rest_route=\/wp\/v2\/posts\/14799\/revisions\/14820"}],"wp:featuredmedia":[{"embeddable":true,"href":"https:\/\/www.unionbelge.be\/index.php?rest_route=\/wp\/v2\/media\/14801"}],"wp:attachment":[{"href":"https:\/\/www.unionbelge.be\/index.php?rest_route=%2Fwp%2Fv2%2Fmedia&parent=14799"}],"wp:term":[{"taxonomy":"category","embeddable":true,"href":"https:\/\/www.unionbelge.be\/index.php?rest_route=%2Fwp%2Fv2%2Fcategories&post=14799"},{"taxonomy":"post_tag","embeddable":true,"href":"https:\/\/www.unionbelge.be\/index.php?rest_route=%2Fwp%2Fv2%2Ftags&post=14799"}],"curies":[{"name":"wp","href":"https:\/\/api.w.org\/{rel}","templated":true}]}}