{"id":14647,"date":"2024-05-07T08:15:03","date_gmt":"2024-05-07T07:15:03","guid":{"rendered":"https:\/\/www.unionbelge.be\/?p=14647"},"modified":"2024-05-11T21:38:07","modified_gmt":"2024-05-11T20:38:07","slug":"le-b-u-b-sur-la-radio-et-la-television-de-la-rtbf-de-b-u-b-op-de-rtbf-radio-en-televisie-die-b-u-b-im-rtbf-radio-und-fernsehen","status":"publish","type":"post","link":"https:\/\/www.unionbelge.be\/?p=14647","title":{"rendered":"DEBAT OVER JUSTITIE (RTBF &#8211; DECLIC) &#8211; DEBAT SUR LA JUSTICE (RTBF-DECLIC) &#8211; DEBATTE \u00dcBER JUSTIZ (RTBF-DECLIC)"},"content":{"rendered":"\n<p>Photo &#8211; Foto &#8211; Foto: Notre pr\u00e9sident, Hans Van de Cauter, pendant le d\u00e9bat de la RTBF dans l&#8217;\u00e9mission &#8220;D\u00e9clic&#8221; sur la justice &#8211; Onze voorzitter, Hans Van de Cauter, tijdens het RTBF-debat &#8220;D\u00e9clic&#8221; over justitie; Unser Pr\u00e4sident, Hans Van de Cauter, w\u00e4hrend der RTBF-Debatte &#8220;D\u00e9clic&#8221; \u00fcber die Justiz<\/p>\n\n\n\n<p>Bron &#8211; Source &#8211; Quelle: https:\/\/auvio.rtbf.be\/live\/declic-quels-moyens-pour-la-justice-demain-boucle-de-nuit-523221<\/p>\n\n\n\n<p><strong>UN DEBAT CONTRE LA PARTICRATIE<\/strong><\/p>\n\n\n\n<p>Le mercredi 8 mai, le B.U.B. a affront\u00e9 les ex-juges et nouveaux particrates Claise (D\u00e9fi) et Hennart (PS) \u00e0 la RTBF-radio (la Premi\u00e8re) \u00e0 17h10. Il y avait une rediffusion sur La Trois (t\u00e9l\u00e9vision) \u00e0 20 h. Soulignons que ce genre de d\u00e9bat est interdit \u00e0 la VRT flamingante ! <a href=\"https:\/\/auvio.rtbf.be\/live\/declic-quels-moyens-pour-la-justice-demain-boucle-de-nuit-523221\">Cliquez sur le lien pour voir le d\u00e9bat<\/a>.<\/p>\n\n\n\n<p><strong><em>Voici les lignes directrices d\u00e9fendues par notre pr\u00e9sident dans l\u2019\u00e9mission:<\/em><\/strong><\/p>\n\n\n\n<p>&#8211;&nbsp;&nbsp;&nbsp;&nbsp;&nbsp;&nbsp; Le B.U.B. pr\u00f4ne un refinancement de la Justice par la suppression des r\u00e9gions et communaut\u00e9s et une recentralisation du budget pour tous les d\u00e9partements minist\u00e9riels.<\/p>\n\n\n\n<p>&#8211;&nbsp;&nbsp;&nbsp;&nbsp;&nbsp;&nbsp; Selon le B.U.B., le f\u00e9d\u00e9ralisme a une base inconstitutionnelle et porte donc pr\u00e9judice \u00e0 l\u2019Etat de droit.<\/p>\n\n\n\n<p>&#8211;&nbsp;&nbsp;&nbsp;&nbsp;&nbsp;&nbsp; Le B.U.B. est en faveur de l\u2019utilisation de l\u2019intelligence artificielle (IA) pour r\u00e9sorber l\u2019arri\u00e9r\u00e9 judiciaire sous le contr\u00f4le d\u2019un juge bien \u00e9videmment.<\/p>\n\n\n\n<p>&#8211;&nbsp;&nbsp;&nbsp;&nbsp;&nbsp;&nbsp; Le B.U.B. souhaite l\u2019organisation d\u2019un r\u00e9f\u00e9rendum institutionnel pour supprimer le f\u00e9d\u00e9ralisme.<\/p>\n\n\n\n<figure class=\"wp-block-image size-large\"><a href=\"https:\/\/www.unionbelge.be\/wp-content\/uploads\/2024\/05\/PHOTO-2024-05-08-14-03-32-1.jpg\"><img loading=\"lazy\" decoding=\"async\" width=\"1024\" height=\"1024\" src=\"https:\/\/www.unionbelge.be\/wp-content\/uploads\/2024\/05\/PHOTO-2024-05-08-14-03-32-1-1024x1024.jpg\" alt=\"\" class=\"wp-image-14678\" srcset=\"https:\/\/www.unionbelge.be\/wp-content\/uploads\/2024\/05\/PHOTO-2024-05-08-14-03-32-1-1024x1024.jpg 1024w, https:\/\/www.unionbelge.be\/wp-content\/uploads\/2024\/05\/PHOTO-2024-05-08-14-03-32-1-300x300.jpg 300w, https:\/\/www.unionbelge.be\/wp-content\/uploads\/2024\/05\/PHOTO-2024-05-08-14-03-32-1-150x150.jpg 150w, https:\/\/www.unionbelge.be\/wp-content\/uploads\/2024\/05\/PHOTO-2024-05-08-14-03-32-1-768x768.jpg 768w, https:\/\/www.unionbelge.be\/wp-content\/uploads\/2024\/05\/PHOTO-2024-05-08-14-03-32-1-1000x1000.jpg 1000w, https:\/\/www.unionbelge.be\/wp-content\/uploads\/2024\/05\/PHOTO-2024-05-08-14-03-32-1-230x230.jpg 230w, https:\/\/www.unionbelge.be\/wp-content\/uploads\/2024\/05\/PHOTO-2024-05-08-14-03-32-1-350x350.jpg 350w, https:\/\/www.unionbelge.be\/wp-content\/uploads\/2024\/05\/PHOTO-2024-05-08-14-03-32-1-480x480.jpg 480w, https:\/\/www.unionbelge.be\/wp-content\/uploads\/2024\/05\/PHOTO-2024-05-08-14-03-32-1-420x420.jpg 420w, https:\/\/www.unionbelge.be\/wp-content\/uploads\/2024\/05\/PHOTO-2024-05-08-14-03-32-1-800x800.jpg 800w, https:\/\/www.unionbelge.be\/wp-content\/uploads\/2024\/05\/PHOTO-2024-05-08-14-03-32-1-100x100.jpg 100w, https:\/\/www.unionbelge.be\/wp-content\/uploads\/2024\/05\/PHOTO-2024-05-08-14-03-32-1.jpg 1080w\" sizes=\"auto, (max-width: 1024px) 100vw, 1024px\" \/><\/a><\/figure>\n\n\n\n<p><strong>EEN DEBAT TEGEN DE PARTICRATIE<\/strong><\/p>\n\n\n\n<p>Op woensdag 8 mei nam de B.U.B. het op tegen ex-rechters en nieuwe particraten Claise (D\u00e9fi) en Hennart (PS) op de RTBF-radio (La Premi\u00e8re) om 17u10. Er was een heruitzending op La Trois (televisie) om 20 uur. We beklemtonen dat dit soort debatten verboden is op de &#8220;Vlaams&#8221;-nationalistische VRT ! <a href=\"https:\/\/auvio.rtbf.be\/live\/declic-quels-moyens-pour-la-justice-demain-boucle-de-nuit-523221\">Klik op deze link om het debat te bekijken. <\/a><\/p>\n\n\n\n<p><strong><em>Dit zijn de door onze voorzitter verdedigde hoofdlijnen in de uitzending :<\/em><\/strong><\/p>\n\n\n\n<p>&#8211;&nbsp;&nbsp;&nbsp;&nbsp;&nbsp;&nbsp; De B.U.B. is voorstander van een herfinanciering van Justitie door een afschaffing van de gewesten en de gemeenschappen en een hercentralisering van het budget voor alle ministeri\u00eble departementen.<\/p>\n\n\n\n<p>&#8211;&nbsp;&nbsp;&nbsp;&nbsp;&nbsp;&nbsp; Volgens de B.U.B. berust het federalisme op een ongrondwettelijke basis, waardoor het systeem schade berokkent aan de rechtsstaat.<\/p>\n\n\n\n<p>&#8211;&nbsp;&nbsp;&nbsp;&nbsp;&nbsp;&nbsp; De B.U.B. is voorstander van artifici\u00eble intelligentie (AI) om&nbsp; de juridische achterstand weg te werken. Dit moet uiteraard onder toezicht van een rechter gebeuren.<\/p>\n\n\n\n<p>&#8211;&nbsp;&nbsp;&nbsp;&nbsp;&nbsp;&nbsp; De B.U.B. wenst de organisatie van een referendum om het federalisme af te schaffen.<\/p>\n\n\n\n<p><strong>EINE DEBATTE GEGEN DIE PARTIKRATIE<\/strong><\/p>\n\n\n\n<p>Am Mittwoch, den 8. Mai, ist die B.U.B. um 17.10 Uhr im Radio RTBF (La Premi\u00e8re) gegen die ehemalige Anw\u00e4lte und neuen Partikraten Claise (D\u00e9fi) und Hennart (PS) angetreten. Eine Wiederholung wurde um 20 Uhr auf La Trois (Fernsehen) ausgesendet. Wir weisen darauf hin, dass diese Art von Debatte im \u201efl\u00e4misch\u201c-nationalistischen VRT <strong>verboten<\/strong> ist ! <a href=\"https:\/\/auvio.rtbf.be\/live\/declic-quels-moyens-pour-la-justice-demain-boucle-de-nuit-523221\">Klicken Sie auf diesen Link, um die Debatte zu verfolgen<\/a>.<\/p>\n\n\n\n<p><em><strong>Dies sind die durch unseren Vorsitzender verteidigte Hauptlinien in der Sendung:<\/strong><\/em><\/p>\n\n\n\n<p>&#8211;&nbsp;&nbsp;&nbsp;&nbsp;&nbsp;&nbsp; Die B.U.B. bef\u00fcrwortet eine Refinanzierung der Justiz durch die Abschaffung der Regionen und Gemeinschaften und die Rezentralisierung des Haushalts f\u00fcr alle Ministerien.<\/p>\n\n\n\n<p>&#8211;&nbsp;&nbsp;&nbsp;&nbsp;&nbsp;&nbsp; Die B.U.B. ist der Ansicht, dass der F\u00f6deralismus auf einer verfassungswidrigen Grundlage beruht und den Rechtsstaat schadet.<\/p>\n\n\n\n<p>&#8211;&nbsp;&nbsp;&nbsp;&nbsp;&nbsp;&nbsp; Die B.U.B. bef\u00fcrwortet den Einsatz von k\u00fcnstlicher Intelligenz (KI), um den R\u00fcckstau in der Rechtsprechung zu beseitigen. Nat\u00fcrlich sollte dies unter der Aufsicht eines Richters geschehen.<\/p>\n\n\n\n<p>&#8211;&nbsp;&nbsp;&nbsp;&nbsp;&nbsp;&nbsp; Die B.U.B. fordert die Durchf\u00fchrung eines Referendums zur Abschaffung des F\u00f6deralismus.<\/p>\n","protected":false},"excerpt":{"rendered":"<p>Le 8 mai \u00e0 17h10 sur la RTBF-radio (La Premi\u00e8re) et sur La Trois \u00e0 20 h &#8211; Op 8 mai om 17u10 op de RTBF-radio (La Premi\u00e8re) en om 20 uur op La Trois &#8211; Am 8 Mai im RTBF-Radio (La Premi\u00e8re) und um 20 Uhr auf La Trois (Fernsehen)<\/p>\n","protected":false},"author":2,"featured_media":14677,"comment_status":"closed","ping_status":"closed","sticky":false,"template":"","format":"standard","meta":{"ngg_post_thumbnail":0,"jetpack_post_was_ever_published":false,"_jetpack_newsletter_access":"","_jetpack_dont_email_post_to_subs":false,"_jetpack_newsletter_tier_id":0,"_jetpack_memberships_contains_paywalled_content":false,"powered_cache_disable_cache":false,"_jetpack_memberships_contains_paid_content":false,"footnotes":"","jetpack_publicize_message":"","jetpack_publicize_feature_enabled":true,"jetpack_social_post_already_shared":true,"jetpack_social_options":{"image_generator_settings":{"template":"highway","default_image_id":0,"font":"","enabled":false},"version":2}},"categories":[1,5],"tags":[],"class_list":["post-14647","post","type-post","status-publish","format-standard","has-post-thumbnail","hentry","category-news0","category-opinions"],"jetpack_publicize_connections":[],"jetpack_featured_media_url":"https:\/\/www.unionbelge.be\/wp-content\/uploads\/2024\/05\/declic.jpg","jetpack_sharing_enabled":true,"jetpack_shortlink":"https:\/\/wp.me\/p6Y7u0-3Of","jetpack_likes_enabled":false,"_links":{"self":[{"href":"https:\/\/www.unionbelge.be\/index.php?rest_route=\/wp\/v2\/posts\/14647","targetHints":{"allow":["GET"]}}],"collection":[{"href":"https:\/\/www.unionbelge.be\/index.php?rest_route=\/wp\/v2\/posts"}],"about":[{"href":"https:\/\/www.unionbelge.be\/index.php?rest_route=\/wp\/v2\/types\/post"}],"author":[{"embeddable":true,"href":"https:\/\/www.unionbelge.be\/index.php?rest_route=\/wp\/v2\/users\/2"}],"replies":[{"embeddable":true,"href":"https:\/\/www.unionbelge.be\/index.php?rest_route=%2Fwp%2Fv2%2Fcomments&post=14647"}],"version-history":[{"count":10,"href":"https:\/\/www.unionbelge.be\/index.php?rest_route=\/wp\/v2\/posts\/14647\/revisions"}],"predecessor-version":[{"id":14719,"href":"https:\/\/www.unionbelge.be\/index.php?rest_route=\/wp\/v2\/posts\/14647\/revisions\/14719"}],"wp:featuredmedia":[{"embeddable":true,"href":"https:\/\/www.unionbelge.be\/index.php?rest_route=\/wp\/v2\/media\/14677"}],"wp:attachment":[{"href":"https:\/\/www.unionbelge.be\/index.php?rest_route=%2Fwp%2Fv2%2Fmedia&parent=14647"}],"wp:term":[{"taxonomy":"category","embeddable":true,"href":"https:\/\/www.unionbelge.be\/index.php?rest_route=%2Fwp%2Fv2%2Fcategories&post=14647"},{"taxonomy":"post_tag","embeddable":true,"href":"https:\/\/www.unionbelge.be\/index.php?rest_route=%2Fwp%2Fv2%2Ftags&post=14647"}],"curies":[{"name":"wp","href":"https:\/\/api.w.org\/{rel}","templated":true}]}}