{"id":14610,"date":"2024-04-15T14:18:13","date_gmt":"2024-04-15T13:18:13","guid":{"rendered":"https:\/\/www.unionbelge.be\/?p=14610"},"modified":"2024-04-15T14:18:13","modified_gmt":"2024-04-15T13:18:13","slug":"de-lijsten-van-de-b-u-b-belg-unie-voor-de-verkiezingen-van-de-kamer-van-volksvertegenwoordigers-op-9-juni-2024-les-listes-du-b-u-b-belg-unie-pour-les-elections-a-la-chambre-des-representants","status":"publish","type":"post","link":"https:\/\/www.unionbelge.be\/?p=14610","title":{"rendered":"DE LIJSTEN VAN DE B.U.B. (BELG. UNIE) VOOR DE VERKIEZINGEN VAN DE KAMER VAN VOLKSVERTEGENWOORDIGERS OP 9 JUNI 2024 &#8211; LES LISTES DU B.U.B. (BELG. UNIE) POUR LES \u00c9LECTIONS \u00c0 LA CHAMBRE DES REPR\u00c9SENTANTS DU 9 JUIN 2024 &#8211; DIE LISTEN DER B.U.B. (BELG. UNIE) F\u00dcR DIE WAHLEN ZUR ABGEORDNETENKAMMER AM 9. JUNI 2024"},"content":{"rendered":"\n<p>Foto &#8211; Image &#8211; Bild: De ploeg van de B.U.B. voor het Atomium &#8211; l&#8217;\u00e9quipe du B.U.B. devant l&#8217;Atomium &#8211; Das B.U.B.-Team vor dem Atomium (Bron &#8211; Source &#8211; Quelle: B.U.B.)<\/p>\n\n\n\n<p><strong>DE LIJSTEN VAN DE B.U.B. (BELG. UNIE) <\/strong><\/p>\n\n\n\n<p><strong>Op 9 juni 2024 neemt de B.U.B. onder de lijstnaam BELG. UNIE aan de federale wetgevende verkiezingen deel door minstens acht lijsten op een totaal van elf Belgische kieskringen in te dienen. Daarmee is onze partij en beweging, op de PVDA na, de enige die in h\u00e9\u00e9l Belgi\u00eb aan de verkiezingen deelneemt. Nochtans zou dit voor alle partijen de normaalste zaak van de wereld moeten zijn. Een meertalig land heeft immers nood aan meertalige instellingen, organisaties en partijen.<\/strong><\/p>\n\n\n\n<p>Meer bepaald legt de B.U.B. lijsten neer in Oost-Vlaanderen, Antwerpen, \u201cVlaams\u201d- en \u201cWaals\u201d-Brabant, Brussel, Namen, Henegouwen en Limburg. Voor wat Luik betreft, werken we nog aan onze lijst. In de provincies Luxemburg en West-Vlaanderen zullen we, voor wat deze verkiezingen betreft, hoogstwaarschijnlijk moeten passen.<\/p>\n\n\n\n<p>De voorlopige lijsten zijn aan dit persbericht toegevoegd (<a href=\"https:\/\/www.unionbelge.be\/?p=14508\">klik op deze link<\/a>).<\/p>\n\n\n\n<p><strong>De B.U.B. is niet alleen een unitaire partij en beweging, ze ijvert ook voor een unitair Belgi\u00eb, anders gezegd voor een Belgische staat met een enkele regering en een enkel parlement (Kamer en Senaat) voor h\u00e9\u00e9l Belgi\u00eb. Weliswaar kunnen sommige bevoegdheden door de negen historische provincies, die natuurlijk onder gezag van de nationale staat staan, uitgeoefend worden. Dit systeem heeft 140 jaar uitstekend gewerkt, wat de taalnationalisten die van ons land een institutionele puinhoop hebben gemaakt, ook mogen beweren.<\/strong><\/p>\n\n\n\n<p>We wijzen erop dat de B.U.B. eerder al deelnam aan alle verkiezingen op elk bestuursniveau \u2013 het Europese daargelaten \u2013 en dit sedert meer dan twee decennia (verkiezingen van 2003, 2004, 2006, 2009, 2010, 2012, 2014, 2018 en 2019).<\/p>\n\n\n\n<p>Deze verkiezingen voor de Kamer van Volksvertegenwoordigers zijn dus de tiende opeenvolgende waaraan onze partij en beweging deelneemt. Er zijn niet veel politieke organisaties in Belgi\u00eb die ons dat nadoen. Zeker wanneer men in rekening neemt dat de B.U.B. geen eurocent staatssteun krijgt (hetgeen zelfs openlijk separatistische partijen niet ontzegd wordt!) en amper in de media aan bod komt. Inderdaad besteden de media op een voormiddag m\u00e9\u00e9r tijd aan een anti-Belgische organisatie als de N-VA dan op twintig jaar tijd aan de B.U.B. Dat is niet normaal in wat een democratische rechtsstaat heet te zijn.&nbsp;<\/p>\n\n\n\n<p>De hele zaak wordt nog vreemder wanneer men bedenkt dat de B.U.B. geen extremistische partij is. Geen enkele woordvoerder van de B.U.B. heeft zich ooit aan een xenofobe uitspraak bezondigd, hetgeen niet kan gezegd worden van (mandatarissen van) andere partijen, waarvan sommigen in het verleden zelfs voor racisme veroordeeld werden. Onze partij en beweging verdedigt de eenheid van Belgi\u00eb, een standpunt dat in elk land ter wereld als zeer normaal en gematigd zou worden beschouwd.<\/p>\n\n\n\n<p>Daarbij komt nog dat wetenschappelijk onderzoek uitwijst dat ongeveer een Belg op twee het unitaire Belgi\u00eb wil herstellen en komaf wil maken met het federalisme. Slechts een kleine minderheid is gewonnen voor het separatisme (en dus voor het confederalisme, wat op hetzelfde neerkomt, daar een confederatie een verdrag is tussen onafhankelijke staten). Hebben deze mensen dan geen recht om hun stem kenbaar te maken?<\/p>\n\n\n\n<p><strong>Tot slot wijzen we erop dat de B.U.B. blijft ijveren voor een raadgevend referendum over de institutionele toekomst voor Belgi\u00eb. Het is de enige realistische manier om de Belgen te verlossen uit de institutionele gevangenis waarin ons land al m\u00e9\u00e9r dan vijftig jaar gevangen zit.<\/strong><\/p>\n\n\n\n<p><strong>LES LISTES DU B.U.B. (BELG. UNIE)<\/strong><\/p>\n\n\n\n<p><strong>Le 9 juin 2024, le B.U.B. participera, sous le nom de liste BELG. UNIE, aux \u00e9lections l\u00e9gislatives f\u00e9d\u00e9rales en pr\u00e9sentant au moins huit listes sur un total de 11 circonscriptions belges. Cela fait de notre parti et mouvement, en dehors du PTB, le seul \u00e0 participer aux \u00e9lections dans toute la Belgique. Pourtant, cela devrait \u00eatre la chose la plus normale au monde pour tous les partis. <\/strong><strong>En effet<\/strong><strong>, un pays multilingue a besoin d&#8217;institutions, d&#8217;organisations et de partis multilingues.<\/strong><\/p>\n\n\n\n<p>Plus pr\u00e9cis\u00e9ment, le B.U.B. d\u00e9pose des listes en Flandre orientale, \u00e0 Anvers, dans le Brabant \u201cflamand\u201d et \u201cwallon\u201d, \u00e0 Bruxelles, \u00e0 Namur, dans le Hainaut et dans le Limbourg. Pour Li\u00e8ge, nous sommes encore en train de travailler sur notre liste. Dans les provinces de Luxembourg et de Flandre occidentale nous pourrons, en ce qui concerne ces \u00e9lections, pas participer.<\/p>\n\n\n\n<p>Les listes provisoires sont jointes \u00e0 ce communiqu\u00e9 de presse (<a href=\"https:\/\/www.unionbelge.be\/?p=14508\">cliquez sur ce lien<\/a>).<\/p>\n\n\n\n<p><strong>Le B.U.B. n&#8217;est pas seulement un parti et un mouvement unitaire, il se bat aussi pour une Belgique unitaire, c&#8217;est-\u00e0-dire pour un Etat belge avec un seul gouvernement et un seul parlement (Chambre et S\u00e9nat) pour l&#8217;ensemble de la Belgique. Certes, certaines comp\u00e9tences peuvent \u00eatre exerc\u00e9es par les neuf provinces historiques, qui sont bien entendu plac\u00e9es sous l&#8217;autorit\u00e9 de l&#8217;Etat national. Ce syst\u00e8me fonctionn<\/strong><strong>ait<\/strong><strong> parfaitement depuis 140 ans, quoi qu&#8217;en disent les nationalistes linguistiques qui ont fait de notre pays un capharna\u00fcm institutionnel.<\/strong><\/p>\n\n\n\n<p>Nous rappelons que le B.U.B. a d\u00e9j\u00e0 particip\u00e9 \u00e0 toutes les \u00e9lections \u00e0 tous les niveaux de pouvoir \u2013 \u00e0 l&#8217;exception du niveau europ\u00e9en \u2013 depuis plus de deux d\u00e9cennies (\u00e9lections de 2003, 2004, 2006, 2009, 2010, 2012, 2014, 2018 et 2019).<\/p>\n\n\n\n<p>Ces \u00e9lections pour la Chambre des repr\u00e9sentants sont donc les dixi\u00e8mes cons\u00e9cutives auxquelles notre parti et mouvement participe. Il n&#8217;y a pas beaucoup d&#8217;organisations politiques en Belgique qui nous imitent. Surtout si l&#8217;on tient compte du fait que le B.U.B. ne re\u00e7oit pas un seul centime d&#8217;euro d&#8217;aide de l&#8217;Etat (ce qui n&#8217;est pas refus\u00e9 aux partis ouvertement s\u00e9paratistes !) et qu&#8217;il ne b\u00e9n\u00e9ficie pratiquement d&#8217;aucune couverture m\u00e9diatique. En effet, en une matin\u00e9e, les m\u00e9dias consacrent plus de temps \u00e0 une organisation anti-belge comme la N-VA qu&#8217;au B.U.B. en vingt ans. Ce n&#8217;est pas normal dans ce qui est cens\u00e9 \u00eatre un \u00c9tat de droit d\u00e9mocratique.<\/p>\n\n\n\n<p>L&#8217;affaire devient encore plus \u00e9trange si l&#8217;on consid\u00e8re que le B.U.B. n&#8217;est pas un parti extr\u00e9miste. Aucun porte-parole du B.U.B. n&#8217;a jamais fait de d\u00e9claration x\u00e9nophobe, ce qui n&#8217;est pas le cas des (mandataires) d&#8217;autres partis, dont certains ont m\u00eame \u00e9t\u00e9 condamn\u00e9s pour racisme dans le pass\u00e9. Notre parti et mouvement d\u00e9fend l&#8217;unit\u00e9 de la Belgique, une position qui serait consid\u00e9r\u00e9e comme tr\u00e8s normale et mod\u00e9r\u00e9e dans n&#8217;importe quel pays du monde.<\/p>\n\n\n\n<p>De plus, des \u00e9tudes scientifiques montrent qu&#8217;environ un Belge sur deux souhaite restaurer l&#8217;unit\u00e9 de la Belgique et abandonner le f\u00e9d\u00e9ralisme. Seule une petite minorit\u00e9 est favorable au s\u00e9paratisme (et donc au conf\u00e9d\u00e9ralisme, ce qui revient au m\u00eame, puisqu&#8217;une conf\u00e9d\u00e9ration est un trait\u00e9 entre \u00c9tats ind\u00e9pendants). Ces personnes n&#8217;ont-elles donc pas le droit de faire entendre leur voix ?<\/p>\n\n\n\n<p><strong>Enfin, nous rappelons que le B.U.B. continue \u00e0 faire campagne pour un r\u00e9f\u00e9rendum consultatif sur l&#8217;avenir institutionnel de la Belgique. C&#8217;est le seul moyen r\u00e9aliste de lib\u00e9rer les Belges de la prison institutionnelle dans laquelle notre pays est enferm\u00e9 depuis plus de 50 ans.<\/strong><\/p>\n\n\n\n<p><strong>DIE LISTEN DER B.U.B. (BELG. UNIE) <\/strong><\/p>\n\n\n\n<p><strong>Am 9. Juni 2024 wird die B.U.B. unter dem Listennamen BELG. UNI<\/strong><strong>E<\/strong><strong> <\/strong><strong>an den f\u00f6deralen Parlamentswahlen teilnehmen, indem sie mindestens acht Listen aus insgesamt 11 belgischen Wahlkreisen einreicht. Damit ist unsere Partei und Bewegung, abgesehen von der PVDA, die einzige, die in ganz Belgien an den Wahlen teilnimmt. Dabei sollte dies f\u00fcr alle Parteien die normalste Sache der Welt sein. Denn ein mehrsprachiges Land braucht mehrsprachige Institutionen, Organisationen und Parteien.<\/strong><\/p>\n\n\n\n<p>Konkret stellt die B.U.B. Listen in Ostflandern, Antwerpen, \u201cfl\u00e4mischem\u201d und \u201cwallonischem\u201d Brabant, Br\u00fcssel, Namur, Hennegau und Limburg auf. Was L\u00fcttich betrifft, so arbeiten wir noch an unserer Liste. In den Provinzen Luxemburg und Westflandern werden wir, was diese Wahlen betrifft, h\u00f6chstwahrscheinlich passen m\u00fcssen.<\/p>\n\n\n\n<p>Die vorl\u00e4ufigen Listen sind dieser Pressemitteilung beigef\u00fcgt (<a href=\"https:\/\/www.unionbelge.be\/?p=14508\">Klicken Sie auf diesen Link<\/a>).<\/p>\n\n\n\n<p><strong>Die B.U.B. ist nicht nur eine unit\u00e4rische Partei und Bewegung, sie k\u00e4mpft auch f\u00fcr ein unit\u00e4risches Belgien, d.h. f\u00fcr einen belgischen Staat mit einer einzigen Regierung und einem einzigen Parlament (Kammer und Senat) f\u00fcr ganz Belgien. Freilich k\u00f6nnen die neun historischen Provinzen, die nat\u00fcrlich dem Nationalstaat unterstellt sind, gewisse Befugnisse aus\u00fcben. Dieses System hat 140 Jahre lang gut funktioniert, was auch immer die Sprachnationalisten behaupten, die unser Land in ein institutionelles Chaos verwandelt haben.<\/strong><\/p>\n\n\n\n<p>Wir weisen darauf hin, dass die B.U.B. seit mehr als zwei Jahrzehnten an allen Wahlen auf allen Regierungsebenen &#8211; mit Ausnahme der Europawahl &#8211; teilgenommen hat (Wahlen von 2003, 2004, 2006, 2009, 2010, 2012, 2014, 2018 und 2019).<\/p>\n\n\n\n<p>Diese Wahlen zur Abgeordnetenkammer sind somit die zehnten in Folge, an denen unsere Partei und Bewegung teilnimmt. Es gibt nicht viele politische Organisationen in Belgien, die es uns nachmachen. Vor allem, wenn man bedenkt, dass die B.U.B. keinen einzigen Eurocent an staatlicher Unterst\u00fctzung erh\u00e4lt (was selbst offen separatistischen Parteien nicht verwehrt wird!) und in den Medien kaum Beachtung findet. An einem Vormittag berichten die Medien sogar mehr \u00fcber eine antibelgische Organisation wie die N-VA als \u00fcber die B.U.B. in zwanzig Jahren. Das ist nicht normal in einem angeblich demokratischen Rechtsstaat.&nbsp;<\/p>\n\n\n\n<p>Die ganze Angelegenheit wird noch merkw\u00fcrdiger, wenn man bedenkt, dass die B.U.B. keine extremistische Partei ist. Kein Sprecher der B.U.B. hat sich jemals fremdenfeindlich ge\u00e4u\u00dfert, was man von (Mandataren anderer) Parteien, von denen einige in der Vergangenheit sogar des Rassismus \u00fcberf\u00fchrt wurden, nicht behaupten kann. Unsere Partei und Bewegung verteidigt die Einheit Belgiens, eine Position, die in jedem anderen Land der Welt als sehr normal und gem\u00e4\u00dfigt gelten w\u00fcrde.<\/p>\n\n\n\n<p>Wissenschaftliche Untersuchungen zeigen im \u00dcbrigen, dass etwa jeder zweite Belgier das einheitliche Belgien wiederherstellen und den F\u00f6deralismus abschaffen m\u00f6chte. Nur eine kleine Minderheit bef\u00fcrwortet den Separatismus (und damit den Konf\u00f6deralismus, was auf dasselbe hinausl\u00e4uft, da eine Konf\u00f6deration ein Vertrag zwischen unabh\u00e4ngigen Staaten ist). Haben diese Menschen also kein Recht, ihre Stimme zu erheben?<\/p>\n\n\n\n<p><strong>Schlie\u00dflich weisen wir darauf hin, dass die B.U.B. weiterhin f\u00fcr ein konsultatives Referendum \u00fcber die institutionelle Zukunft Belgiens eintritt. Dies ist die einzige realistische M\u00f6glichkeit, die Belgier aus dem institutionellen Gef\u00e4ngnis zu befreien, in dem unser Land seit mehr als 50 Jahren gefangen ist.<\/strong><\/p>\n","protected":false},"excerpt":{"rendered":"<p>Op 9 juni 2024 neemt de B.U.B. onder de lijstnaam BELG. UNIE aan de federale verkiezingen deel &#8211; Le 9 juin 2024, le B.U.B. participera, sous le nom de liste BELG. UNIE, aux \u00e9lections f\u00e9d\u00e9rales &#8211; Am 9. Juni 2024 wird die B.U.B. unter dem Listennamen BELG. UNIE an den f\u00f6deralen Parlamentswahlen teilnehmen<\/p>\n","protected":false},"author":2,"featured_media":14612,"comment_status":"closed","ping_status":"closed","sticky":false,"template":"","format":"standard","meta":{"ngg_post_thumbnail":0,"jetpack_post_was_ever_published":false,"_jetpack_newsletter_access":"","_jetpack_dont_email_post_to_subs":false,"_jetpack_newsletter_tier_id":0,"_jetpack_memberships_contains_paywalled_content":false,"powered_cache_disable_cache":false,"_jetpack_memberships_contains_paid_content":false,"footnotes":"","jetpack_publicize_message":"","jetpack_publicize_feature_enabled":true,"jetpack_social_post_already_shared":true,"jetpack_social_options":{"image_generator_settings":{"template":"highway","default_image_id":0,"font":"","enabled":false},"version":2}},"categories":[64,1,5,4],"tags":[],"class_list":["post-14610","post","type-post","status-publish","format-standard","has-post-thumbnail","hentry","category-elections-2024","category-news0","category-opinions","category-info"],"jetpack_publicize_connections":[],"jetpack_featured_media_url":"https:\/\/www.unionbelge.be\/wp-content\/uploads\/2024\/04\/PHOTO-2024-04-11-08-43-11.jpg","jetpack_sharing_enabled":true,"jetpack_shortlink":"https:\/\/wp.me\/p6Y7u0-3NE","jetpack_likes_enabled":false,"_links":{"self":[{"href":"https:\/\/www.unionbelge.be\/index.php?rest_route=\/wp\/v2\/posts\/14610","targetHints":{"allow":["GET"]}}],"collection":[{"href":"https:\/\/www.unionbelge.be\/index.php?rest_route=\/wp\/v2\/posts"}],"about":[{"href":"https:\/\/www.unionbelge.be\/index.php?rest_route=\/wp\/v2\/types\/post"}],"author":[{"embeddable":true,"href":"https:\/\/www.unionbelge.be\/index.php?rest_route=\/wp\/v2\/users\/2"}],"replies":[{"embeddable":true,"href":"https:\/\/www.unionbelge.be\/index.php?rest_route=%2Fwp%2Fv2%2Fcomments&post=14610"}],"version-history":[{"count":3,"href":"https:\/\/www.unionbelge.be\/index.php?rest_route=\/wp\/v2\/posts\/14610\/revisions"}],"predecessor-version":[{"id":14619,"href":"https:\/\/www.unionbelge.be\/index.php?rest_route=\/wp\/v2\/posts\/14610\/revisions\/14619"}],"wp:featuredmedia":[{"embeddable":true,"href":"https:\/\/www.unionbelge.be\/index.php?rest_route=\/wp\/v2\/media\/14612"}],"wp:attachment":[{"href":"https:\/\/www.unionbelge.be\/index.php?rest_route=%2Fwp%2Fv2%2Fmedia&parent=14610"}],"wp:term":[{"taxonomy":"category","embeddable":true,"href":"https:\/\/www.unionbelge.be\/index.php?rest_route=%2Fwp%2Fv2%2Fcategories&post=14610"},{"taxonomy":"post_tag","embeddable":true,"href":"https:\/\/www.unionbelge.be\/index.php?rest_route=%2Fwp%2Fv2%2Ftags&post=14610"}],"curies":[{"name":"wp","href":"https:\/\/api.w.org\/{rel}","templated":true}]}}