{"id":14477,"date":"2024-02-16T11:14:53","date_gmt":"2024-02-16T10:14:53","guid":{"rendered":"https:\/\/www.unionbelge.be\/?p=14477"},"modified":"2024-02-19T23:52:51","modified_gmt":"2024-02-19T22:52:51","slug":"de-schande-van-het-taalfederalisme-la-honte-du-federalisme-linguistique-die-schande-des-sprachfoderalismus","status":"publish","type":"post","link":"https:\/\/www.unionbelge.be\/?p=14477","title":{"rendered":"DE SCHANDE VAN HET TAALFEDERALISME &#8211; LA HONTE DU FEDERALISME LINGUISTIQUE &#8211; DIE SCHANDE DES SPRACHF\u00d6DERALISMUS"},"content":{"rendered":"\n<p><strong>56<\/strong> <strong>MINISTERS EN STAATSSECRETARISSEN<\/strong><\/p>\n\n\n\n<p><strong>U zal haar nergens anders op het internet vinden dan op de site van de B.U.B.\u00a0: de volledige lijst van de ministers en staatssecretarissen van het federale Belgi\u00eb ! In totaal verdelen 56 ministers en staatssecretarissen 68 politieke mandaten op &#8220;federaal&#8221; niveau en in de zogenaamde &#8220;deelstaten&#8221;. De B.U.B. blijft deze schandalige verspilling van overheidsgeld, die veroorzaakt werd door het taalfederalisme dat door de particratie op <a href=\"https:\/\/www.unionbelge.be\/?p=5421\">een ongrondwettelijke wijze<\/a> en zonder referendum in ons klein land ingevoerd en uitgebouwd werd, aanklagen. Het nieuwe unitaire Belgi\u00eb kan perfect door \u00e9\u00e9n regering en maximum 15 nationale superministers geleid worden, met inbegrip van de eerste minister. De Belgen hebben helemaal geen nood aan dit leger van kolonels waarvan de ene nog onbekwamer, duurder, nuttelozer en zelfs schadelijker zijn dan de andere.<\/strong><\/p>\n\n\n\n<p>**&nbsp; =&nbsp; de minister zetelt in twee regeringen<\/p>\n\n\n\n<p>*** = de minister zetelt in drie regeringen<\/p>\n\n\n\n<p><strong><span style=\"text-decoration: underline;\">1.&nbsp;&nbsp;&nbsp; \u201cFederale\u201d regering:<\/span><\/strong><\/p>\n\n\n\n<p><strong><span style=\"text-decoration: underline;\">a) Ministers: (15)<\/span><\/strong><\/p>\n\n\n\n<p>\u2013&nbsp;&nbsp;&nbsp;&nbsp;&nbsp;&nbsp; Eerste Minister: Alexander DE CROO (Open VLD)<\/p>\n\n\n\n<p>\u2013&nbsp;&nbsp;&nbsp;&nbsp;&nbsp;&nbsp; Minister van Economie en Werk: Pierre-Yves DERMAGNE (PS)<\/p>\n\n\n\n<p>\u2013&nbsp;&nbsp;&nbsp;&nbsp;&nbsp;&nbsp; Minister van Middenstand, Zelfstandigen, KMO\u2019s, Landbouw, Institutionele Hervormingen en Democratische Vernieuwing: David CLARINVAL (MR)<\/p>\n\n\n\n<p>\u2013&nbsp;&nbsp;&nbsp;&nbsp;&nbsp;&nbsp; Minister van Mobiliteit: Georges GILKINET (Ecolo)<\/p>\n\n\n\n<p>\u2013&nbsp;&nbsp;&nbsp;&nbsp;&nbsp;&nbsp; Minister van Financi\u00ebn, belast met de co\u00f6rdinatie van Fraudebestrijding: Vincent VAN PETEGHEM (CD&amp;V)<\/p>\n\n\n\n<p>\u2013&nbsp;&nbsp;&nbsp;&nbsp;&nbsp;&nbsp; Minister van Sociale Zaken en Volksgezondheid: Frank VANDENBROUCKE (Vooruit)<\/p>\n\n\n\n<p>\u2013&nbsp;&nbsp;&nbsp;&nbsp;&nbsp;&nbsp; Minister van Ambtenarenzaken, Overheidsbedrijven, Telecommunicatie en Post: Petra DE SUTTER (Groen)<\/p>\n\n\n\n<p>\u2013&nbsp;&nbsp;&nbsp;&nbsp;&nbsp;&nbsp; Minister van Justitie en Noordzee: Paul VAN TIGCHELT (Open VLD)<\/p>\n\n\n\n<p>\u2013&nbsp;&nbsp;&nbsp;&nbsp;&nbsp;&nbsp; Minister van Pensioenen en Maatschappelijke Integratie belast met het Mindervalidenbeleid, de Strijd tegen armoede en Beliris: Karine LALIEUX (PS)<\/p>\n\n\n\n<p>\u2013&nbsp;&nbsp;&nbsp;&nbsp;&nbsp;&nbsp; Minister van Defensie: Ludivine DEDONDER (PS)<\/p>\n\n\n\n<p>\u2013&nbsp;&nbsp;&nbsp;&nbsp;&nbsp;&nbsp; Minister van Klimaat, Leefmilieu, Duurzame Ontwikkeling en Green Deal: Zakia KHATTABI (Ecolo)<\/p>\n\n\n\n<p>\u2013&nbsp;&nbsp;&nbsp;&nbsp;&nbsp;&nbsp; Minister van Binnenlandse Zaken, Institutionele Hervormingen en Democratische Vernieuwing: Annelies Verlinden (CD&amp;V)<\/p>\n\n\n\n<p>\u2013&nbsp;&nbsp;&nbsp;&nbsp;&nbsp;&nbsp; Minister van Ontwikkelingssamenwerking en Grootstedenbeleid: Caroline GENNEZ (Vooruit)<\/p>\n\n\n\n<p>\u2013&nbsp;&nbsp;&nbsp;&nbsp;&nbsp;&nbsp; Minister van Energie: Tinne VAN DER STRAETEN (Groen)<\/p>\n\n\n\n<p>\u2013&nbsp;&nbsp;&nbsp;&nbsp;Minister van Buitenlandse Zaken, Europese Zaken, Buitenlandse Handel en de Federale Culturele Instellingen Hadja LAHBIB (Ecolo)<\/p>\n\n\n\n<p><strong><span style=\"text-decoration: underline;\">b) Staatssecretarissen : (5)<\/span><\/strong><\/p>\n\n\n\n<p>\u2013&nbsp;&nbsp;&nbsp;&nbsp;&nbsp;&nbsp; Staatssecretaris voor Relance, Strategische Investeringen en Wetenschapsbeleid: Thomas DERMINE (PS)<\/p>\n\n\n\n<p>\u2013&nbsp;&nbsp;&nbsp;&nbsp;&nbsp;&nbsp; Staatssecretaris voor Digitalisering, Administratieve Vereenvoudiging, Privacy en de Regie der gebouwen: Mathieu MICHEL (MR)<\/p>\n\n\n\n<p>\u2013&nbsp;&nbsp;&nbsp;&nbsp;&nbsp;&nbsp; Staatssecretaris voor Gendergelijkheid, Gelijke Kansen en Diversiteit: Sarah SCHILTZ (Ecolo)<\/p>\n\n\n\n<p>\u2013&nbsp; Staatssecretaris voor Asiel en Migratie, belast met de Nationale Loterij: Nicole DE MOOR (CD&amp;V)<\/p>\n\n\n\n<p>\u2013&nbsp; Staatssecretaris voor Begroting en Consumentenbescherming: Alexia BERTRAND (Open VLD)<\/p>\n\n\n\n<p><strong><span style=\"text-decoration: underline;\">2.&nbsp;&nbsp;&nbsp; Gewestregeringen :<\/span><\/strong><\/p>\n\n\n\n<p><strong><span style=\"text-decoration: underline;\">2.1.)&nbsp;&nbsp;&nbsp; \u201cVlaamse\u201d regering [bevoegd voor het gewest en inzake de gemeenschapsbevoegdheden voor de gemeenschap] : (9)<\/span><\/strong><\/p>\n\n\n\n<p>\u2013&nbsp;&nbsp;&nbsp;&nbsp;&nbsp;&nbsp; \u201cMinister-President\u201d en minister van Buitenlandse Zaken, Cultuur en Rampenschade: JAN JAMBON (N-VA)<\/p>\n\n\n\n<p>\u2013&nbsp;&nbsp;&nbsp;&nbsp;&nbsp;&nbsp; Minister van Welzijn, Volksgezondheid en Gezin: Hilde CREVITS (CD&amp;V)<\/p>\n\n\n\n<p>\u2013&nbsp;&nbsp;&nbsp;&nbsp;&nbsp;&nbsp; Minister van Binnenlands Bestuur, Bestuurszaken, Gelijke kansen en Inburgering: Gwendolyn RUTTEN (Open VLD)<\/p>\n\n\n\n<p>\u2013&nbsp;&nbsp;&nbsp;&nbsp;&nbsp;&nbsp; Minister van Brussel, jeugd, media en armoedebestrijding: Benjamin DALLE (CD&amp;V) * *<\/p>\n\n\n\n<p>\u2013&nbsp;&nbsp;&nbsp;&nbsp;&nbsp;&nbsp; Minister van Onderwijs, Sport, Dierenwelzijn en \u201cVlaamse\u201d Rand: Ben WEYTS (N-VA)<\/p>\n\n\n\n<p>\u2013&nbsp;&nbsp;&nbsp;&nbsp;&nbsp;&nbsp; Minister van Justitie en Handhaving, Omgeving, Energie en Toerisme: Zuhal DEMIR (N-VA)<\/p>\n\n\n\n<p>\u2013&nbsp;&nbsp;&nbsp;&nbsp;&nbsp;&nbsp; Minister van Financi\u00ebn en Begroting, Wonen en Onroerend Erfgoed: Matthias DIEPENDAELE (N-VA)<\/p>\n\n\n\n<p>\u2013&nbsp;&nbsp;&nbsp;&nbsp;&nbsp;&nbsp; Minister van mobiliteit en openbare werken: Lydia PEETERS (Open VLD)<\/p>\n\n\n\n<p>\u2013&nbsp;&nbsp;&nbsp;&nbsp;&nbsp;&nbsp; Minister van Economie, Innovatie, Werk, Sociale Economie en Landbouw: Jo BROUNS (CD&amp;V)<\/p>\n\n\n\n<p><strong><span style=\"text-decoration: underline;\">2.2. )&nbsp;&nbsp; &#8220;Waalse&#8221; regering : (8)<\/span><\/strong><\/p>\n\n\n\n<p>\u2013&nbsp; &nbsp;&nbsp;&nbsp;&nbsp; \u201cMinister-president\u201d: Elio DI RUPO (PS)<\/p>\n\n\n\n<p>\u2013&nbsp;&nbsp;&nbsp;&nbsp;&nbsp;&nbsp; Minister van Economie, Buitenlandse Handel, Ruimtelijke Ordening, Landbouw: Willy BORSUS (MR)<\/p>\n\n\n\n<p>\u2013&nbsp;&nbsp;&nbsp;&nbsp;&nbsp;&nbsp; Minister van Klimaat, Mobiliteit, Infrastructuur en Energie: Philippe HENRY (Ecolo)<\/p>\n\n\n\n<p>\u2013&nbsp;&nbsp;&nbsp;&nbsp;&nbsp;&nbsp; Minister van Werk, Sociale Zaken, Gezondheid en Gelijke Kansen: Christie MORREALE (PS)<\/p>\n\n\n\n<p>\u2013&nbsp;&nbsp;&nbsp;&nbsp;&nbsp;&nbsp; Minister van Financi\u00ebn, Begroting, Regionale luchthavens en Sportinfrastructuur: Adrien DOLIMONT (MR)<\/p>\n\n\n\n<p>\u2013&nbsp;&nbsp;&nbsp;&nbsp;&nbsp;&nbsp; Minister van Lokale Besturen en Wonen: Cristophe COLLIGNON (PS)<\/p>\n\n\n\n<p>\u2013&nbsp;&nbsp;&nbsp;&nbsp;&nbsp;&nbsp; Minister van Ambtenarenzaken, Administratieve Vereenvoudiging, Kinderbijslag, Toerisme, Erfgoed en Verkeersveiligheid: Val\u00e9rie DE BUE (MR)<\/p>\n\n\n\n<p>\u2013&nbsp;&nbsp;&nbsp;&nbsp;&nbsp;&nbsp; Minister van Leefmilieu, Natuur, Rurale Renovatie en Dierenwelzijn: C\u00e9line TELLIER (Ecolo)<\/p>\n\n\n\n<p><strong><span style=\"text-decoration: underline;\">2.3.)&nbsp;&nbsp;&nbsp; Brussels Hoofdstedelijk Gewest :<\/span><\/strong><\/p>\n\n\n\n<p><strong>Regering:<\/strong><\/p>\n\n\n\n<p><strong><span style=\"text-decoration: underline;\">a) Ministers : (5)<\/span><\/strong><\/p>\n\n\n\n<p>\u2013&nbsp;&nbsp;&nbsp;&nbsp;&nbsp;&nbsp; \u201cMinister-President\u201d en minister van Territoriale Ontwikkeling en Stadsvernieuwing, Toerisme, de Promotie van het Imago van Brussel en Biculturele Zaken van gewestelijk Belang: Rudi VERVOORT (PS) * * *<\/p>\n\n\n\n<p>\u2013&nbsp;&nbsp;&nbsp;&nbsp;&nbsp;&nbsp; Minister van Mobiliteit, Verkeersveiligheid en Openbare Werken Elke VAN DEN BRANDT: (Groen) * * *<\/p>\n\n\n\n<p>\u2013&nbsp;&nbsp;&nbsp;&nbsp;&nbsp;&nbsp; Minister van Klimaattransitie, Leefmilieu, Energie en Participatieve Democratie Alain MARON: (Ecolo) * * *<\/p>\n\n\n\n<p>\u2013&nbsp;&nbsp;&nbsp;&nbsp;&nbsp;&nbsp; Minister van Financi\u00ebn, Begroting, Openbaar Ambt, de Promotie van Meertaligheid en van het Imago van Brussel: Sven GATZ (Open VLD) * *<\/p>\n\n\n\n<p>\u2013&nbsp;&nbsp;&nbsp;&nbsp;&nbsp;&nbsp; Minister van Werk en Beroepsopleiding, Digitalisering, Plaatselijke Besturen en Dierenwelzijn: Bernard CLERFAYT (D\u00e9fi) * * *<\/p>\n\n\n\n<p><strong><span style=\"text-decoration: underline;\">b) Staatssecretarissen : (3)<\/span><\/strong><\/p>\n\n\n\n<p>\u2013&nbsp;&nbsp;&nbsp;&nbsp;&nbsp;&nbsp; Staatssecretaris voor Huisvesting en Gelijke: Kansen Nawal BEN HAMOU (PS) &nbsp;* *<\/p>\n\n\n\n<p>\u2013&nbsp;&nbsp;&nbsp;&nbsp;&nbsp;&nbsp; Staatssecretaris voor Stedenbouw en Erfgoed, Europese en Internationale Betrekkingen, Buitenlandse Handel, Brandbestrijding en Dringende Medische Hulp Ans PERSOONS (Vooruit): * *<\/p>\n\n\n\n<p>\u2013&nbsp;&nbsp;&nbsp;&nbsp;&nbsp;&nbsp; Staatssecretaris voor Economische Transitie en Wetenschappelijk Onderzoek: Barbara TRACHTE (Ecolo) * *<\/p>\n\n\n\n<p><strong><u>3.&nbsp;&nbsp;&nbsp; Gemeenschapsregeringen :<\/u><\/strong><\/p>\n\n\n\n<p><strong><u>3.1.) <\/u><\/strong><strong><u>\u201c<\/u><\/strong><strong><u>Vlaamse<\/u><\/strong><strong><u>\u201d<\/u><\/strong><strong><u> <\/u><\/strong><strong><u>Gemeenschap: <\/u><\/strong><em>zie <\/em><em>\u201c<\/em><em>Vlaamse<\/em><em>\u201d<\/em><em> regering<\/em><\/p>\n\n\n\n<p><strong><u>3.2.)&nbsp;&nbsp; <\/u><\/strong><strong><u>\u201c<\/u><\/strong><strong><u>Franse<\/u><\/strong><strong><u>\u201d <\/u><\/strong><strong><u>Gemeenschapsregering : (<\/u><\/strong><strong><u>5<\/u><\/strong><strong><u>)<\/u><\/strong><\/p>\n\n\n\n<p>\u2013&nbsp;&nbsp;&nbsp;&nbsp;&nbsp;&nbsp; Minister-president en minister van Intra-Belgische relaties, Onderwijs voor Sociale Promotie, Sport, Internationale en Europese Relaties en Ontwikkelingssamenwerking : Pierre-Yves JEHOLET (MR)<\/p>\n\n\n\n<p>\u2013&nbsp;&nbsp;&nbsp;&nbsp;&nbsp;&nbsp; Minister van Onderwijs: Caroline DESIR (PS)<\/p>\n\n\n\n<p>\u2013&nbsp;&nbsp;&nbsp;&nbsp;&nbsp;&nbsp; Minister van Kind, Gezondheid, Cultuur, Media en Vrouwenrechten: B\u00e9n\u00e9dicte LINARD (Ecolo)<\/p>\n\n\n\n<p>\u2013&nbsp;&nbsp;&nbsp;&nbsp;&nbsp;&nbsp; Minister van Hoger Onderwijs, Universitaire Ziekenhuizen, Hulpverlening aan de Jeugd, Justitiehuizen, Jeugd en Promotie van Brussel Fran\u00e7oise BERTEIAUX (MR)<\/p>\n\n\n\n<p>\u2013&nbsp;&nbsp;&nbsp;&nbsp;&nbsp;&nbsp; Minister van Begroting, Ambtenarenzaken en Gelijk Kansen: Frederic DAERDEN (PS)<\/p>\n\n\n\n<p><strong><u>3.3.)&nbsp;&nbsp;&nbsp; Duitstalige Gemeenschapsregering : (4)<\/u><\/strong><\/p>\n\n\n\n<p>\u2013&nbsp;&nbsp;&nbsp;&nbsp;&nbsp;&nbsp; Minister-president en minister van Plaatselijk Bestuur en Financi\u00ebn : Olivier PAASCH (ProDG)<\/p>\n\n\n\n<p>\u2013&nbsp;&nbsp;&nbsp;&nbsp;&nbsp;&nbsp; Viceminister-president, Minister van Cultuur, Sport, Werkgelegenheid en Media: Minister Isabelle WEYKMANS (PFF)<\/p>\n\n\n\n<p>\u2013&nbsp;&nbsp;&nbsp;&nbsp;&nbsp;&nbsp; Minister van Volksgezondheid en Sociale Zaken, Ruimtelijke Ordening en Huisvesting : Minister Antonios ANTONIADIS (SP)<\/p>\n\n\n\n<p>\u2013&nbsp;&nbsp;&nbsp;&nbsp;&nbsp;&nbsp; Minister van Onderwijs en Wetenschappelijk Onderzoek : Lydia KLINKENBERG (ProDG)<\/p>\n\n\n\n<p><strong><u>4.&nbsp;&nbsp;&nbsp; Gemeenschapscolleges in het Brussels gewest :<\/u><\/strong><\/p>\n\n\n\n<p><strong><u>3.1.)&nbsp;&nbsp;&nbsp;&nbsp; College van de <\/u><\/strong><strong><u>\u201c<\/u><\/strong><strong><u>Vlaamse<\/u><\/strong><strong><u>\u201d<\/u><\/strong><strong><u> Gemeenschapscommissie: (4)<\/u><\/strong><\/p>\n\n\n\n<p>\u2013&nbsp;&nbsp;&nbsp;&nbsp;&nbsp;&nbsp; Collegevoorzitter bevoegd voor Begroting, Welzijn, Gezondheid, Gezin en Stedelijk beleid: Elke VAN DEN BRANDT (Groen) * * *<\/p>\n\n\n\n<p>\u2013&nbsp;&nbsp;&nbsp;&nbsp;&nbsp;&nbsp; Collegelid, bevoegd voor Onderwijs en Scholenbouw: Sven GATZ (Open VLD) * * *<\/p>\n\n\n\n<p>\u2013&nbsp;&nbsp;&nbsp;&nbsp;&nbsp;&nbsp; Collegelid,&nbsp; bevoegd voor&nbsp;Cultuur, Jeugd, Sport, Gemeenschapscentra en&nbsp;Etnisch-culturele minderheden: Ans PERSOONS (Vooruit) * *<\/p>\n\n\n\n<p>\u2013&nbsp;&nbsp;&nbsp;&nbsp;&nbsp;&nbsp; Minister in de Vlaamse regering bevoegd voor Brussel: Benjamin DALLE (raadgevende stem). (CD&amp;V) * *<\/p>\n\n\n\n<p><strong><u>3.2.)&nbsp;&nbsp;&nbsp;&nbsp; College van de Franse Gemeenschapscommissie (5)<\/u><\/strong><\/p>\n\n\n\n<p>\u2013&nbsp;&nbsp;&nbsp;&nbsp;&nbsp;&nbsp; Voorzitter, bevoegd voor Volksgezondheid, Familie, Budget en het Openbaar Ambt: : Barbara TRACHTE (Ecolo) * *<\/p>\n\n\n\n<p>\u2013&nbsp;&nbsp;&nbsp;&nbsp;&nbsp;&nbsp; Collegelid, bevoegd voor Onderwijs, Cr\u00e8ches, Cultuur, Gehandicapten, Toerisme en Schooltransport: Rudy VERVOORT (PS) * * *<\/p>\n\n\n\n<p>\u2013&nbsp;&nbsp;&nbsp;&nbsp;&nbsp;&nbsp; Collegelid, bevoegd voor Beroepsopleiding en Internationale Betrekkingen: Bernard CLERFAYT (D\u00e9fi) * * *<\/p>\n\n\n\n<p>\u2013&nbsp;&nbsp;&nbsp;&nbsp;&nbsp;&nbsp; Collegelid, bevoegd voor Sociale actie en Gezondheid: Alain MARON (Ecolo) * * *<\/p>\n\n\n\n<p>\u2013&nbsp;&nbsp;&nbsp;&nbsp;&nbsp;&nbsp; Collegelid, bevoegd voor Sociale cohesie en Sportinfrastructuren: Nawal BEN HAMOU (PS) * *<\/p>\n\n\n\n<p><strong><u>3.3.)&nbsp;&nbsp;&nbsp;&nbsp; Verenigd College van de Gemeenschappelijke Gemeenschapscommissie (5)<\/u><\/strong><\/p>\n\n\n\n<p>\u2013&nbsp;&nbsp;&nbsp;&nbsp;&nbsp;&nbsp; Voorzitter van het Verenigd College van de Gemeenschappelijke Gemeenschapscommissie (GGC), bevoegd voor de co\u00f6rdinatie van het beleid van het Verenigd College: Rudi VERVOORT (PS) * * *<\/p>\n\n\n\n<p>\u2013&nbsp;&nbsp;&nbsp;&nbsp;&nbsp;&nbsp; Collegelid, bevoegd voor de Kinderbijslag, de Ambtenarij, Financi\u00ebn, Begroting, Buitenlandse Betrekkingen en de Filmkeuring (samen met Minister Bernard CLERFAYT): Sven GATZ (Open VLD) * * *<\/p>\n\n\n\n<p>\u2013&nbsp;&nbsp;&nbsp;&nbsp;&nbsp;&nbsp; Collegelid, bevoegd voor de Kinderbijslag, de Ambtenarij, Financi\u00ebn, Begroting, Buitenlandse Betrekkingen en de Filmkeuring (samen met Minister Sven GATZ): Bernard CLERFAYT (D\u00e9fi) * * *<\/p>\n\n\n\n<p>\u2013&nbsp;&nbsp;&nbsp;&nbsp;&nbsp;&nbsp; Collegelid, bevoegd voor Gezondheid en Sociale actie (samen met Minister Alain MARON): Elke VAN DEN BRANDT (Groen) * * *<\/p>\n\n\n\n<p>\u2013&nbsp;&nbsp;&nbsp;&nbsp;&nbsp;&nbsp; Collegelid, bevoegd voor voor Gezondheid en Sociale actie (samen met Minister Elke VAN DEN BRANDT): Alain MARON (Ecolo) * * *<\/p>\n\n\n\n<figure class=\"wp-block-image size-large\"><a href=\"https:\/\/www.unionbelge.be\/wp-content\/uploads\/2024\/02\/NL.jpg\"><img loading=\"lazy\" decoding=\"async\" width=\"724\" height=\"1024\" src=\"https:\/\/www.unionbelge.be\/wp-content\/uploads\/2024\/02\/NL-724x1024.jpg\" alt=\"\" class=\"wp-image-14479\" srcset=\"https:\/\/www.unionbelge.be\/wp-content\/uploads\/2024\/02\/NL-724x1024.jpg 724w, https:\/\/www.unionbelge.be\/wp-content\/uploads\/2024\/02\/NL-212x300.jpg 212w, https:\/\/www.unionbelge.be\/wp-content\/uploads\/2024\/02\/NL-768x1086.jpg 768w, https:\/\/www.unionbelge.be\/wp-content\/uploads\/2024\/02\/NL-1086x1536.jpg 1086w, https:\/\/www.unionbelge.be\/wp-content\/uploads\/2024\/02\/NL-1000x1414.jpg 1000w, https:\/\/www.unionbelge.be\/wp-content\/uploads\/2024\/02\/NL-230x325.jpg 230w, https:\/\/www.unionbelge.be\/wp-content\/uploads\/2024\/02\/NL-350x495.jpg 350w, https:\/\/www.unionbelge.be\/wp-content\/uploads\/2024\/02\/NL-480x679.jpg 480w, https:\/\/www.unionbelge.be\/wp-content\/uploads\/2024\/02\/NL-420x594.jpg 420w, https:\/\/www.unionbelge.be\/wp-content\/uploads\/2024\/02\/NL-800x1132.jpg 800w, https:\/\/www.unionbelge.be\/wp-content\/uploads\/2024\/02\/NL.jpg 1414w\" sizes=\"auto, (max-width: 724px) 100vw, 724px\" \/><\/a><\/figure>\n\n\n\n<p><strong>56 MINISTRES ET SECRETAIRES D&#8217;ETAT<\/strong><\/p>\n\n\n\n<p><strong>Vous ne la retrouverez nulle part ailleurs sur internet sauf sur le site du B.U.B.\u00a0: la liste compl\u00e8te des ministres et de secretaires d&#8217;Etat de la Belgique f\u00e9d\u00e9rale\u00a0! Au total, 56 ministres et secr\u00e9taires d&#8217;\u00c9tat se r\u00e9partissent 68 mandats politiques au niveau &#8220;f\u00e9d\u00e9ral&#8221; et dans les soi-disant &#8220;entit\u00e9s f\u00e9d\u00e9r\u00e9es&#8221;. Le B.U.B. ne cesse de d\u00e9noncer cette gabegie scandaleuse de deniers publics caus\u00e9e par le f\u00e9d\u00e9ralisme linguistique install\u00e9 et \u00e9labor\u00e9 sans r\u00e9f\u00e9rendum et <a href=\"https:\/\/www.unionbelge.be\/?p=5421\">de mani\u00e8re inconstitutionnelle<\/a> par la particratie dans notre petit pays. La nouvelle Belgique unitaire peut parfaitement \u00eatre g\u00e9r\u00e9e par un seul gouvernement national et maximum 15 super-ministres nationaux, y compris le premier ministre. Les Belges n\u2019ont aucunement besoin de cette arm\u00e9e de colonels dont les uns sont encore plus incomp\u00e9tents, plus co\u00fbteux et plus inutiles, voire plus nuisibles que les autres\u00a0!<\/strong><\/p>\n\n\n\n<p>**&nbsp; =&nbsp; le ministre si\u00e8ge dans deux gouvernements<\/p>\n\n\n\n<p>*** = le ministre si\u00e8ge dans trois gouvernements<\/p>\n\n\n\n<p><strong><span style=\"text-decoration: underline;\">1.&nbsp;&nbsp;&nbsp; Gouvernement \u201cf\u00e9d\u00e9ral\u201d:<\/span><\/strong><\/p>\n\n\n\n<p><strong><span style=\"text-decoration: underline;\">a) Ministres : (15)<\/span><\/strong><\/p>\n\n\n\n<p>\u2013&nbsp;&nbsp;&nbsp;&nbsp;&nbsp;&nbsp; Premier Ministre: Alexander DE CROO (Open VLD)<\/p>\n\n\n\n<p>\u2013&nbsp;&nbsp;&nbsp;&nbsp;&nbsp;&nbsp; Ministre de l&#8217;\u00c9conomie et du Travail: Pierre-Yves DERMAGNE (PS)<\/p>\n\n\n\n<p>\u2013&nbsp;&nbsp;&nbsp;&nbsp;&nbsp;&nbsp; Ministre des Classes moyennes, des Ind\u00e9pendants, des PME, de l&#8217;Agriculture, des R\u00e9formes institutionnelles et du Renouveau d\u00e9mocratique: David CLARINVAL (MR)<\/p>\n\n\n\n<p>\u2013&nbsp;&nbsp;&nbsp;&nbsp;&nbsp;&nbsp; Ministre de la Mobilit\u00e9: Georges GILKINET (Ecolo)<\/p>\n\n\n\n<p>\u2013&nbsp;&nbsp;&nbsp;&nbsp;&nbsp;&nbsp; Ministre des Finances charg\u00e9 de la Coordination de la lutte contre la fraude: Vincent VAN PETEGHEM (CD&amp;V)<\/p>\n\n\n\n<p>\u2013&nbsp;&nbsp;&nbsp;&nbsp;&nbsp;&nbsp; Ministre des Affaires sociales et de la Sant\u00e9 publique: Frank VANDENBROUCKE (Vooruit)<\/p>\n\n\n\n<p>\u2013&nbsp;&nbsp;&nbsp;&nbsp;&nbsp;&nbsp; Ministre de la Fonction publique, des Entreprises publiques, des T\u00e9l\u00e9communications et de la Poste: Petra DE SUTTER (Groen)<\/p>\n\n\n\n<p>\u2013&nbsp;&nbsp;&nbsp;&nbsp;&nbsp;&nbsp; Ministre de la Justice et de la Mer du Nord: Paul VAN TIGCHELT (Open VLD)<\/p>\n\n\n\n<p>\u2013&nbsp;&nbsp;&nbsp;&nbsp;&nbsp;&nbsp; Ministre des Pensions et de l\u2019Int\u00e9gration sociale, charg\u00e9e des Personnes handicap\u00e9es, de la Lutte contre la pauvret\u00e9 et de Beliris: Karine LALIEUX (PS)<\/p>\n\n\n\n<p>\u2013&nbsp;&nbsp;&nbsp;&nbsp;&nbsp;&nbsp; Ministre de la D\u00e9fense: Ludivine DEDONDER (PS)<\/p>\n\n\n\n<p>\u2013&nbsp;&nbsp;&nbsp;&nbsp;&nbsp;&nbsp; Ministre du Climat, de l\u2019Environnement, du D\u00e9veloppement durable et du Green Deal: Zakia KHATTABI (Ecolo)<\/p>\n\n\n\n<p>\u2013&nbsp;&nbsp;&nbsp;&nbsp;&nbsp;&nbsp; Ministre de l\u2019Int\u00e9rieur, des R\u00e9formes institutionnelles et du Renouveau d\u00e9mocratique: Annelies Verlinden (CD&amp;V)<\/p>\n\n\n\n<p>\u2013&nbsp;&nbsp;&nbsp;&nbsp;&nbsp;&nbsp; Ministre de la Coop\u00e9ration au d\u00e9veloppement et de la Politique des Grandes villes: Caroline GENNEZ (Vooruit)<\/p>\n\n\n\n<p>\u2013&nbsp;&nbsp;&nbsp;&nbsp;&nbsp;&nbsp; Ministre de l&#8217;Energie: Tinne VAN DER STRAETEN (Groen)<\/p>\n\n\n\n<p>\u2013&nbsp;&nbsp;&nbsp;&nbsp;Ministre des Affaires \u00e9trang\u00e8res, des Affaires europ\u00e9ennes et du Commerce ext\u00e9rieur, et des Institutions culturelles f\u00e9d\u00e9rales: &nbsp;Hadja LAHBIB (Ecolo)<\/p>\n\n\n\n<p><strong><span style=\"text-decoration: underline;\">b) Secr\u00e9taires d\u2019Etat : (5)<\/span><\/strong><\/p>\n\n\n\n<p>\u2013&nbsp;&nbsp;&nbsp;&nbsp;&nbsp;&nbsp; Secr\u00e9taire d&#8217;\u00c9tat pour la Relance et les Investissements strat\u00e9giques, charg\u00e9 de la Politique scientifique: Thomas DERMINE (PS)<\/p>\n\n\n\n<p>\u2013&nbsp;&nbsp;&nbsp;&nbsp;&nbsp;&nbsp; Secr\u00e9taire d&#8217;\u00c9tat \u00e0 la Digitalisation, charg\u00e9 de la Simplification administrative, de la Protection de la vie priv\u00e9e et de la R\u00e9gie des b\u00e2timents: Mathieu MICHEL (MR)<\/p>\n\n\n\n<p>\u2013&nbsp;&nbsp;&nbsp;&nbsp;&nbsp;&nbsp; Secr\u00e9taire d&#8217;\u00c9tat \u00e0 l\u2019\u00c9galit\u00e9 des genres, \u00e0 l\u2019\u00c9galit\u00e9 des chances et \u00e0 la Diversit\u00e9: Sarah SCHILTZ (Ecolo)<\/p>\n\n\n\n<p>\u2013&nbsp; Secr\u00e9taire d&#8217;\u00c9tat \u00e0 l\u2019Asile et la Migration, charg\u00e9 de la Loterie nationale: Nicole DE MOOR (CD&amp;V)<\/p>\n\n\n\n<p>\u2013&nbsp; Secr\u00e9taire d&#8217;\u00c9tat au Budget et \u00e0 la Protection des consommateurs: Alexia BERTRAND (Open VLD)<\/p>\n\n\n\n<p><strong><span style=\"text-decoration: underline;\">2.&nbsp;&nbsp;&nbsp; Gouvernements r\u00e9gionaux :<\/span><\/strong><\/p>\n\n\n\n<p><strong><span style=\"text-decoration: underline;\">2.1.)&nbsp;&nbsp;&nbsp; Gouvernement \u201cflamand\u201d [comp\u00e9tent pour la r\u00e9gion et, en ce qui concerne les comp\u00e9tences communautaires, pour la communaut\u00e9] : (9)<\/span><\/strong><\/p>\n\n\n\n<p>\u2013&nbsp;&nbsp;&nbsp;&nbsp;&nbsp;&nbsp; \u201cMinistre-Pr\u00e9sident\u201d et minister de la Politique \u00e9trang\u00e8re, de la Coop\u00e9ration au d\u00e9veloppement, de la Culture et de l\u2019Innovation : JAN JAMBON (N-VA)<\/p>\n\n\n\n<p>\u2013&nbsp;&nbsp;&nbsp;&nbsp;&nbsp;&nbsp; Ministre de la <strong>l&#8217;Aide sociale<\/strong>, de la <strong>Sant\u00e9 publique et de la Famille<\/strong>: Hilde CREVITS (CD&amp;V)<\/p>\n\n\n\n<p>\u2013&nbsp;&nbsp;&nbsp;&nbsp;&nbsp;&nbsp; Ministre des Affaires int\u00e9rieures, des Affaires administratives, de l\u2019Int\u00e9gration et de l\u2019\u00c9galit\u00e9 des chances : Gwendolyn RUTTEN (Open VLD)<\/p>\n\n\n\n<p>\u2013&nbsp;&nbsp;&nbsp;&nbsp;&nbsp;&nbsp; Ministre des Affaires bruxelloises, des M\u00e9dias et de la Jeunesse : Benjamin DALLE (CD&amp;V) * *<\/p>\n\n\n\n<p>\u2013&nbsp;&nbsp;&nbsp;&nbsp;&nbsp;&nbsp; Ministre de l\u2019Enseignement, du Bien-\u00eatre animal, du Sport et de la p\u00e9riph\u00e9rie \u201cflamande\u201d : Ben WEYTS (N-VA)<\/p>\n\n\n\n<p>\u2013&nbsp;&nbsp;&nbsp;&nbsp;&nbsp;&nbsp; Ministre de l\u2019Environnement, de l\u2019\u00c9nergie, du Tourisme, de la Justice et de l\u2019application du droit : Zuhal DEMIR (N-VA)<\/p>\n\n\n\n<p>\u2013&nbsp;&nbsp;&nbsp;&nbsp;&nbsp;&nbsp; Ministre des Finances, du Budget, et du Logement : Matthias DIEPENDAELE (N-VA)<\/p>\n\n\n\n<p>\u2013&nbsp;&nbsp;&nbsp;&nbsp;&nbsp;&nbsp; Ministre de la Mobilit\u00e9 et Travaux publics: Lydia PEETERS (Open VLD)<\/p>\n\n\n\n<p>\u2013&nbsp;&nbsp;&nbsp;&nbsp;&nbsp;&nbsp; Ministre de l\u2019Economie, de l\u2019Emploi, de l\u2019Economie sociale et de l\u2019Agriculture: Jo BROUNS (CD&amp;V)<\/p>\n\n\n\n<p><strong><span style=\"text-decoration: underline;\">2.2. )&nbsp;&nbsp; Gouvernement \u201cwallon\u201d : (8)<\/span><\/strong><\/p>\n\n\n\n<p>\u2013&nbsp; &nbsp;&nbsp;&nbsp;&nbsp; \u201cMinistre-pr\u00e9sident\u201d: Elio DI RUPO (PS)<\/p>\n\n\n\n<p>\u2013&nbsp;&nbsp;&nbsp;&nbsp;&nbsp;&nbsp; Ministre de l\u2019\u00c9conomie, du Commerce ext\u00e9rieur, de la Recherche et de l\u2019Innovation, du Num\u00e9rique, de l\u2019Am\u00e9nagement du territoire, de l\u2019Agriculture, de l\u2019IFAPME et des Centres de comp\u00e9tences: Willy BORSUS (MR)<\/p>\n\n\n\n<p>\u2013&nbsp;&nbsp;&nbsp;&nbsp;&nbsp;&nbsp; Ministre du Climat, de l&#8217;\u00c9nergie et de la Mobilit\u00e9: Philippe HENRY (Ecolo)<\/p>\n\n\n\n<p>\u2013&nbsp;&nbsp;&nbsp;&nbsp;&nbsp;&nbsp; Ministre de l&#8217;Emploi, de la Formation, de la Sant\u00e9, de l&#8217;Action sociale, de l&#8217;\u00c9galit\u00e9 des chances et des Droits des femmes: Christie MORREALE (PS)<\/p>\n\n\n\n<p>\u2013&nbsp;&nbsp;&nbsp;&nbsp;&nbsp;&nbsp; Ministre du Budget et des Finances, des A\u00e9roports et des Infrastructures sportives: Adrien DOLIMONT (MR)<\/p>\n\n\n\n<p>\u2013&nbsp;&nbsp;&nbsp;&nbsp;&nbsp;&nbsp; Ministre du Logement, des Pouvoirs locaux et de la Ville: Cristophe COLLIGNON (PS)<\/p>\n\n\n\n<p>\u2013&nbsp;&nbsp;&nbsp;&nbsp;&nbsp;&nbsp; Ministre de la Fonction publique, de l&#8217;Informatique, de la Simplification administrative, charg\u00e9 des allocations familiales, du Tourisme, du Patrimoine et de la S\u00e9curit\u00e9 routi\u00e8re: Val\u00e9rie DE BUE (MR)<\/p>\n\n\n\n<p>\u2013&nbsp;&nbsp;&nbsp;&nbsp;&nbsp;&nbsp; Ministre de l&#8217;Environnement, de la Nature, de la For\u00eat, de la Ruralit\u00e9 et du Bien-\u00eatre animal: C\u00e9line TELLIER (Ecolo)<\/p>\n\n\n\n<p><strong><span style=\"text-decoration: underline;\">2.3.)&nbsp;&nbsp;&nbsp; R\u00e9gion de Bruxelles Capitale :<\/span><\/strong><\/p>\n\n\n\n<p><strong><span style=\"text-decoration: underline;\">a) Ministres : (5)<\/span><\/strong><\/p>\n\n\n\n<p><strong><span style=\"text-decoration: underline;\">Gouvernement:<\/span><\/strong><\/p>\n\n\n\n<p>\u2013&nbsp;&nbsp;&nbsp;&nbsp;&nbsp;&nbsp; \u201cMinistre-Pr\u00e9sident\u201d charg\u00e9 du D\u00e9veloppement territorial et de la R\u00e9novation urbaine, du Tourisme, de Promotion de l&#8217;image de Bruxelles et du Biculturel d&#8217;int\u00e9r\u00eat r\u00e9gional: Rudi VERVOORT (PS) * * *<\/p>\n\n\n\n<p>\u2013&nbsp;&nbsp;&nbsp;&nbsp;&nbsp;&nbsp; Ministre de la Mobilit\u00e9, des Travaux publics et de la S\u00e9curit\u00e9 routi\u00e8re: Elke VAN DEN BRANDT: (Groen) * * *<\/p>\n\n\n\n<p>\u2013&nbsp;&nbsp;&nbsp;&nbsp;&nbsp;&nbsp; Ministre de la Transition climatique, de l&#8217;Environnement, de l&#8217;\u00c9nergie et de la D\u00e9mocratie participative: Alain MARON: (Ecolo) * * *<\/p>\n\n\n\n<p>\u2013&nbsp;&nbsp;&nbsp;&nbsp;&nbsp;&nbsp; Ministre des Finances, du Budget, de la Fonction publique, de la Promotion du multilinguisme et de l&#8217;image de Bruxelles: Sven GATZ (Open VLD) * *<\/p>\n\n\n\n<p>\u2013&nbsp;&nbsp;&nbsp;&nbsp;&nbsp;&nbsp; Ministre de l&#8217;Emploi, de la Formation professionnelle, de la Transition num\u00e9rique, des Pouvoirs locaux et du Bien-\u00eatre animal: Bernard CLERFAYT (D\u00e9fi) * * *<\/p>\n\n\n\n<p>b) Secr\u00e9taires d\u2019Etat : (3)<\/p>\n\n\n\n<p>\u2013&nbsp;&nbsp;&nbsp;&nbsp;&nbsp;&nbsp; Secr\u00e9taire d&#8217;\u00c9tat au Logement et \u00e0 l&#8217;\u00c9galit\u00e9 des chances: Kansen Nawal BEN HAMOU (PS) &nbsp;* *<\/p>\n\n\n\n<p>\u2013&nbsp;&nbsp;&nbsp;&nbsp;&nbsp;&nbsp; Secr\u00e9taire d&#8217;\u00c9tat \u00e0 l&#8217;Urbanisme et au Patrimoine, aux Relations europ\u00e9ennes et internationales, au Commerce ext\u00e9rieur, \u00e0 la Lutte contre l&#8217;incendie, et \u00e0 l&#8217;Aide m\u00e9dicale urgente: Ans PERSOONS (Vooruit): * *<\/p>\n\n\n\n<p>\u2013&nbsp;&nbsp;&nbsp;&nbsp;&nbsp;&nbsp; Secr\u00e9taire d&#8217;\u00c9tat \u00e0 la Transition \u00e9conomique et \u00e0 la Recherche scientifique: Barbara TRACHTE (Ecolo) * *<\/p>\n\n\n\n<p><strong><u>3.&nbsp;&nbsp;&nbsp; <\/u><\/strong><strong><u>Gouvernement communautaires<\/u><\/strong><strong><u> :<\/u><\/strong><\/p>\n\n\n\n<p><strong><u>3.1.) <\/u><\/strong><strong><u>Communaut\u00e9s \u201cflamande\u201d<\/u><\/strong><strong><u>: <\/u><\/strong><em>voir gouvernement \u201cflamand\u201d<\/em><\/p>\n\n\n\n<p><strong><u>3.2.)&nbsp;&nbsp; Communaut\u00e9 \u201cfran\u00e7aise\u201d : (5)<\/u><\/strong><\/p>\n\n\n\n<p>\u2013&nbsp;&nbsp;&nbsp;&nbsp;&nbsp;&nbsp; \u201cMinistre-pr\u00e9sident\u201d \u00e9galement en charge du Sport et de l&#8217;Enseignement de la Promotion sociale: Pierre-Yves JEHOLET (MR)<\/p>\n\n\n\n<p>\u2013&nbsp;&nbsp;&nbsp;&nbsp;&nbsp;&nbsp; Ministre de l\u2019Enseignement: Caroline DESIR (PS)<\/p>\n\n\n\n<p>\u2013&nbsp;&nbsp;&nbsp;&nbsp;&nbsp;&nbsp; Ministre de l&#8217;Enfance, de la Sant\u00e9, de la Culture, des M\u00e9dias et des Droits des femmes: B\u00e9n\u00e9dicte LINARD (Ecolo)<\/p>\n\n\n\n<p>\u2013&nbsp;&nbsp;&nbsp;&nbsp;&nbsp;&nbsp; Ministre de l&#8217;Enseignement sup\u00e9rieur, des H\u00f4pitaux universitaires, de l&#8217;Aide \u00e0 la jeunesse, des Maisons de Justice, de la Jeunesse et de la Promotion de Bruxelles: Fran\u00e7oise BERTEIAUX (MR)<\/p>\n\n\n\n<p>\u2013&nbsp;&nbsp;&nbsp;&nbsp;&nbsp;&nbsp; Ministre du Budget, de la Fonction publique, de l&#8217;\u00c9galit\u00e9 des chances et de la tutelle sur Wallonie-Bruxelles Enseignement: Frederic DAERDEN (PS)<\/p>\n\n\n\n<p><strong><u>3.3.)&nbsp;&nbsp;&nbsp; Gouvernement de la communaut\u00e9 germanophone: (4)<\/u><\/strong><\/p>\n\n\n\n<p>\u2013&nbsp;&nbsp;&nbsp;&nbsp;&nbsp;&nbsp; Ministre des Pouvoirs locaux et des Finances: Olivier PAASCH (ProDG)<\/p>\n\n\n\n<p>\u2013&nbsp;&nbsp;&nbsp;&nbsp;&nbsp;&nbsp; Ministre de la Culture et du Sport, de l&#8217;Emploi et des M\u00e9dias: Minister Isabelle WEYKMANS (PFF)<\/p>\n\n\n\n<p>\u2013&nbsp;&nbsp;&nbsp;&nbsp;&nbsp;&nbsp; Ministre de la Sant\u00e9 et des Affaires sociales, de l&#8217;Am\u00e9nagement du territoire et du Logement: Minister Antonios ANTONIADIS (SP)<\/p>\n\n\n\n<p>\u2013&nbsp;&nbsp;&nbsp;&nbsp;&nbsp;&nbsp; Ministre de la Formation, de la Recherche et de l&#8217;\u00c9ducation: Lydia KLINKENBERG (ProDG)<\/p>\n\n\n\n<p><strong><u>4.&nbsp;&nbsp;&nbsp; <\/u><\/strong><strong><u>Coll\u00e8ges communautaires dans la r\u00e9gion bruxelloise<\/u><\/strong><strong><u>:<\/u><\/strong><\/p>\n\n\n\n<p><strong><u>3.1.)&nbsp;&nbsp;&nbsp;&nbsp; Coll<\/u><\/strong><strong><u>\u00e8<\/u><\/strong><strong><u>ge <\/u><\/strong><strong><u>de la Commission Communautaire \u201cflamande\u201d<\/u><\/strong><strong><u>: (4)<\/u><\/strong><\/p>\n\n\n\n<p>\u2013&nbsp;&nbsp;&nbsp;&nbsp;&nbsp;&nbsp; Membre du coll\u00e8ge, charg\u00e9e du Budget, de la Protection sociale, de la Sant\u00e9, de la Famille et de la Vie urbaine: Elke VAN DEN BRANDT (Groen) * * *<\/p>\n\n\n\n<p>\u2013&nbsp;&nbsp;&nbsp;&nbsp;&nbsp;&nbsp; Membre du coll\u00e8ge, charg\u00e9e de l&#8217;Enseignement et de la Construction des \u00e9coles<\/p>\n\n\n\n<p>\u2013&nbsp;&nbsp;&nbsp;&nbsp;&nbsp;&nbsp; Membre du coll\u00e8ge, charg\u00e9e de la Culture, de la Jeunesse, du Sport et des Centres communautaires: Ans PERSOONS (Vooruit) * *<\/p>\n\n\n\n<p>\u2013&nbsp;&nbsp;&nbsp;&nbsp;&nbsp;&nbsp; Ministre dans le gouvernement \u201cflamand\u201d, comp\u00e9tent pour Bruxelles: Benjamin DALLE (voix consultative). (CD&amp;V) * *<\/p>\n\n\n\n<p><strong><u>3.2.)&nbsp;&nbsp;&nbsp;&nbsp; Coll\u00e8ge de la Commission communautaire \u201cfran\u00e7aise\u201d (5)<\/u><\/strong><\/p>\n\n\n\n<p>\u2013&nbsp;&nbsp;&nbsp;&nbsp;&nbsp;&nbsp; Pr\u00e9didente, charg\u00e9e de la Promotion de la sant\u00e9, de la Famille, du Budget et de la Fonction publique: : Barbara TRACHTE (Ecolo) * *<\/p>\n\n\n\n<p>\u2013&nbsp;&nbsp;&nbsp;&nbsp;&nbsp;&nbsp; Membre du Coll\u00e8ge, charg\u00e9 de la Politique de l&#8217;enseignement, des Cr\u00e8ches, de la Culture, des Personnes handicap\u00e9es, du Tourisme et du Transport scolaire: Rudy VERVOORT (PS) * * *<\/p>\n\n\n\n<p>\u2013&nbsp;&nbsp;&nbsp;&nbsp;&nbsp;&nbsp; Membre du Coll\u00e8ge, charg\u00e9 de la Coh\u00e9sion sociale et des Infrastructures sportives: Bernard CLERFAYT (D\u00e9fi) * * *<\/p>\n\n\n\n<p>\u2013&nbsp;&nbsp;&nbsp;&nbsp;&nbsp;&nbsp; Membre du Coll\u00e8ge, charg\u00e9 de l&#8217;Action sociale et de la Sant\u00e9: Alain MARON (Ecolo) * * *<\/p>\n\n\n\n<p>\u2013&nbsp;&nbsp;&nbsp;&nbsp;&nbsp;&nbsp; Membre du Coll\u00e8ge, charg\u00e9 de la Formation professionnelle et des Relations internationales: Nawal BEN HAMOU (PS) * *<\/p>\n\n\n\n<p><strong><u>3.3.)&nbsp;&nbsp;&nbsp;&nbsp; Coll\u00e8ge R\u00e9uni de la Commission Communautaire commune (5)<\/u><\/strong><\/p>\n\n\n\n<p>\u2013&nbsp;&nbsp;&nbsp;&nbsp;&nbsp;&nbsp; Ministre-pr\u00e9sident du Coll\u00e8ge, charg\u00e9 de la Coordination politique de la Commission Communautaire Commune: Rudi VERVOORT (PS) * * *<\/p>\n\n\n\n<p>\u2013&nbsp;&nbsp;&nbsp;&nbsp;&nbsp;&nbsp; Membre du Coll\u00e8ge, charg\u00e9 des Prestations familiales, de la Fonction publique, des Finances, du Budget, des Relations ext\u00e9rieures et du Contr\u00f4le des films (samen met Minister Bernard CLERFAYT): Sven GATZ (Open VLD) * * *<\/p>\n\n\n\n<p>\u2013&nbsp;&nbsp;&nbsp;&nbsp;&nbsp;&nbsp; Membre du Coll\u00e8ge, charg\u00e9 des Prestations familiales, de la Fonction publique, des Finances, du Budget, des Relations ext\u00e9rieures et du Contr\u00f4le des films (samen met Minister Sven GATZ): Bernard CLERFAYT (D\u00e9fi) * * *<\/p>\n\n\n\n<p>\u2013&nbsp;&nbsp;&nbsp;&nbsp;&nbsp;&nbsp; Membre du Coll\u00e8ge, charg\u00e9 de la Politique de la sant\u00e9 et de la Politique de l&#8217;action sociale (samen met Minister Alain MARON): Elke VAN DEN BRANDT (Groen) * * *<\/p>\n\n\n\n<p>\u2013&nbsp;&nbsp;&nbsp;&nbsp;&nbsp;&nbsp; Membre du Coll\u00e8ge, charg\u00e9 de la Politique de la sant\u00e9 et de la Politique de l&#8217;action sociale (samen met Minister Elke VAN DEN BRANDT): Alain MARON (Ecolo) * **<\/p>\n\n\n\n<p><strong>56 MINISTER UND STAATSSEKRET\u00c4RE<\/strong><\/p>\n\n\n\n<p><strong>Sie werden sie nirgendwo anders im Internet finden als auf der B.U.B.-Seite: die vollst\u00e4ndige Liste der Minister und Staatssekret\u00e4re des f\u00f6deralen Belgiens ! Insgesamt 56 Minister und Staatssekret\u00e4re verteilen 68 politische Mandate auf &#8220;f\u00f6deraler&#8221; Ebene und in den so genannten &#8220;Teilgebiete&#8221;.<\/strong> <strong>Die B.U.B. prangert weiterhin diese skandal\u00f6se Verschwendung \u00f6ffentlicher Gelder an, die durch den Sprachf\u00f6deralismus verursacht wird, der von der Partikratie auf <a href=\"https:\/\/www.unionbelge.be\/?p=5421\">verfassungswidrige Weise<\/a> und ohne Referendum in unserem kleinen Land eingef\u00fchrt und entwickelt wurde. Das neue unitarische Belgien kann sehr wohl von einer Regierung und h\u00f6chstens 15 nationalen Superministern, einschlie\u00dflich des Premierministers, gef\u00fchrt werden. Die Belgier brauchen diese Armee von Obersten \u00fcberhaupt nicht, von denen einige noch unf\u00e4higer, teurer, nutzloser und sogar sch\u00e4dlicher sind als andere !<\/strong><\/p>\n\n\n\n<p>** = Der Minister sitzt in zwei Regierungen.<\/p>\n\n\n\n<p>*** = der Minister sitzt in drei Regierungen<\/p>\n\n\n\n<p><strong><span style=\"text-decoration: underline;\">1.&nbsp;&nbsp;&nbsp; F\u00f6deralregierung :<\/span><\/strong><\/p>\n\n\n\n<p><strong><span style=\"text-decoration: underline;\">a) Ministers : (15)<\/span><\/strong><\/p>\n\n\n\n<p>\u2013&nbsp;&nbsp;&nbsp;&nbsp;&nbsp;&nbsp; Premierminister: Alexander DE CROO (Open VLD)<\/p>\n\n\n\n<p>\u2013&nbsp;&nbsp;&nbsp;&nbsp;&nbsp;&nbsp; Minister f\u00fcr Wirtschaft und Arbeit: Pierre-Yves DERMAGNE (PS)<\/p>\n\n\n\n<p>\u2013&nbsp;&nbsp;&nbsp;&nbsp;&nbsp;&nbsp; Minister f\u00fcr Mittelstand, Selbst\u00e4ndige, Klein- und Mittelbetriebe, Landwirtschaft, Institutionelle Reformen und Demokratische Erneuerung: David CLARINVAL (MR)<\/p>\n\n\n\n<p>\u2013&nbsp;&nbsp;&nbsp;&nbsp;&nbsp;&nbsp; Minister f\u00fcr Mobilit\u00e4t: Georges GILKINET (Ecolo)<\/p>\n\n\n\n<p>\u2013&nbsp;&nbsp;&nbsp;&nbsp;&nbsp;&nbsp; Minister f\u00fcr Finanzen beauftragt mit der Koordinierung der Betrugsbek\u00e4mpfung: Vincent VAN PETEGHEM (CD&amp;V)<\/p>\n\n\n\n<p>\u2013&nbsp;&nbsp;&nbsp;&nbsp;&nbsp;&nbsp; Minister f\u00fcr Soziale Angelegenheiten und Volksgesundheit: Frank VANDENBROUCKE (Vooruit)<\/p>\n\n\n\n<p>\u2013&nbsp;&nbsp;&nbsp;&nbsp;&nbsp;&nbsp; Minister f\u00fcr \u00d6ffentlicher Dienst, \u00d6ffentliche Unternehmen, Telekommunikation und Post: Petra DE SUTTER (Groen)<\/p>\n\n\n\n<p>\u2013&nbsp;&nbsp;&nbsp;&nbsp;&nbsp;&nbsp; Minister f\u00fcr Justiz und die Nordsee: Paul VAN TIGCHELT (Open VLD)<\/p>\n\n\n\n<p>\u2013&nbsp;&nbsp;&nbsp;&nbsp;&nbsp;&nbsp; Minister f\u00fcr Pensionen und soziale Eingliederung: Karine LALIEUX (PS)<\/p>\n\n\n\n<p>\u2013&nbsp;&nbsp;&nbsp;&nbsp;&nbsp;&nbsp; Minister f\u00fcr Landesverteidigung: Ludivine DEDONDER (PS)<\/p>\n\n\n\n<p>\u2013&nbsp;&nbsp;&nbsp;&nbsp;&nbsp;&nbsp; Minister f\u00fcr Klima, Umwelt, nachhaltige Entwicklung und Green Deal: Zakia KHATTABI (Ecolo)<\/p>\n\n\n\n<p>\u2013&nbsp;&nbsp;&nbsp;&nbsp;&nbsp;&nbsp; Minister f\u00fcr Inneres, institutionelle Reformen und Demokratische Erneuerung: Annelies Verlinden (CD&amp;V)<\/p>\n\n\n\n<p>\u2013&nbsp;&nbsp;&nbsp;&nbsp;&nbsp;&nbsp; Minister f\u00fcr Entwicklungszusammenarbeit beauftragt mit den Gro\u00dfst\u00e4dten: Caroline GENNEZ (Vooruit)<\/p>\n\n\n\n<p>\u2013&nbsp;&nbsp;&nbsp;&nbsp;&nbsp;&nbsp; Minister f\u00fcr Energie: Tinne VAN DER STRAETEN (Groen)<\/p>\n\n\n\n<p>\u2013&nbsp;&nbsp;&nbsp;&nbsp;Minister f\u00fcr Ausw\u00e4rtige Angelegenheiten, Europ\u00e4ische Angelegenheiten, Au\u00dfenhandel und F\u00f6derale Kulturelle Institutionen: Hadja LAHBIB (Ecolo)<\/p>\n\n\n\n<p>b) <span style=\"text-decoration: underline;\"><strong><u>Staatssekret\u00e4ren<\/u>: (5)<\/strong><\/span><\/p>\n\n\n\n<p>\u2013&nbsp;&nbsp;&nbsp;&nbsp;&nbsp;&nbsp; Staatssekret\u00e4r f\u00fcr Wirtschaftsbelebung und strategische Investitionen<br>beauftragt mit Wissenschaftspolitik: Thomas DERMINE (PS)<\/p>\n\n\n\n<p>\u2013&nbsp;&nbsp;&nbsp;&nbsp;&nbsp;&nbsp; Staatssekret\u00e4r f\u00fcr Digitalisierung beauftragt mit administrativer Vereinfachung, Schutz des Privatlebens und Geb\u00e4uderegie: Mathieu MICHEL (MR)<\/p>\n\n\n\n<p>\u2013&nbsp;&nbsp;&nbsp;&nbsp;&nbsp;&nbsp; Staatssekret\u00e4r f\u00fcr Geschlechtergleichstellung, Chancengleichheit und Diversit\u00e4t: Sarah SCHILTZ (Ecolo)<\/p>\n\n\n\n<p>\u2013&nbsp; Staatssekret\u00e4r f\u00fcr Asyl und Migration beauftragt mit der Nationallotterie: Nicole DE MOOR (CD&amp;V)<\/p>\n\n\n\n<p>\u2013&nbsp; Staatssekret\u00e4r f\u00fcr Haushalt und Verbraucherschutz: Alexia BERTRAND (Open VLD)<\/p>\n\n\n\n<p><strong><span style=\"text-decoration: underline;\">2.&nbsp;&nbsp;&nbsp; Regierungen der Regionen :<\/span><\/strong><\/p>\n\n\n\n<p><strong><span style=\"text-decoration: underline;\">2.1.)&nbsp;&nbsp;&nbsp; \u201cfl\u00e4mische\u201d Regierung [zust\u00e4ndig f\u00fcr der Region und bez\u00fcglich die Kompetenzen der Gemeinschaft f\u00fcr die Gemeinschaft] : (9)<\/span><\/strong><\/p>\n\n\n\n<p>\u2013&nbsp;&nbsp;&nbsp;&nbsp;&nbsp;&nbsp; \u201cMinisterpr\u00e4sident\u201d und Minister f\u00fcr \u00c4u\u00dferes, Kultur und Digitalisierung: JAN JAMBON (N-VA)<\/p>\n\n\n\n<p>\u2013&nbsp;&nbsp;&nbsp;&nbsp;&nbsp;&nbsp; Ministerin f\u00fcr Wohlfahrt, Gesundheit, Familie und Armutsbek\u00e4mpfung: Hilde CREVITS (CD&amp;V)<\/p>\n\n\n\n<p>\u2013&nbsp;&nbsp;&nbsp;&nbsp;&nbsp;&nbsp;Minister f\u00fcr Inneres, Gesellschaft, Einb\u00fcrgerung und Chancengleichheit: Gwendolyn RUTTEN (Open VLD)<\/p>\n\n\n\n<p>\u2013&nbsp;&nbsp;&nbsp;&nbsp;&nbsp;&nbsp; Minister f\u00fcr Br\u00fcsseler Angelegenheiten, Jugend und Medien: Benjamin DALLE (CD&amp;V) * *<\/p>\n\n\n\n<p>\u2013&nbsp;&nbsp;&nbsp;&nbsp;&nbsp;&nbsp; Minister f\u00fcr Bildung, Sport, Tierwohl und die \u201cfl\u00e4mische<em>\u201d<\/em> Peripherie von Br\u00fcssel: Ben WEYTS (N-VA)<\/p>\n\n\n\n<p>\u2013&nbsp;&nbsp;&nbsp;&nbsp;&nbsp;&nbsp; Ministerin f\u00fcr Justiz, Umwelt, Raumordnung, Energie und Tourismus: Zuhal DEMIR (N-VA)<\/p>\n\n\n\n<p>\u2013&nbsp;&nbsp;&nbsp;&nbsp;&nbsp;&nbsp; Minister f\u00fcr Finanzen und Haushalt, Energie, Wohnen und Kulturerbe: Matthias DIEPENDAELE (N-VA)<\/p>\n\n\n\n<p>\u2013&nbsp;&nbsp;&nbsp;&nbsp;&nbsp;&nbsp; Ministerin f\u00fcr Mobilit\u00e4t und \u00f6ffentliche Arbeiten: Lydia PEETERS (Open VLD)<\/p>\n\n\n\n<p>\u2013&nbsp;&nbsp;&nbsp;&nbsp;&nbsp;&nbsp; Minister f\u00fcr Wirtschaft, innovation, Arbeit, Sozialwirtschaft und Landwirtschaft: Jo BROUNS (CD&amp;V)<\/p>\n\n\n\n<p><strong><span style=\"text-decoration: underline;\">2.2. )&nbsp;&nbsp; \u201cWallonische\u201d Regierung : (8)<\/span><\/strong><\/p>\n\n\n\n<p>\u2013&nbsp; &nbsp;&nbsp;&nbsp;&nbsp; \u201cMinisterpr\u00e4sident\u201d: Elio DI RUPO (PS)<\/p>\n\n\n\n<p>\u2013&nbsp;&nbsp;&nbsp;&nbsp;&nbsp;&nbsp; Minister f\u00fcr Wirtschaft, Au\u00dfenhandel, Forschung und Innovation, Digitales, Raumordnung, Landwirtschaft, l\u2019IFAPME und die Kompetenzzentren: Willy BORSUS (MR)<\/p>\n\n\n\n<p>\u2013&nbsp;&nbsp;&nbsp;&nbsp;&nbsp;&nbsp; Minister f\u00fcr Klima, Energie und Mobilit\u00e4t: Philippe HENRY (Ecolo)<\/p>\n\n\n\n<p>\u2013&nbsp;&nbsp;&nbsp;&nbsp;&nbsp;&nbsp; Ministerin f\u00fcr Arbeit, berufliche Weiterbildung, Gesundheit, Soziales, Chancengleichheit und Frauenrechte: Christie MORREALE (PS)<\/p>\n\n\n\n<p>\u2013&nbsp;&nbsp;&nbsp;&nbsp;&nbsp;&nbsp; Minister f\u00fcr Haushalt, Finanzen, Flugh\u00e4fen und Sportst\u00e4tten: Adrien DOLIMONT (MR)<\/p>\n\n\n\n<p>\u2013&nbsp;&nbsp;&nbsp;&nbsp;&nbsp;&nbsp; Minister f\u00fcr Wohnungen, kommunale Beh\u00f6rden und St\u00e4dtebau: Cristophe COLLIGNON (PS)<\/p>\n\n\n\n<p>\u2013&nbsp;&nbsp;&nbsp;&nbsp;&nbsp;&nbsp; Ministerin f\u00fcr den \u00f6ffentlichen Dienst, Informationstechnologie, Vereinfachung der Verwaltung, verantwortlich f\u00fcr Familienbeihilfen, Tourismus, Kulturerbe und Verkehrssicherheit: Val\u00e9rie DE BUE (MR)<\/p>\n\n\n\n<p>\u2013&nbsp;&nbsp;&nbsp;&nbsp;&nbsp;&nbsp; Ministerin f\u00fcr Umwelt, Natur, Forsten, den l\u00e4ndlichen Raum und das Tierwohl: C\u00e9line TELLIER (Ecolo)<\/p>\n\n\n\n<p><strong><span style=\"text-decoration: underline;\">2.3.)&nbsp;&nbsp;&nbsp; Region Br\u00fcssel-Hauptstadt :<\/span><\/strong><\/p>\n\n\n\n<p><strong><span style=\"text-decoration: underline;\">Regierung:<\/span><\/strong><\/p>\n\n\n\n<p><strong><span style=\"text-decoration: underline;\">a) Minister : (5)<\/span><\/strong><\/p>\n\n\n\n<p>\u2013&nbsp;&nbsp;&nbsp;&nbsp;&nbsp;&nbsp; \u201cMinisterpr\u00e4sident\u201d zust\u00e4ndig f\u00fcr Raumordnung, Stadterneuerung, Tourismus, Promotion von Br\u00fcssel und bikulturellen regionalen Interessen: Rudi VERVOORT (PS) * * *<\/p>\n\n\n\n<p>\u2013&nbsp;&nbsp;&nbsp;&nbsp;&nbsp;&nbsp; Ministerin f\u00fcr Mobilit\u00e4t, \u00f6ffentliche Arbeiten und Verkehrssicherheit: Elke VAN DEN BRANDT: (Groen) * * *<\/p>\n\n\n\n<p>\u2013&nbsp;&nbsp;&nbsp;&nbsp;&nbsp;&nbsp; Minister f\u00fcr Klimawandel, Umwelt, Energie und partizipative Demokratie: Alain MARON: (Ecolo) * * *<\/p>\n\n\n\n<p>\u2013&nbsp;&nbsp;&nbsp;&nbsp;&nbsp;&nbsp; Minister f\u00fcr Finanzen, Haushalt, dem \u00d6ffentlichen Dienst, F\u00f6rderung der Vielsprachigkeit und es Images von Br\u00fcssel: Sven GATZ (Open VLD) * *<\/p>\n\n\n\n<p>\u2013&nbsp;&nbsp;&nbsp;&nbsp;&nbsp;&nbsp; Minister f\u00fcr Besch\u00e4ftigung, berufliche Weiterbildung, Digitalisierung und lokale Beh\u00f6rden: Bernard CLERFAYT (D\u00e9fi) * * *<\/p>\n\n\n\n<p><strong><span style=\"text-decoration: underline;\">b) Staatssekret\u00e4re : (3)<\/span><\/strong><\/p>\n\n\n\n<p>\u2013&nbsp;&nbsp;&nbsp;&nbsp;&nbsp;&nbsp; Staatssekret\u00e4rin f\u00fcr Wohnungsbau und Chancengleichheit: Kansen Nawal BEN HAMOU (PS) &nbsp;* *<\/p>\n\n\n\n<p>\u2013&nbsp;&nbsp;&nbsp;&nbsp;&nbsp;&nbsp; Staatssekret\u00e4r f\u00fcr St\u00e4dtebau, Kulturerbe, europ\u00e4ische und internationale Beziehungen, Au\u00dfenhandel, Brandbek\u00e4mpfung und Notfallmedizin: Ans PERSOONS (Vooruit): * *<\/p>\n\n\n\n<p>\u2013&nbsp;&nbsp;&nbsp;&nbsp;&nbsp;&nbsp; Staatssekret\u00e4rin f\u00fcr den wirtschaftlichen Wandel und wissenschaftliche Forschung: Barbara TRACHTE (Ecolo) * *<\/p>\n\n\n\n<p><strong><u>3.&nbsp;&nbsp;&nbsp; <\/u><\/strong><strong><u>Regierungen der Gemeinschafte<\/u><\/strong><strong><u> :<\/u><\/strong><\/p>\n\n\n\n<p><strong><u>3.1.) <\/u><\/strong><strong><u>\u201cfl\u00e4mische\u201d<\/u><\/strong><strong><u> <\/u><\/strong><strong><u>Gemeinschaft<\/u><\/strong><strong><u>: <\/u><\/strong><em>siehe<\/em><em> <\/em><em>\u201cfl\u00e4mische\u201d<\/em><em> <\/em><em>Regierung<\/em><\/p>\n\n\n\n<p><strong><u>3.2.)&nbsp;&nbsp; <\/u><\/strong><strong><u>\u201cfranz\u00f6sische\u201d<\/u><\/strong><strong><u> <\/u><\/strong><strong><u>Gemeinschaftsregierung<\/u><\/strong><strong><u> : (<\/u><\/strong><strong><u>5<\/u><\/strong><strong><u>)<\/u><\/strong><\/p>\n\n\n\n<p>\u2013&nbsp;&nbsp;&nbsp;&nbsp;&nbsp;&nbsp; Ministerpr\u00e4sident und minister f\u00fcr Intra-Belgische Beziehungen, Bildung, &nbsp;Sozialer Aufstieg, Sport, Internationale und Europ\u00e4ische Beziehungen und <strong>Entwicklungszusammenarbei<\/strong><strong>t<\/strong>: Pierre-Yves JEHOLET (MR)<\/p>\n\n\n\n<p>\u2013&nbsp;&nbsp;&nbsp;&nbsp;&nbsp;&nbsp; Ministerin f\u00fcr Erziehung: Caroline DESIR (PS)<\/p>\n\n\n\n<p>\u2013&nbsp;&nbsp;&nbsp;&nbsp;&nbsp;&nbsp; Ministerpr\u00e4sidentin und Ministerin f\u00fcr Kinder, Gesundheit, Kultur, Medien und Frauenrechte: B\u00e9n\u00e9dicte LINARD (Ecolo)<\/p>\n\n\n\n<p>\u2013&nbsp;&nbsp;&nbsp;&nbsp;&nbsp;&nbsp; Ministerin f\u00fcr Hochschulbildung, Erwachsenenbildung, Universit\u00e4tskliniken, Jugendhilfe, Justizzentren, Jugend, Sport und die Promotion von Br\u00fcssel: Fran\u00e7oise BERTEIAUX (MR)<\/p>\n\n\n\n<p>\u2013&nbsp;&nbsp;&nbsp;&nbsp;&nbsp;&nbsp; Ministerpr\u00e4sident und Minister f\u00fcr Haushalt, den \u00d6ffentlichen Dienst und Gleichstellung: Frederic DAERDEN (PS)<\/p>\n\n\n\n<p><strong><u>3.3.)&nbsp;&nbsp;&nbsp; <\/u><\/strong>Regierung der Deutschsprachigen Gemeinschaft<strong>: (4)<\/strong><\/p>\n\n\n\n<p>\u2013&nbsp;&nbsp;&nbsp;&nbsp;&nbsp;&nbsp; \u201cMinisterpr\u00e4sident\u201d, Minister f\u00fcr lokale Beh\u00f6rden und Finanzen : Olivier PAASCH (ProDG)<\/p>\n\n\n\n<p>\u2013&nbsp;&nbsp;&nbsp;&nbsp;&nbsp;&nbsp; Ministerin f\u00fcr Kultur und Sport, Besch\u00e4ftigung und Medien: Minister Isabelle WEYKMANS (PFF)<\/p>\n\n\n\n<p>\u2013&nbsp;&nbsp;&nbsp;&nbsp;&nbsp;&nbsp; Minister f\u00fcr Gesundheit und Soziales, Raumordnung und Wohnungswesen: Minister Antonios ANTONIADIS (SP)<\/p>\n\n\n\n<p>\u2013&nbsp;&nbsp;&nbsp;&nbsp;&nbsp;&nbsp; Ministerin f\u00fcr Bildung, Forschung und Erziehung: Lydia KLINKENBERG (ProDG)<\/p>\n\n\n\n<p><strong><u>4.&nbsp;&nbsp;&nbsp; <\/u><\/strong><strong><u>Kollegien der Gemeinschafte<\/u><\/strong><strong><u> <\/u><\/strong><strong><u>In der Region Br\u00fcssel:<\/u><\/strong><\/p>\n\n\n\n<p><strong><span style=\"text-decoration: underline;\"><u>3.1.)&nbsp;&nbsp;&nbsp;&nbsp; <\/u>Kollegium der \u201cfl\u00e4mischen\u201d Gemeinschaftskommission: (4)<\/span><\/strong><\/p>\n\n\n\n<p>\u2013&nbsp;&nbsp;&nbsp;&nbsp;&nbsp;&nbsp; Vorsitzender, zust\u00e4ndig f\u00fcr Haushalt, Wohlergehen, Gesundheit, Familie und Stadtpolitik: Elke VAN DEN BRANDT (Groen) * * *<\/p>\n\n\n\n<p>\u2013&nbsp;&nbsp;&nbsp;&nbsp;&nbsp;&nbsp; Mitglieds des Kollegiums, zust\u00e4ndig f\u00fcr Bildung und den Bau von Schulen: Sven GATZ (Open VLD) * * *<\/p>\n\n\n\n<p>\u2013&nbsp;&nbsp;&nbsp;&nbsp;&nbsp;&nbsp; Mitglieds des Kollegiums,&nbsp; zust\u00e4ndig f\u00fcr Kultur, Jugend, Sport und Gemeindezentren: Ans PERSOONS (Vooruit) * *<\/p>\n\n\n\n<p>\u2013&nbsp;&nbsp;&nbsp;&nbsp;&nbsp;&nbsp; Minister der fl\u00e4mischen Regierung, zust\u00e4ndig f\u00fcr Br\u00fcssel: Benjamin DALLE (beratender Stimme). (CD&amp;V) * *<\/p>\n\n\n\n<p><span style=\"text-decoration: underline;\"><strong><u>3.2.)&nbsp;&nbsp;&nbsp;&nbsp; <\/u>Kollegium der franz\u00f6sischen Gemeinschaftskommission (5)<\/strong><\/span><\/p>\n\n\n\n<p>\u2013&nbsp;&nbsp;&nbsp;&nbsp;&nbsp;&nbsp; Vorsitzende, zust\u00e4ndig f\u00fcr Haushalt, den \u00d6ffentlichen Dienst und Familien: : Barbara TRACHTE (Ecolo) * *<\/p>\n\n\n\n<p>\u2013&nbsp;&nbsp;&nbsp;&nbsp;&nbsp;&nbsp; Mitglieds des Kollegiums, zust\u00e4ndig f\u00fcr den Bildung, Kinderkrippen, Kultur, Behinderte, studentische Angelegenheiten, Tourismus und Sch\u00fclertransport: Rudy VERVOORT (PS) * * *<\/p>\n\n\n\n<p>\u2013&nbsp;&nbsp;&nbsp;&nbsp;&nbsp;&nbsp; Mitglieds des Kollegiums, zust\u00e4ndig f\u00fcr berufliche Weiterbildung und internationale Beziehungen: Bernard CLERFAYT (D\u00e9fi) * * *<\/p>\n\n\n\n<p>\u2013&nbsp;&nbsp;&nbsp;&nbsp;&nbsp;&nbsp; Mitglieds des Kollegiums, zust\u00e4ndig f\u00fcr den Soziales und Gesundheit: Alain MARON (Ecolo) * * *<\/p>\n\n\n\n<p>\u2013&nbsp;&nbsp;&nbsp;&nbsp;&nbsp;&nbsp; Mitglieds des Kollegiums, zust\u00e4ndig f\u00fcr sozialer Zusammenhalt und Sport: Nawal BEN HAMOU (PS) * *<\/p>\n\n\n\n<p><span style=\"text-decoration: underline;\"><strong><u>3.3.)&nbsp;&nbsp;&nbsp;&nbsp; <\/u>Kollegium der gemeinsamen Gemeinschaftskommission (5)<\/strong><\/span><\/p>\n\n\n\n<p>\u2013&nbsp;&nbsp;&nbsp;&nbsp;&nbsp;&nbsp; Vorsitzender der gemeinsamen Gemeinschaftskommission (GGC), bevoegd voor de co\u00f6rdinatie van het beleid van het Verenigd College: Rudi VERVOORT (PS) * * *<\/p>\n\n\n\n<p>\u2013&nbsp;&nbsp;&nbsp;&nbsp;&nbsp;&nbsp; Mitglieds des Kollegiums, zust\u00e4ndig f\u00fcr Familienleistungen, Haushalt, den \u00d6ffentlichen Dienst und Au\u00dfenbeziehungen (zusammen mit met Minister Bernard CLERFAYT): Sven GATZ (Open VLD) * * *<\/p>\n\n\n\n<p>\u2013&nbsp;&nbsp;&nbsp;&nbsp;&nbsp;&nbsp; Mitglieds des Kollegiums, zust\u00e4ndig f\u00fcr Familienleistungen, Haushalt, den \u00d6ffentlichen Dienst und Au\u00dfenbeziehungen (zusammen mit met Minister Sven GATZ): Bernard CLERFAYT (D\u00e9fi) * * *<\/p>\n\n\n\n<p>\u2013&nbsp;&nbsp;&nbsp;&nbsp;&nbsp;&nbsp; Mitglieds des Kollegiums, zust\u00e4ndig f\u00fcr Soziales und Gesundheit (zusammen mit Minister Alain MARON): Elke VAN DEN BRANDT (Groen) * * *<\/p>\n\n\n\n<p>\u2013&nbsp;&nbsp;&nbsp;&nbsp;&nbsp;&nbsp; Mitglieds des Kollegiums, zust\u00e4ndig f\u00fcr Soziales und Gesundheit (zusammen mit Minister Elke VAN DEN BRANDT): Alain MARON (Ecolo) * **<\/p>\n","protected":false},"excerpt":{"rendered":"<p>De volledige lijst van de ministers en staatssecretarissen van het federale Belgi\u00eb &#8211; La liste compl\u00e8te des ministres et de secretaires d&#8217;Etat de la Belgique f\u00e9d\u00e9rale &#8211; Die vollst\u00e4ndige Liste der Minister und Staatssekret\u00e4re des f\u00f6deralen Belgiens<\/p>\n","protected":false},"author":2,"featured_media":14478,"comment_status":"closed","ping_status":"closed","sticky":false,"template":"","format":"standard","meta":{"ngg_post_thumbnail":0,"jetpack_post_was_ever_published":false,"_jetpack_newsletter_access":"","_jetpack_dont_email_post_to_subs":false,"_jetpack_newsletter_tier_id":0,"_jetpack_memberships_contains_paywalled_content":false,"powered_cache_disable_cache":false,"_jetpack_memberships_contains_paid_content":false,"footnotes":"","jetpack_publicize_message":"","jetpack_publicize_feature_enabled":true,"jetpack_social_post_already_shared":true,"jetpack_social_options":{"image_generator_settings":{"template":"highway","default_image_id":0,"font":"","enabled":false},"version":2}},"categories":[1,5],"tags":[],"class_list":["post-14477","post","type-post","status-publish","format-standard","has-post-thumbnail","hentry","category-news0","category-opinions"],"jetpack_publicize_connections":[],"jetpack_featured_media_url":"https:\/\/www.unionbelge.be\/wp-content\/uploads\/2024\/02\/FRA.jpg","jetpack_sharing_enabled":true,"jetpack_shortlink":"https:\/\/wp.me\/p6Y7u0-3Lv","jetpack_likes_enabled":false,"_links":{"self":[{"href":"https:\/\/www.unionbelge.be\/index.php?rest_route=\/wp\/v2\/posts\/14477","targetHints":{"allow":["GET"]}}],"collection":[{"href":"https:\/\/www.unionbelge.be\/index.php?rest_route=\/wp\/v2\/posts"}],"about":[{"href":"https:\/\/www.unionbelge.be\/index.php?rest_route=\/wp\/v2\/types\/post"}],"author":[{"embeddable":true,"href":"https:\/\/www.unionbelge.be\/index.php?rest_route=\/wp\/v2\/users\/2"}],"replies":[{"embeddable":true,"href":"https:\/\/www.unionbelge.be\/index.php?rest_route=%2Fwp%2Fv2%2Fcomments&post=14477"}],"version-history":[{"count":2,"href":"https:\/\/www.unionbelge.be\/index.php?rest_route=\/wp\/v2\/posts\/14477\/revisions"}],"predecessor-version":[{"id":14493,"href":"https:\/\/www.unionbelge.be\/index.php?rest_route=\/wp\/v2\/posts\/14477\/revisions\/14493"}],"wp:featuredmedia":[{"embeddable":true,"href":"https:\/\/www.unionbelge.be\/index.php?rest_route=\/wp\/v2\/media\/14478"}],"wp:attachment":[{"href":"https:\/\/www.unionbelge.be\/index.php?rest_route=%2Fwp%2Fv2%2Fmedia&parent=14477"}],"wp:term":[{"taxonomy":"category","embeddable":true,"href":"https:\/\/www.unionbelge.be\/index.php?rest_route=%2Fwp%2Fv2%2Fcategories&post=14477"},{"taxonomy":"post_tag","embeddable":true,"href":"https:\/\/www.unionbelge.be\/index.php?rest_route=%2Fwp%2Fv2%2Ftags&post=14477"}],"curies":[{"name":"wp","href":"https:\/\/api.w.org\/{rel}","templated":true}]}}